{"id":126745,"date":"2026-04-15T06:15:45","date_gmt":"2026-04-15T09:15:45","guid":{"rendered":"https:\/\/noticiasbahia360.com.br\/?p=126745"},"modified":"2026-04-15T06:15:45","modified_gmt":"2026-04-15T09:15:45","slug":"relator-da-parecer-favoravel-a-indicacao-de-messias-para-o-stf","status":"publish","type":"post","link":"https:\/\/noticiasbahia360.com.br\/?p=126745","title":{"rendered":"Relator d\u00e1 parecer favor\u00e1vel \u00e0 indica\u00e7\u00e3o de Messias para o STF"},"content":{"rendered":"<div>\n<div>\n<figure><img decoding=\"async\" src=\"http:\/\/noticiasbahia360.com.br\/wp-content\/uploads\/2026\/04\/Jorge-Messias.webp\" alt=\"STF Jorge Messias\"><figcaption>Jorge Messias | Foto: Jos\u00e9 Cruz\/Ag\u00eancia Brasil<\/figcaption><\/figure>\n<\/div>\n<p>Ag\u00eancia Brasil \u2013 <strong>O senador Weverton Rocha (PDT- MA)\u00a0apresentou nesta ter\u00e7a-feira (14) parecer favor\u00e1vel \u00e0 indica\u00e7\u00e3o do Advogado-geral da Uni\u00e3o (AGU), Jorge Messias, para ocupar uma vaga de ministro do Supremo Tribunal Federal (STF).\u00a0<\/strong><img decoding=\"async\" src=\"https:\/\/agenciabrasil.ebc.com.br\/ebc.png?id=1685995&amp;o=node\"><img decoding=\"async\" src=\"https:\/\/agenciabrasil.ebc.com.br\/ebc.gif?id=1685995&amp;o=node\"><\/p>\n<p>O parlamentar \u00e9 relator da mat\u00e9ria na Comiss\u00e3o de Constitui\u00e7\u00e3o de Justi\u00e7a (CCJ) do Senado, colegiado que ser\u00e1 respons\u00e1vel pela sabatina de Messias.\u00a0<strong>A sess\u00e3o est\u00e1 prevista para o dia 29 de abril.<\/strong><\/p>\n<p>No relat\u00f3rio enviado \u00e0 CCJ, o senador resume o hist\u00f3rico profissional do advogado-geral da Uni\u00e3o e submete a indica\u00e7\u00e3o \u00e0 vota\u00e7\u00e3o.<\/p>\n<blockquote class=\"wp-block-quote is-layout-flow wp-block-quote-is-layout-flow\">\n<p>\u201cComo Advogado-Geral da Uni\u00e3o, sua atua\u00e7\u00e3o se destaca pelo perfil conciliador e de di\u00e1logo com os diferentes setores. Sob sua lideran\u00e7a, a AGU posicionou a concilia\u00e7\u00e3o como uma pol\u00edtica de Estado, priorizando a seguran\u00e7a jur\u00eddica por meio da realiza\u00e7\u00e3o de acordos judiciais e extrajudiciais\u201d, afirmou o relator.<\/p>\n<\/blockquote>\n<p>No m\u00eas passado, o presidente Luiz In\u00e1cio Lula\u00a0da Silva enviou ao Senado a mensagem presidencial para confirmar a indica\u00e7\u00e3o de Jorge Messias\u00a0para a vaga decorrente da aposentadoria do ministro Lu\u00eds Roberto Barroso, que deixou o tribunal em outubro de 2025.\u00a0<\/p>\n<p><strong>Para tomar posse, Messias\u00a0precisa passar por uma sabatina na CCJ e dever\u00e1 ter o nome aprovado em vota\u00e7\u00e3o na comiss\u00e3o e no plen\u00e1rio da Casa.<\/strong><\/p>\n<h2 class=\"wp-block-heading\" id=\"h-perfil\">Perfil<\/h2>\n<p>Messias tem 46 anos e est\u00e1 no comando da AGU desde 1\u00b0 de janeiro de 2023, in\u00edcio do terceiro mandato de Lula.\u00a0<strong>Se aprovado pelo Senado, ele poder\u00e1 ficar no Supremo at\u00e9 completar 75 anos, idade para aposentadoria compuls\u00f3ria.\u00a0<\/strong><\/p>\n<p><strong>Nascido em Recife, o novo ministro \u00e9 procurador concursado da Fazenda Nacional desde 2007.\u00a0 Ele \u00e9 formado em direito pela Faculdade de Direito do Recife (UFPE) e possui os t\u00edtulos de mestre e doutor pela Universidade de Bras\u00edlia (UnB).\u00a0<\/strong><\/p>\n<p>Durante o governo da ex-presidente Dilma Rousseff, Messias\u00a0foi subchefe para Assuntos Jur\u00eddicos da Presid\u00eancia da Rep\u00fablica, setor respons\u00e1vel pelo assessoramento direto da presidente.\u00a0<\/p>\n<p><em>Siga o Acorda Cidade no<a href=\"https:\/\/news.google.com\/search?q=acorda%20cidade&amp;hl=pt-BR&amp;gl=BR&amp;ceid=BR%3Apt-419\" target=\"_blank\" rel=\"noreferrer noopener\">\u00a0Google Not\u00edcias<\/a>\u00a0e receba os principais destaques do dia.\u00a0Participe tamb\u00e9m dos nossos grupos no\u00a0<a href=\"https:\/\/chat.whatsapp.com\/DfZ444xJRPxBxk6kXW5zIZ\" target=\"_blank\" rel=\"noreferrer noopener\">WhatsApp<\/a>\u00a0e\u00a0<a href=\"https:\/\/t.me\/+sSz0khrgARA0ZmRh\" target=\"_blank\" rel=\"noreferrer noopener\">Telegram<\/a><\/em><\/p>\n<\/div>\n","protected":false},"excerpt":{"rendered":"<div>\n<div>\n<figure><img decoding=\"async\" src=\"https:\/\/uploads.acordacidade.com.br\/2026\/04\/Jorge-Messias.webp\" alt=\"STF Jorge Messias\"><figcaption>Jorge Messias | Foto: Jos\u00e9 Cruz\/Ag\u00eancia Brasil<\/figcaption><\/figure>\n<\/div>\n<p>No m\u00eas passado, o presidente Lula enviou ao Senado a mensagem presidencial para confirmar a indica\u00e7\u00e3o de Jorge Messias\u00a0para a vaga no STF.<\/p><\/div>\n","protected":false},"author":1,"featured_media":126746,"comment_status":"closed","ping_status":"closed","sticky":false,"template":"","format":"gallery","meta":{"footnotes":""},"categories":[8,9,6,57,56,10],"tags":[],"class_list":["post-126745","post","type-post","status-publish","format-gallery","has-post-thumbnail","hentry","category-bahia","category-brasil","category-feira-de-santana","category-mundo","category-policia","category-politica","post_format-post-format-gallery"],"featured_image_urls":{"full":["https:\/\/noticiasbahia360.com.br\/wp-content\/uploads\/2026\/04\/Jorge-Messias.webp",1200,718,false],"thumbnail":["https:\/\/noticiasbahia360.com.br\/wp-content\/uploads\/2026\/04\/Jorge-Messias-150x150.webp",150,150,true],"medium":["https:\/\/noticiasbahia360.com.br\/wp-content\/uploads\/2026\/04\/Jorge-Messias-300x180.webp",300,180,true],"medium_large":["https:\/\/noticiasbahia360.com.br\/wp-content\/uploads\/2026\/04\/Jorge-Messias-768x460.webp",640,383,true],"large":["https:\/\/noticiasbahia360.com.br\/wp-content\/uploads\/2026\/04\/Jorge-Messias-1024x613.webp",640,383,true],"1536x1536":["https:\/\/noticiasbahia360.com.br\/wp-content\/uploads\/2026\/04\/Jorge-Messias.webp",1200,718,false],"2048x2048":["https:\/\/noticiasbahia360.com.br\/wp-content\/uploads\/2026\/04\/Jorge-Messias.webp",1200,718,false],"chromenews-featured":["https:\/\/noticiasbahia360.com.br\/wp-content\/uploads\/2026\/04\/Jorge-Messias-1024x613.webp",1024,613,true],"chromenews-large":["https:\/\/noticiasbahia360.com.br\/wp-content\/uploads\/2026\/04\/Jorge-Messias-825x575.webp",825,575,true],"chromenews-medium":["https:\/\/noticiasbahia360.com.br\/wp-content\/uploads\/2026\/04\/Jorge-Messias-590x410.webp",590,410,true]},"author_info":{"display_name":"noticiasbahia360.com.br","author_link":"https:\/\/noticiasbahia360.com.br\/?author=1"},"category_info":"<a href=\"https:\/\/noticiasbahia360.com.br\/?cat=8\" rel=\"category\">Bahia<\/a> <a href=\"https:\/\/noticiasbahia360.com.br\/?cat=9\" rel=\"category\">Brasil<\/a> <a href=\"https:\/\/noticiasbahia360.com.br\/?cat=6\" rel=\"category\">Feira de Santana<\/a> <a href=\"https:\/\/noticiasbahia360.com.br\/?cat=57\" rel=\"category\">Mundo<\/a> <a href=\"https:\/\/noticiasbahia360.com.br\/?cat=56\" rel=\"category\">Pol\u00edcia<\/a> <a href=\"https:\/\/noticiasbahia360.com.br\/?cat=10\" rel=\"category\">Pol\u00edtica<\/a>","tag_info":"Pol\u00edtica","comment_count":"0","_links":{"self":[{"href":"https:\/\/noticiasbahia360.com.br\/index.php?rest_route=\/wp\/v2\/posts\/126745","targetHints":{"allow":["GET"]}}],"collection":[{"href":"https:\/\/noticiasbahia360.com.br\/index.php?rest_route=\/wp\/v2\/posts"}],"about":[{"href":"https:\/\/noticiasbahia360.com.br\/index.php?rest_route=\/wp\/v2\/types\/post"}],"author":[{"embeddable":true,"href":"https:\/\/noticiasbahia360.com.br\/index.php?rest_route=\/wp\/v2\/users\/1"}],"replies":[{"embeddable":true,"href":"https:\/\/noticiasbahia360.com.br\/index.php?rest_route=%2Fwp%2Fv2%2Fcomments&post=126745"}],"version-history":[{"count":0,"href":"https:\/\/noticiasbahia360.com.br\/index.php?rest_route=\/wp\/v2\/posts\/126745\/revisions"}],"wp:featuredmedia":[{"embeddable":true,"href":"https:\/\/noticiasbahia360.com.br\/index.php?rest_route=\/wp\/v2\/media\/126746"}],"wp:attachment":[{"href":"https:\/\/noticiasbahia360.com.br\/index.php?rest_route=%2Fwp%2Fv2%2Fmedia&parent=126745"}],"wp:term":[{"taxonomy":"category","embeddable":true,"href":"https:\/\/noticiasbahia360.com.br\/index.php?rest_route=%2Fwp%2Fv2%2Fcategories&post=126745"},{"taxonomy":"post_tag","embeddable":true,"href":"https:\/\/noticiasbahia360.com.br\/index.php?rest_route=%2Fwp%2Fv2%2Ftags&post=126745"}],"curies":[{"name":"wp","href":"https:\/\/api.w.org\/{rel}","templated":true}]}}