{"id":126747,"date":"2026-04-15T06:15:46","date_gmt":"2026-04-15T09:15:46","guid":{"rendered":"https:\/\/noticiasbahia360.com.br\/?p=126747"},"modified":"2026-04-15T06:15:46","modified_gmt":"2026-04-15T09:15:46","slug":"advogado-preve-demissoes-com-a-reforma-tributaria-setor-de-servicos-deve-ser-o-mais-prejudicado","status":"publish","type":"post","link":"https:\/\/noticiasbahia360.com.br\/?p=126747","title":{"rendered":"Advogado prev\u00ea demiss\u00f5es com a reforma tribut\u00e1ria; setor de servi\u00e7os deve ser o mais prejudicado"},"content":{"rendered":"<div>\n<div>\n<figure><img decoding=\"async\" src=\"http:\/\/noticiasbahia360.com.br\/wp-content\/uploads\/2026\/04\/WhatsApp-Image-2025-01-16-at-204630.jpg\" alt=\"Entenda as principais mudan\u00e7as da reforma tribut\u00e1ria\"><figcaption>Foto: T\u00e2nia R\u00eago\/Ag\u00eancia Brasil<br \/>\n<\/figcaption><\/figure>\n<\/div>\n<p>As reformas trabalhista e tribut\u00e1ria j\u00e1 aprovadas no Brasil trazem diferentes impactos para empresas e trabalhadores. A avalia\u00e7\u00e3o \u00e9 do advogado Ricardo Rielo Ferreira, da Federa\u00e7\u00e3o Brasileira de Hot\u00e9is e Restaurantes.<\/p>\n<p>Em entrevista ao Acorda Cidade, Ricardo informou que <strong>a reforma trabalhista trouxe mais seguran\u00e7a jur\u00eddica para ambas as partes, em contrapartida, a reforma tribut\u00e1ria deve aumentar a carga tribut\u00e1ria das empresas, for\u00e7ando o repasse ao mercado de consumo<\/strong>.<\/p>\n<figure class=\"wp-block-image size-full\"><img fetchpriority=\"high\" fetchpriority=\"high\" decoding=\"async\" width=\"1200\" height=\"900\" src=\"http:\/\/noticiasbahia360.com.br\/wp-content\/uploads\/2026\/04\/Ricardo-Rielo-Ferreira.jpg\" alt=\"Ricardo Rielo Ferreira\" class=\"wp-image-646808\" srcset=\"http:\/\/noticiasbahia360.com.br\/wp-content\/uploads\/2026\/04\/Ricardo-Rielo-Ferreira.jpg 1200w, https:\/\/uploads.acordacidade.com.br\/2026\/04\/Ricardo-Rielo-Ferreira-750x563.jpg 750w, https:\/\/uploads.acordacidade.com.br\/2026\/04\/Ricardo-Rielo-Ferreira-1000x750.jpg 1000w, https:\/\/uploads.acordacidade.com.br\/2026\/04\/Ricardo-Rielo-Ferreira-450x338.jpg 450w, https:\/\/uploads.acordacidade.com.br\/2026\/04\/Ricardo-Rielo-Ferreira-150x113.jpg 150w\" sizes=\"(max-width: 1200px) 100vw, 1200px\"><figcaption class=\"wp-element-caption\">Advogado Ricardo Rielo Ferreira | Foto: Ney Silva\/ Acorda Cidade<\/figcaption><\/figure>\n<p>Segundo ele, <strong>o risco de desemprego e aumento da informalidade existe se as empresas n\u00e3o se adaptarem, podendo ser um \u201ctiro no p\u00e9\u201d\u00a0 para o governo<\/strong>, que faz a reforma pensando no aumento das arrecada\u00e7\u00f5es.<\/p>\n<p>\u201cIsso pode fazer com que a informalidade aumente, com que o custo do servi\u00e7o e o custo dos produtos tamb\u00e9m sejam majorados e com isso voc\u00ea vai ter um corte nos postos de trabalho e uma diminui\u00e7\u00e3o da arrecada\u00e7\u00e3o fiscal, fazendo com que o governo d\u00ea um tiro no p\u00e9 na pr\u00e1tica.\u201d<\/p>\n<p>De acordo com Rielo, pessoas f\u00edsicas, MEIs e empresas no regime Simples Nacional n\u00e3o ser\u00e3o diretamente afetadas pela reforma tribut\u00e1ria, mas <strong>podem perder competitividade se n\u00e3o reavaliarem seus regimes fiscais.<\/strong><\/p>\n<p>\u201cA recomenda\u00e7\u00e3o \u00e9 que as empresas procurem seus contadores, fa\u00e7am as contas,\u00a0se vale a pena continuar no Simples Nacional ou migrar para um regime de lucro presumido para ver se vale a pena pagar os tributos com a atualiza\u00e7\u00e3o da reforma tribut\u00e1ria, mas em competi\u00e7\u00e3o melhor no mercado, porque quem est\u00e1 no Simples Nacional vai perder muito em competi\u00e7\u00e3o, n\u00e3o vai poder se creditar dos tributos\u201d.<\/p>\n<p><strong>Setores de servi\u00e7os, como hot\u00e9is, bares, restaurantes e eventos, podem ser os mais atingidos pelas demiss\u00f5es.<\/strong> \u201cIsso da\u00ed vai ser uma bomba no colo desse pessoal que exerce a atividade econ\u00f4mica sazonal, que depende muito do fluxo tur\u00edstico\u201d, afirmou Rielo ao Acorda Cidade.<\/p>\n<p><strong>O advogado explicou que a reforma trabalhista flexibilizou as normas de trabalho, mas a reforma tribut\u00e1ria aumentou o custo do Brasil.<\/strong><\/p>\n<p>\u201cAcho que s\u00f3 reduzir a carga tribut\u00e1ria de maneira linear n\u00e3o adianta. Tem que fazer um estudo caso a caso, de cada setor, saber onde \u00e9 que aperta mais, onde \u00e9 que afrouxa mais. Mas o principal: o governo tem que gastar menos, porque a arrecada\u00e7\u00e3o tem que ser cada vez maior para sustentar esse paquiderme hoje que virou o governo.\u201d<\/p>\n<p><em>Com informa\u00e7\u00f5es do rep\u00f3rter Ney Silva, do Acorda Cidade<\/em><\/p>\n<p><em>Siga o Acorda Cidade no\u00a0<\/em><a href=\"https:\/\/news.google.com\/search?q=acorda%20cidade&amp;hl=pt-BR&amp;gl=BR&amp;ceid=BR%3Apt-419\"><strong><em>Google Not\u00edcias<\/em><\/strong><\/a><em>\u00a0e receba os principais destaques do dia. Participe tamb\u00e9m dos nossos canais no\u00a0<\/em><a href=\"https:\/\/www.whatsapp.com\/channel\/0029Va6Rb4v3WHTNnsh8WI3N\"><strong><em>WhatsApp<\/em><\/strong><\/a><em>\u00a0e\u00a0<\/em><a href=\"https:\/\/www.youtube.com\/@acordacidadenoticias\/videos\"><strong>YouTube<\/strong><\/a><em>\u00a0e grupo de\u00a0<\/em><a href=\"https:\/\/t.me\/+sSz0khrgARA0ZmRh\"><strong><em>Telegram<\/em><\/strong><\/a><em>.<\/em><\/p>\n<\/div>\n","protected":false},"excerpt":{"rendered":"<div>\n<div>\n<figure><img decoding=\"async\" src=\"https:\/\/www.acordacidade.com.br\/wp-content\/uploads\/2025\/01\/WhatsApp-Image-2025-01-16-at-20.46.30.jpg\" alt=\"Entenda as principais mudan\u00e7as da reforma tribut\u00e1ria\"><figcaption>Foto: T\u00e2nia R\u00eago\/Ag\u00eancia Brasil<br \/>\n<\/figcaption><\/figure>\n<\/div>\n<p>Segundo Ricardo Rielo, o risco de desemprego e aumento da informalidade existe se as empresas n\u00e3o se adaptarem.<\/p><\/div>\n","protected":false},"author":1,"featured_media":126748,"comment_status":"closed","ping_status":"closed","sticky":false,"template":"","format":"gallery","meta":{"footnotes":""},"categories":[8,9,6,57,56,10],"tags":[],"class_list":["post-126747","post","type-post","status-publish","format-gallery","has-post-thumbnail","hentry","category-bahia","category-brasil","category-feira-de-santana","category-mundo","category-policia","category-politica","post_format-post-format-gallery"],"featured_image_urls":{"full":["https:\/\/noticiasbahia360.com.br\/wp-content\/uploads\/2026\/04\/WhatsApp-Image-2025-01-16-at-204630.jpg",640,383,false],"thumbnail":["https:\/\/noticiasbahia360.com.br\/wp-content\/uploads\/2026\/04\/WhatsApp-Image-2025-01-16-at-204630-150x150.jpg",150,150,true],"medium":["https:\/\/noticiasbahia360.com.br\/wp-content\/uploads\/2026\/04\/WhatsApp-Image-2025-01-16-at-204630-300x180.jpg",300,180,true],"medium_large":["https:\/\/noticiasbahia360.com.br\/wp-content\/uploads\/2026\/04\/WhatsApp-Image-2025-01-16-at-204630.jpg",640,383,false],"large":["https:\/\/noticiasbahia360.com.br\/wp-content\/uploads\/2026\/04\/WhatsApp-Image-2025-01-16-at-204630.jpg",640,383,false],"1536x1536":["https:\/\/noticiasbahia360.com.br\/wp-content\/uploads\/2026\/04\/WhatsApp-Image-2025-01-16-at-204630.jpg",640,383,false],"2048x2048":["https:\/\/noticiasbahia360.com.br\/wp-content\/uploads\/2026\/04\/WhatsApp-Image-2025-01-16-at-204630.jpg",640,383,false],"chromenews-featured":["https:\/\/noticiasbahia360.com.br\/wp-content\/uploads\/2026\/04\/WhatsApp-Image-2025-01-16-at-204630.jpg",640,383,false],"chromenews-large":["https:\/\/noticiasbahia360.com.br\/wp-content\/uploads\/2026\/04\/WhatsApp-Image-2025-01-16-at-204630.jpg",640,383,false],"chromenews-medium":["https:\/\/noticiasbahia360.com.br\/wp-content\/uploads\/2026\/04\/WhatsApp-Image-2025-01-16-at-204630-590x383.jpg",590,383,true]},"author_info":{"display_name":"noticiasbahia360.com.br","author_link":"https:\/\/noticiasbahia360.com.br\/?author=1"},"category_info":"<a href=\"https:\/\/noticiasbahia360.com.br\/?cat=8\" rel=\"category\">Bahia<\/a> <a href=\"https:\/\/noticiasbahia360.com.br\/?cat=9\" rel=\"category\">Brasil<\/a> <a href=\"https:\/\/noticiasbahia360.com.br\/?cat=6\" rel=\"category\">Feira de Santana<\/a> <a href=\"https:\/\/noticiasbahia360.com.br\/?cat=57\" rel=\"category\">Mundo<\/a> <a href=\"https:\/\/noticiasbahia360.com.br\/?cat=56\" rel=\"category\">Pol\u00edcia<\/a> <a href=\"https:\/\/noticiasbahia360.com.br\/?cat=10\" rel=\"category\">Pol\u00edtica<\/a>","tag_info":"Pol\u00edtica","comment_count":"0","_links":{"self":[{"href":"https:\/\/noticiasbahia360.com.br\/index.php?rest_route=\/wp\/v2\/posts\/126747","targetHints":{"allow":["GET"]}}],"collection":[{"href":"https:\/\/noticiasbahia360.com.br\/index.php?rest_route=\/wp\/v2\/posts"}],"about":[{"href":"https:\/\/noticiasbahia360.com.br\/index.php?rest_route=\/wp\/v2\/types\/post"}],"author":[{"embeddable":true,"href":"https:\/\/noticiasbahia360.com.br\/index.php?rest_route=\/wp\/v2\/users\/1"}],"replies":[{"embeddable":true,"href":"https:\/\/noticiasbahia360.com.br\/index.php?rest_route=%2Fwp%2Fv2%2Fcomments&post=126747"}],"version-history":[{"count":0,"href":"https:\/\/noticiasbahia360.com.br\/index.php?rest_route=\/wp\/v2\/posts\/126747\/revisions"}],"wp:featuredmedia":[{"embeddable":true,"href":"https:\/\/noticiasbahia360.com.br\/index.php?rest_route=\/wp\/v2\/media\/126748"}],"wp:attachment":[{"href":"https:\/\/noticiasbahia360.com.br\/index.php?rest_route=%2Fwp%2Fv2%2Fmedia&parent=126747"}],"wp:term":[{"taxonomy":"category","embeddable":true,"href":"https:\/\/noticiasbahia360.com.br\/index.php?rest_route=%2Fwp%2Fv2%2Fcategories&post=126747"},{"taxonomy":"post_tag","embeddable":true,"href":"https:\/\/noticiasbahia360.com.br\/index.php?rest_route=%2Fwp%2Fv2%2Ftags&post=126747"}],"curies":[{"name":"wp","href":"https:\/\/api.w.org\/{rel}","templated":true}]}}