{"id":126754,"date":"2026-04-15T06:35:27","date_gmt":"2026-04-15T09:35:27","guid":{"rendered":"https:\/\/noticiasbahia360.com.br\/?p=126754"},"modified":"2026-04-15T06:35:27","modified_gmt":"2026-04-15T09:35:27","slug":"mandante-e-assassino-de-mae-bernadete-sao-condenados-a-ate-mais-de-40-anos-de-prisao","status":"publish","type":"post","link":"https:\/\/noticiasbahia360.com.br\/?p=126754","title":{"rendered":"Mandante e assassino de M\u00e3e Bernadete s\u00e3o condenados a at\u00e9 mais de 40 anos de pris\u00e3o"},"content":{"rendered":"<div>\n<div>\n<figure><img decoding=\"async\" src=\"http:\/\/noticiasbahia360.com.br\/wp-content\/uploads\/2026\/04\/mae-bernadete-pacifico-lider-quilombola-ft-Conaq-1.jpg\" alt=\"M\u00e3e Bernardete\"><figcaption>Foto: Conaq<\/figcaption><\/figure>\n<\/div>\n<p>O Tribunal do J\u00fari, no F\u00f3rum Ruy Barbosa, em Salvador condenou dois homens pelo assassinato da ialorix\u00e1 e l\u00edder quilombola Maria Bernadete Pac\u00edfico Moreira, conhecida como \u201cM\u00e3e Bernadete\u201d. <\/p>\n<p>A decis\u00e3o da ter\u00e7a-feira (14) determinou a pena de 40 anos, 5 meses e 22 dias de pris\u00e3o ao executor do crime, Arielson da Concei\u00e7\u00e3o Santos, e 9 anos e 9 meses de pris\u00e3o ao mandante, Mar\u00edlio dos Santos.<\/p>\n<p>Eles foram condenados pelo homic\u00eddio qualificado, cometido por motivo torpe, com emprego de meio cruel, mediante recurso que impossibilitou a defesa da v\u00edtima e com uso de arma de uso restrito. A acusa\u00e7\u00e3o foi sustentada no j\u00fari pelos promotores de Justi\u00e7a Raimundo Moinhos e Felipe Pazzola.<\/p>\n<p>Na senten\u00e7a, a ju\u00edza Gelzi Maria Almeida Souza Matos manteve a pris\u00e3o preventiva de Arielson. J\u00e1 em rela\u00e7\u00e3o a Mar\u00edlio, foi expedido mandado de pris\u00e3o, que segue pendente de cumprimento. Durante o julgamento, a atua\u00e7\u00e3o do Minist\u00e9rio P\u00fablico destacou a articula\u00e7\u00e3o criminosa e a motiva\u00e7\u00e3o do assassinato, vinculada \u00e0 atua\u00e7\u00e3o de M\u00e3e Bernadete contra a expans\u00e3o do tr\u00e1fico de drogas no Quilombo Pitanga dos Palmares, localizado no munic\u00edpio de Sim\u00f5es Filho, na Regi\u00e3o Metropolitana de Salvador (RMS).<\/p>\n<p>Para o filho de M\u00e3e Bernardete, Jurandir Pacifico, \u2018foram dois dias cansativos, mas o que fica e a sensa\u00e7\u00e3o da justi\u00e7a sendo feita. Foi doloroso, um crime t\u00e3o brutal que abalou n\u00e3o s\u00f3 a Bahia, mas o Brasil e o mundo. A defesa, como sempre, tentando defender o indefens\u00e1vel. Mas a gente tem que ter discernimento para ouvir e n\u00e3o absorver tudo isso. No final deu tudo certo. Se fez justi\u00e7a\u2019, destacou.<\/p>\n<p>M\u00e3e Bernardete foi executada no dia 17 de agosto de 2023, dentro de sua resid\u00eancia, na sede da associa\u00e7\u00e3o quilombola. Segundo as investiga\u00e7\u00f5es da \u2018Opera\u00e7\u00e3o Pacific\u2019, realizadas pela Pol\u00edcia Civil com apoio do Gaeco e da 7\u00aa Promotoria de Justi\u00e7a de Sim\u00f5es Filho, a l\u00edder religiosa foi alvejada com 25 tiros de arma de fogo em v\u00e1rias partes do corpo, dentro da pr\u00f3pria casa, onde estavam tr\u00eas netos dela, de 12, 13 e 18 anos.<\/p>\n<p>Ela foi executada por se posicionar de maneira firme contra a expans\u00e3o do tr\u00e1fico no Quilombo e pela retirada da barraca de propriedade de Mar\u00edlio dos Santos, conhecido como \u201cMaquinista\u201d, que era usada para com\u00e9rcio de drogas.<\/p>\n<p>As investiga\u00e7\u00f5es apontaram que o crime foi motivado pela oposi\u00e7\u00e3o firme da v\u00edtima \u00e0s atividades il\u00edcitas na comunidade, especialmente \u00e0 instala\u00e7\u00e3o de pontos de venda de drogas e ocupa\u00e7\u00e3o irregular de \u00e1reas, o que gerou conflitos com integrantes de organiza\u00e7\u00e3o criminosa atuante na regi\u00e3o.<\/p>\n<p><em>Fonte: <a href=\"https:\/\/www.bahianoticias.com.br\/justica\/noticia\/74427-mandante-e-assassino-de-mae-bernadete-sao-condenados-a-ate-mais-de-40-anos-de-prisao\">Bahia Not\u00edcias<\/a>, parceiro do Acorda Cidade<\/em> <\/p>\n<p><em>Siga o Acorda Cidade no<a href=\"https:\/\/news.google.com\/search?q=acorda%20cidade&amp;hl=pt-BR&amp;gl=BR&amp;ceid=BR%3Apt-419\" target=\"_blank\" rel=\"noreferrer noopener\">\u00a0Google Not\u00edcias<\/a>\u00a0e receba os principais destaques do dia.\u00a0Participe tamb\u00e9m dos nossos grupos no\u00a0<a href=\"https:\/\/chat.whatsapp.com\/DfZ444xJRPxBxk6kXW5zIZ\" target=\"_blank\" rel=\"noreferrer noopener\">WhatsApp<\/a>\u00a0e\u00a0<a href=\"https:\/\/t.me\/+sSz0khrgARA0ZmRh\" target=\"_blank\" rel=\"noreferrer noopener\">Telegram<\/a><\/em><\/p>\n<\/div>\n","protected":false},"excerpt":{"rendered":"<div>\n<div>\n<figure><img decoding=\"async\" src=\"https:\/\/www.acordacidade.com.br\/wp-content\/uploads\/2023\/08\/19165930\/mae-bernadete-pacifico-lider-quilombola-ft-Conaq.jpg\" alt=\"M\u00e3e Bernardete\"><figcaption>Foto: Conaq<\/figcaption><\/figure>\n<\/div>\n<p>A decis\u00e3o determinou a pena de 40 anos, 5 meses e 22 dias de pris\u00e3o ao executor e 9 anos e 9 meses de pris\u00e3o ao mandante.<\/p><\/div>\n","protected":false},"author":1,"featured_media":126755,"comment_status":"closed","ping_status":"closed","sticky":false,"template":"","format":"gallery","meta":{"footnotes":""},"categories":[8,9,6,57,56,10],"tags":[],"class_list":["post-126754","post","type-post","status-publish","format-gallery","has-post-thumbnail","hentry","category-bahia","category-brasil","category-feira-de-santana","category-mundo","category-policia","category-politica","post_format-post-format-gallery"],"featured_image_urls":{"full":["https:\/\/noticiasbahia360.com.br\/wp-content\/uploads\/2026\/04\/mae-bernadete-pacifico-lider-quilombola-ft-Conaq-1.jpg",640,400,false],"thumbnail":["https:\/\/noticiasbahia360.com.br\/wp-content\/uploads\/2026\/04\/mae-bernadete-pacifico-lider-quilombola-ft-Conaq-1-150x150.jpg",150,150,true],"medium":["https:\/\/noticiasbahia360.com.br\/wp-content\/uploads\/2026\/04\/mae-bernadete-pacifico-lider-quilombola-ft-Conaq-1-300x188.jpg",300,188,true],"medium_large":["https:\/\/noticiasbahia360.com.br\/wp-content\/uploads\/2026\/04\/mae-bernadete-pacifico-lider-quilombola-ft-Conaq-1.jpg",640,400,false],"large":["https:\/\/noticiasbahia360.com.br\/wp-content\/uploads\/2026\/04\/mae-bernadete-pacifico-lider-quilombola-ft-Conaq-1.jpg",640,400,false],"1536x1536":["https:\/\/noticiasbahia360.com.br\/wp-content\/uploads\/2026\/04\/mae-bernadete-pacifico-lider-quilombola-ft-Conaq-1.jpg",640,400,false],"2048x2048":["https:\/\/noticiasbahia360.com.br\/wp-content\/uploads\/2026\/04\/mae-bernadete-pacifico-lider-quilombola-ft-Conaq-1.jpg",640,400,false],"chromenews-featured":["https:\/\/noticiasbahia360.com.br\/wp-content\/uploads\/2026\/04\/mae-bernadete-pacifico-lider-quilombola-ft-Conaq-1.jpg",640,400,false],"chromenews-large":["https:\/\/noticiasbahia360.com.br\/wp-content\/uploads\/2026\/04\/mae-bernadete-pacifico-lider-quilombola-ft-Conaq-1.jpg",640,400,false],"chromenews-medium":["https:\/\/noticiasbahia360.com.br\/wp-content\/uploads\/2026\/04\/mae-bernadete-pacifico-lider-quilombola-ft-Conaq-1-590x400.jpg",590,400,true]},"author_info":{"display_name":"noticiasbahia360.com.br","author_link":"https:\/\/noticiasbahia360.com.br\/?author=1"},"category_info":"<a href=\"https:\/\/noticiasbahia360.com.br\/?cat=8\" rel=\"category\">Bahia<\/a> <a href=\"https:\/\/noticiasbahia360.com.br\/?cat=9\" rel=\"category\">Brasil<\/a> <a href=\"https:\/\/noticiasbahia360.com.br\/?cat=6\" rel=\"category\">Feira de Santana<\/a> <a href=\"https:\/\/noticiasbahia360.com.br\/?cat=57\" rel=\"category\">Mundo<\/a> <a href=\"https:\/\/noticiasbahia360.com.br\/?cat=56\" rel=\"category\">Pol\u00edcia<\/a> <a href=\"https:\/\/noticiasbahia360.com.br\/?cat=10\" rel=\"category\">Pol\u00edtica<\/a>","tag_info":"Pol\u00edtica","comment_count":"0","_links":{"self":[{"href":"https:\/\/noticiasbahia360.com.br\/index.php?rest_route=\/wp\/v2\/posts\/126754","targetHints":{"allow":["GET"]}}],"collection":[{"href":"https:\/\/noticiasbahia360.com.br\/index.php?rest_route=\/wp\/v2\/posts"}],"about":[{"href":"https:\/\/noticiasbahia360.com.br\/index.php?rest_route=\/wp\/v2\/types\/post"}],"author":[{"embeddable":true,"href":"https:\/\/noticiasbahia360.com.br\/index.php?rest_route=\/wp\/v2\/users\/1"}],"replies":[{"embeddable":true,"href":"https:\/\/noticiasbahia360.com.br\/index.php?rest_route=%2Fwp%2Fv2%2Fcomments&post=126754"}],"version-history":[{"count":0,"href":"https:\/\/noticiasbahia360.com.br\/index.php?rest_route=\/wp\/v2\/posts\/126754\/revisions"}],"wp:featuredmedia":[{"embeddable":true,"href":"https:\/\/noticiasbahia360.com.br\/index.php?rest_route=\/wp\/v2\/media\/126755"}],"wp:attachment":[{"href":"https:\/\/noticiasbahia360.com.br\/index.php?rest_route=%2Fwp%2Fv2%2Fmedia&parent=126754"}],"wp:term":[{"taxonomy":"category","embeddable":true,"href":"https:\/\/noticiasbahia360.com.br\/index.php?rest_route=%2Fwp%2Fv2%2Fcategories&post=126754"},{"taxonomy":"post_tag","embeddable":true,"href":"https:\/\/noticiasbahia360.com.br\/index.php?rest_route=%2Fwp%2Fv2%2Ftags&post=126754"}],"curies":[{"name":"wp","href":"https:\/\/api.w.org\/{rel}","templated":true}]}}