{"id":126756,"date":"2026-04-15T06:45:20","date_gmt":"2026-04-15T09:45:20","guid":{"rendered":"https:\/\/noticiasbahia360.com.br\/?p=126756"},"modified":"2026-04-15T06:45:20","modified_gmt":"2026-04-15T09:45:20","slug":"ron-do-povo-assume-presidencia-do-pp-em-feira-de-santana","status":"publish","type":"post","link":"https:\/\/noticiasbahia360.com.br\/?p=126756","title":{"rendered":"Ron do Povo assume presid\u00eancia do PP em Feira de Santana"},"content":{"rendered":"<div>\n<div>\n<figure><img decoding=\"async\" src=\"http:\/\/noticiasbahia360.com.br\/wp-content\/uploads\/2026\/04\/vereador-ron-do-povo-foto-paulo-Jose-Acorda-Cidade.png\" alt=\"Ron do Povo\"><figcaption>Foto: Paulo Jos\u00e9 \/ Acorda Cidade <\/figcaption><\/figure>\n<\/div>\n<p>A nomea\u00e7\u00e3o do vereador Ron do Povo (PP) como novo presidente do Partido Progressista em Feira de Santana repercutiu positivamente na C\u00e2mara, na sess\u00e3o ordin\u00e1ria desta ter\u00e7a-feira (14). A posse foi assinada na \u00faltima sexta-feira (10), na capital baiana. O vereador assume a presid\u00eancia no lugar do empres\u00e1rio Yuri Guimar\u00e3es. O partido elegeu quatro vereadores na elei\u00e7\u00e3o de 2024: Eremita Mota, Luiz da Feira, Ron do Povo e Pastor Valdemir.<\/p>\n<p>A indica\u00e7\u00e3o e posse de Ron foram vistas com bons olhos por colegas de partido. O vereador Pastor Valdemir afirmou que a decis\u00e3o o deixou muito honrado, que a coragem do colega o levar\u00e1 longe e desejou \u201csucesso na nova caminhada\u201d. Eremita Mota pontuou que a mudan\u00e7a gerou \u201cmuitas especula\u00e7\u00f5es\u201d e a tratou como normal. \u201cNa pol\u00edtica, h\u00e1 sempre essa dan\u00e7a das cadeiras e todos ter\u00e3o oportunidade; chegou a de Ron, e ele tem capacidade para o cargo. Parab\u00e9ns\u201d, congratulou.<\/p>\n<p>Ron do Povo agradeceu as palavras dos colegas e, ap\u00f3s uma retrospectiva da sua vida pol\u00edtica, garantiu que o cargo ser\u00e1 desempenhado com di\u00e1logo, organiza\u00e7\u00e3o e equil\u00edbrio. \u201cConduzirei com responsabilidade e harmonia a dire\u00e7\u00e3o do partido e continuarei exercendo uma vida p\u00fablica, contribuindo com a melhoria das pessoas\u201d, afirmou.<\/p>\n<p><em>Fonte: C\u00e2mara de Vereadores de Feira de Santana <\/em><\/p>\n<p><em>Siga o Acorda Cidade no<a href=\"https:\/\/news.google.com\/search?q=acorda%20cidade&amp;hl=pt-BR&amp;gl=BR&amp;ceid=BR%3Apt-419\" target=\"_blank\" rel=\"noreferrer noopener\">\u00a0Google Not\u00edcias<\/a>\u00a0e receba os principais destaques do dia.\u00a0Participe tamb\u00e9m dos nossos grupos no\u00a0<a href=\"https:\/\/chat.whatsapp.com\/DfZ444xJRPxBxk6kXW5zIZ\" target=\"_blank\" rel=\"noreferrer noopener\">WhatsApp<\/a>\u00a0e\u00a0<a href=\"https:\/\/t.me\/+sSz0khrgARA0ZmRh\" target=\"_blank\" rel=\"noreferrer noopener\">Telegram<\/a><\/em><\/p>\n<\/div>\n","protected":false},"excerpt":{"rendered":"<div>\n<div>\n<figure><img decoding=\"async\" src=\"https:\/\/www.acordacidade.com.br\/wp-content\/uploads\/2026\/03\/vereador-ron-do-povo-foto-paulo-Jose-Acorda-Cidade.png\" alt=\"Ron do Povo\"><figcaption>Foto: Paulo Jos\u00e9 \/ Acorda Cidade <\/figcaption><\/figure>\n<\/div>\n<p>Ap\u00f3s uma retrospectiva da pr\u00f3pria vida pol\u00edtica, o vereador garantiu que o cargo ser\u00e1 desempenhado com di\u00e1logo.<\/p><\/div>\n","protected":false},"author":1,"featured_media":126757,"comment_status":"closed","ping_status":"closed","sticky":false,"template":"","format":"gallery","meta":{"footnotes":""},"categories":[8,9,6,57,56,10],"tags":[],"class_list":["post-126756","post","type-post","status-publish","format-gallery","has-post-thumbnail","hentry","category-bahia","category-brasil","category-feira-de-santana","category-mundo","category-policia","category-politica","post_format-post-format-gallery"],"featured_image_urls":{"full":["https:\/\/noticiasbahia360.com.br\/wp-content\/uploads\/2026\/04\/vereador-ron-do-povo-foto-paulo-Jose-Acorda-Cidade.png",1200,547,false],"thumbnail":["https:\/\/noticiasbahia360.com.br\/wp-content\/uploads\/2026\/04\/vereador-ron-do-povo-foto-paulo-Jose-Acorda-Cidade-150x150.png",150,150,true],"medium":["https:\/\/noticiasbahia360.com.br\/wp-content\/uploads\/2026\/04\/vereador-ron-do-povo-foto-paulo-Jose-Acorda-Cidade-300x137.png",300,137,true],"medium_large":["https:\/\/noticiasbahia360.com.br\/wp-content\/uploads\/2026\/04\/vereador-ron-do-povo-foto-paulo-Jose-Acorda-Cidade-768x350.png",640,292,true],"large":["https:\/\/noticiasbahia360.com.br\/wp-content\/uploads\/2026\/04\/vereador-ron-do-povo-foto-paulo-Jose-Acorda-Cidade-1024x467.png",640,292,true],"1536x1536":["https:\/\/noticiasbahia360.com.br\/wp-content\/uploads\/2026\/04\/vereador-ron-do-povo-foto-paulo-Jose-Acorda-Cidade.png",1200,547,false],"2048x2048":["https:\/\/noticiasbahia360.com.br\/wp-content\/uploads\/2026\/04\/vereador-ron-do-povo-foto-paulo-Jose-Acorda-Cidade.png",1200,547,false],"chromenews-featured":["https:\/\/noticiasbahia360.com.br\/wp-content\/uploads\/2026\/04\/vereador-ron-do-povo-foto-paulo-Jose-Acorda-Cidade-1024x467.png",1024,467,true],"chromenews-large":["https:\/\/noticiasbahia360.com.br\/wp-content\/uploads\/2026\/04\/vereador-ron-do-povo-foto-paulo-Jose-Acorda-Cidade-825x547.png",825,547,true],"chromenews-medium":["https:\/\/noticiasbahia360.com.br\/wp-content\/uploads\/2026\/04\/vereador-ron-do-povo-foto-paulo-Jose-Acorda-Cidade-590x410.png",590,410,true]},"author_info":{"display_name":"noticiasbahia360.com.br","author_link":"https:\/\/noticiasbahia360.com.br\/?author=1"},"category_info":"<a href=\"https:\/\/noticiasbahia360.com.br\/?cat=8\" rel=\"category\">Bahia<\/a> <a href=\"https:\/\/noticiasbahia360.com.br\/?cat=9\" rel=\"category\">Brasil<\/a> <a href=\"https:\/\/noticiasbahia360.com.br\/?cat=6\" rel=\"category\">Feira de Santana<\/a> <a href=\"https:\/\/noticiasbahia360.com.br\/?cat=57\" rel=\"category\">Mundo<\/a> <a href=\"https:\/\/noticiasbahia360.com.br\/?cat=56\" rel=\"category\">Pol\u00edcia<\/a> <a href=\"https:\/\/noticiasbahia360.com.br\/?cat=10\" rel=\"category\">Pol\u00edtica<\/a>","tag_info":"Pol\u00edtica","comment_count":"0","_links":{"self":[{"href":"https:\/\/noticiasbahia360.com.br\/index.php?rest_route=\/wp\/v2\/posts\/126756","targetHints":{"allow":["GET"]}}],"collection":[{"href":"https:\/\/noticiasbahia360.com.br\/index.php?rest_route=\/wp\/v2\/posts"}],"about":[{"href":"https:\/\/noticiasbahia360.com.br\/index.php?rest_route=\/wp\/v2\/types\/post"}],"author":[{"embeddable":true,"href":"https:\/\/noticiasbahia360.com.br\/index.php?rest_route=\/wp\/v2\/users\/1"}],"replies":[{"embeddable":true,"href":"https:\/\/noticiasbahia360.com.br\/index.php?rest_route=%2Fwp%2Fv2%2Fcomments&post=126756"}],"version-history":[{"count":0,"href":"https:\/\/noticiasbahia360.com.br\/index.php?rest_route=\/wp\/v2\/posts\/126756\/revisions"}],"wp:featuredmedia":[{"embeddable":true,"href":"https:\/\/noticiasbahia360.com.br\/index.php?rest_route=\/wp\/v2\/media\/126757"}],"wp:attachment":[{"href":"https:\/\/noticiasbahia360.com.br\/index.php?rest_route=%2Fwp%2Fv2%2Fmedia&parent=126756"}],"wp:term":[{"taxonomy":"category","embeddable":true,"href":"https:\/\/noticiasbahia360.com.br\/index.php?rest_route=%2Fwp%2Fv2%2Fcategories&post=126756"},{"taxonomy":"post_tag","embeddable":true,"href":"https:\/\/noticiasbahia360.com.br\/index.php?rest_route=%2Fwp%2Fv2%2Ftags&post=126756"}],"curies":[{"name":"wp","href":"https:\/\/api.w.org\/{rel}","templated":true}]}} 