{"id":126758,"date":"2026-04-15T07:50:25","date_gmt":"2026-04-15T10:50:25","guid":{"rendered":"https:\/\/noticiasbahia360.com.br\/?p=126758"},"modified":"2026-04-15T07:50:25","modified_gmt":"2026-04-15T10:50:25","slug":"eleitorado-com-mais-de-60-anos-cresce-cinco-vezes-mais-que-o-geral-em-16-anos","status":"publish","type":"post","link":"https:\/\/noticiasbahia360.com.br\/?p=126758","title":{"rendered":"Eleitorado com mais de 60 anos cresce cinco vezes mais que o geral em 16 anos"},"content":{"rendered":"<div>\n<div>\n<figure><img decoding=\"async\" src=\"http:\/\/noticiasbahia360.com.br\/wp-content\/uploads\/2026\/04\/SAC-promove-atendimento-especial-para-idosos-neste-sabado-.jpg\" alt=\"SAC promove atendimento especial para idosos neste s\u00e1bado (11)\"><figcaption>Foto: Divulga\u00e7\u00e3o<\/figcaption><\/figure>\n<\/div>\n<figure class=\"wp-block-image size-full\"><img fetchpriority=\"high\" fetchpriority=\"high\" decoding=\"async\" width=\"1200\" height=\"698\" src=\"http:\/\/noticiasbahia360.com.br\/wp-content\/uploads\/2026\/04\/grafico-foto-divulgacao-.png\" alt=\"eleitorado \" class=\"wp-image-646946\" srcset=\"http:\/\/noticiasbahia360.com.br\/wp-content\/uploads\/2026\/04\/grafico-foto-divulgacao-.png 1200w, https:\/\/uploads.acordacidade.com.br\/2026\/04\/grafico-foto-divulgacao--750x436.png 750w, https:\/\/uploads.acordacidade.com.br\/2026\/04\/grafico-foto-divulgacao--1000x582.png 1000w, https:\/\/uploads.acordacidade.com.br\/2026\/04\/grafico-foto-divulgacao--450x262.png 450w, https:\/\/uploads.acordacidade.com.br\/2026\/04\/grafico-foto-divulgacao--150x87.png 150w\" sizes=\"(max-width: 1200px) 100vw, 1200px\"><figcaption class=\"wp-element-caption\">Foto: Divulga\u00e7\u00e3o <\/figcaption><\/figure>\n<p>Um levantamento in\u00e9dito produzido pela\u00a0<strong>Nexus \u2013 Pesquisa e Intelig\u00eancia de Dados<\/strong>, com base em dados oficiais do Tribunal Superior Eleitoral (TSE), mostra que o n\u00famero de idosos aptos a votar no Brasil aumentou 74% desde as elei\u00e7\u00f5es de 2010. Em n\u00fameros absolutos, a quantidade de brasileiros maiores de 60 anos que podem comparecer \u00e0s urnas cresceu de 20,8 milh\u00f5es em 2010 para 36,2 milh\u00f5es em mar\u00e7o deste ano. Se levarmos em considera\u00e7\u00e3o toda a popula\u00e7\u00e3o apta a votar no pa\u00eds, a taxa de crescimento foi de 15% no mesmo per\u00edodo.<\/p>\n<p>Os n\u00fameros foram levantados em 1\u00ba de mar\u00e7o e podem aumentar at\u00e9 o dia 6 de maio, prazo final para o cadastro de eleitores no TSE.\u00a0 At\u00e9 a data da coleta,\u00a0 156,2 milh\u00f5es de pessoas estavam aptas a participar do processo eleitoral em outubro. Em 2010, eram 135,8 milh\u00f5es.<\/p>\n<p>\u201cAo passo que a popula\u00e7\u00e3o brasileira envelhece, o contingente de eleitores 60+ cresce muito mais do que as demais faixas et\u00e1rias. Na pr\u00e1tica, nesta elei\u00e7\u00e3o poderemos ter 1 de cada 4 votos dados por pessoas com, pelo menos, 60 anos. S\u00e3o 36,2 milh\u00f5es de eleitores nesta faixa et\u00e1ria, at\u00e9 mar\u00e7o. Em um cen\u00e1rio de aguda polariza\u00e7\u00e3o, em que a elei\u00e7\u00e3o de 2022 foi definida por menos de 2 milh\u00f5es de votos de diferen\u00e7a de Lula para Jair Bolsonaro, conquistar o voto desse eleitor \u00e9 mais do que estrat\u00e9gico\u201d,\u00a0\u00a0afirma o CEO da Nexus, Marcelo Tokarski.<\/p>\n<p>Dos 32,9 milh\u00f5es de pessoas da Gera\u00e7\u00e3o 60+ que poderiam votar nas \u00faltimas elei\u00e7\u00f5es federais, 21,6 milh\u00f5es estiveram presentes no primeiro turno, uma taxa de comparecimento de 65,5%. Se levarmos em considera\u00e7\u00e3o apenas os brasileiros de 60 a 69 anos, cujo voto ainda \u00e9 obrigat\u00f3rio, esse percentual sobe para 85,7%.<\/p>\n<p>O percentual \u00e9 maior do que a m\u00e9dia geral de comparecimento da popula\u00e7\u00e3o no primeiro turno das elei\u00e7\u00f5es passadas, quando 79,1% dos eleitores aptos a votar foram \u00e0s urnas. J\u00e1 entre os\u00a0 maiores de 70 anos, que o voto \u00e9 facultativo, esse n\u00famero cai para 41,1%.<\/p>\n<p>O percentual de absten\u00e7\u00e3o dos maiores de 60 anos tamb\u00e9m diminuiu nas \u00faltimas tr\u00eas elei\u00e7\u00f5es: eram 37,1% em 2014, 36,4% em 2018 e chegou a 34,5% em 2022. No mesmo per\u00edodo, as absten\u00e7\u00f5es do eleitorado brasileiro em geral aumentaram residualmente de 19,4% em 2014 para 20,3% em 2018 e 20,9% no \u00faltimo pleito nacional.<\/p>\n<p>Apesar de sustentar uma taxa de absten\u00e7\u00e3o maior do que a m\u00e9dia da Gera\u00e7\u00e3o 60+, os brasileiros maiores de 70 anos tamb\u00e9m t\u00eam comparecido mais \u00e0s urnas. Sem obrigatoriedade de voto, esse p\u00fablico registrou 63,6% de absten\u00e7\u00e3o em 2014, 62,7% em 2018 e 58,9% em 2022. Em n\u00fameros absolutos, foram 8,8 milh\u00f5es de pessoas com mais de 70 anos que decidiram n\u00e3o votar nas \u00faltimas elei\u00e7\u00f5es.<\/p>\n<p>\u201cSem o dever c\u00edvico do voto, os brasileiros com mais de 70 anos que participam das elei\u00e7\u00f5es o fazem por convic\u00e7\u00e3o ou identifica\u00e7\u00e3o pol\u00edtica. Esse p\u00fablico, assim como os jovens entre 16 e 18 anos, s\u00e3o os brasileiros a serem \u2018conquistados\u2019 pelos candidatos. Eles n\u00e3o t\u00eam obriga\u00e7\u00e3o do voto, ent\u00e3o s\u00f3 v\u00e3o \u00e0s urnas se tiverem um bom motivo pra isso\u201d,\u00a0analisou Tokarski.\u00a0\u201cE no contexto brasileiro, de um cen\u00e1rio pol\u00edtico acirrado, essas pessoas t\u00eam a possibilidade de mudar os rumos de uma elei\u00e7\u00e3o\u201d, completou.<\/p>\n<h3 class=\"wp-block-heading\" id=\"h-geracao-60-salta-de-7-para-16-em-tres-decadas\">Gera\u00e7\u00e3o 60+ salta de 7% para 16% em tr\u00eas d\u00e9cadas<\/h3>\n<p>O aumento da presen\u00e7a de brasileiros com mais de 60 anos nas urnas acompanha o crescimento no n\u00famero de idosos no pa\u00eds, que saltou de 7% para 16% da popula\u00e7\u00e3o em tr\u00eas d\u00e9cadas. Segundo o IBGE, em 2022, eram 32 milh\u00f5es de pessoas com mais de 60 anos no pa\u00eds. Dentro desse contexto, h\u00e1 uma tend\u00eancia de \u201cfeminiza\u00e7\u00e3o\u201d da velhice, j\u00e1 que as mulheres seguem vivendo, em m\u00e9dia, 6 anos a mais que os homens, representando 56% da popula\u00e7\u00e3o idosa do pa\u00eds.<\/p>\n<p>Al\u00e9m de remodelar espa\u00e7os como a disputa eleitoral no pa\u00eds, o avan\u00e7o do envelhecimento populacional traz tamb\u00e9m o desafio da sustentabilidade previdenci\u00e1ria. A estimativa \u00e9 de que o Brasil passe de cerca de 2 contribuintes por benefici\u00e1rio (em 2014) para menos de um trabalhador na ativa (0,69) financiando cada aposentado em 2060,\u00a0segundo estimativas do IPEA.<\/p>\n<h3 class=\"wp-block-heading\" id=\"h-sul-e-sudeste-concentram-maior-peso-eleitoral-da-geracao-60\">Sul e Sudeste concentram maior peso eleitoral da Gera\u00e7\u00e3o 60+<\/h3>\n<p>As regi\u00f5es Sul e Sudeste se consolidam como principais polos de protagonismo da Gera\u00e7\u00e3o 60+ nas elei\u00e7\u00f5es. Em todos os estados dessas regi\u00f5es, no m\u00ednimo, 23% da base de votantes poder\u00e3o ser compostas por pessoas desse grupo nas elei\u00e7\u00f5es de outubro. O Rio Grande do Sul lidera o ranking nacional com 29,3%, seguido por Rio de Janeiro (28%) e Minas Gerais (26%).<\/p>\n<p>Nos tr\u00eas maiores col\u00e9gios eleitorais do pa\u00eds, um em cada quatro poss\u00edveis eleitores j\u00e1 faz parte da Gera\u00e7\u00e3o 60+. Em S\u00e3o Paulo, eles representam 25% do eleitorado; em Minas Gerais, 26%; e no Rio de Janeiro, 28%. Somando apenas esses tr\u00eas estados, o n\u00famero de eleitores de 60 anos ou mais chega a 16 milh\u00f5es.<\/p>\n<p>Na outra ponta, o Norte mant\u00e9m perfil mais jovem, com m\u00e9dia regional de 16,5% dos 60+ aptos a votar. O Amap\u00e1 registra o menor \u00edndice nacional (14,5%), seguido por Amazonas (14,7%) e Roraima (15,4%). O contraste \u00e9 n\u00edtido: o peso desse eleitorado no Sul pode chegar a\u00a0 representar quase o dobro do observado no Norte.<\/p>\n<p>Entre 2010 e 2026, os maiores avan\u00e7os reais na propor\u00e7\u00e3o dos 60+ aptos a votar ocorreram no Rio Grande do Sul (+11,2 p.p.), no Esp\u00edrito Santo (+10,2 p.p.) e em Minas Gerais (+9,8 p.p.). Rio de Janeiro (+9,5 p.p.), S\u00e3o Paulo (+9,1 p.p.)\u00a0 e Santa Catarina (+9,1 p.p) aparecem na sequ\u00eancia, indicando que a porcentagem aumenta em alguns dos maiores col\u00e9gios eleitorais do pa\u00eds.<\/p>\n<p>\u201cO Brasil est\u00e1 diante de uma nova geografia eleitoral. O fato de os maiores col\u00e9gios eleitorais do pa\u00eds estarem entre os que mais envelhecem coloca a Gera\u00e7\u00e3o 60+ no centro gravitacional de qualquer estrat\u00e9gia pol\u00edtica vitoriosa para 2026. Os eleitores com 60 anos ou mais correspondem a 23,2% do eleitorado, quase o dobro do percentual de jovens de 16 a 24 anos, que representam 11,9%. N\u00e3o se ganha mais elei\u00e7\u00e3o negligenciando as demandas desse grupo\u201d, observa Tokarski.<\/p>\n<h3 class=\"wp-block-heading\" id=\"h-o-peso-na-urna-porcentagem-do-eleitorado-60-supera-a-dos-jovens-de-16-a-24-anos\">O peso na urna: porcentagem do eleitorado 60+ supera a dos jovens de 16 a 24 anos<\/h3>\n<p><strong>Engajamento 60+ nas elei\u00e7\u00f5es aumenta em 21 estados<\/strong><\/p>\n<p>No per\u00edodo entre 2014 e 2022, o comparecimento dos 60+ nos pleitos nacionais cresceu em 21 estados, com destaque para o Maranh\u00e3o (+9,3 p.p.), Amazonas (+8,6 p.p.) e Cear\u00e1 (+8,1 p.p.).\u00a0 Outras seis unidades registraram queda, com o recuo mais acentuado no Amap\u00e1 (-14,7 p.p.).<\/p>\n<p>Nas elei\u00e7\u00f5es de 2022, o grupo de 60 a 69 anos \u2014 ainda sob voto obrigat\u00f3rio \u2014 no Rio Grande do Sul e em Santa Catarina registraram os maiores \u00edndices de comparecimento do pa\u00eds entre essa faixa et\u00e1ria:\u00a0 89,5% e 89% de presen\u00e7a nas urnas, respectivamente. No extremo oposto, Alagoas e Acre apresentaram os \u00edndices mais baixos, ambos com 78,5%.<\/p>\n<p>A din\u00e2mica muda a partir dos 70 anos, quando o voto passa a ser facultativo. Nessa etapa, a m\u00e9dia nacional de comparecimento cai para 41,1%, mas a absten\u00e7\u00e3o \u00e9 diversa por estado. Distrito Federal e Roraima destacam-se pela alta mobiliza\u00e7\u00e3o volunt\u00e1ria, com 57,7% e 57,4% de votos no recorte, respectivamente. Na outra ponta, dois dos maiores col\u00e9gios eleitorais, Rio de Janeiro (33,4%) e S\u00e3o Paulo (37,3%), registraram os menores \u00edndices de participa\u00e7\u00e3o nessa faixa et\u00e1ria em 2022.\u00a0<\/p>\n<p><strong>N\u00famero de candidaturas 60+ bate recorde<\/strong><\/p>\n<p>O n\u00famero de candidatos com 60 anos ou mais tamb\u00e9m t\u00eam aumentado anualmente no Brasil, tanto nas elei\u00e7\u00f5es gerais quanto nas municipais. Segundo dados do TSE, nas \u00faltimas elei\u00e7\u00f5es, em 2024, mais de 70 mil brasileiros com 60+ se candidataram aos cargos em disputa, o que equivale a 15% de todas as candidaturas. O montante \u00e9 o maior desde o in\u00edcio da s\u00e9rie hist\u00f3rica, iniciada em 1998. O pleito anterior, em 2022, tamb\u00e9m registrou o recorde para elei\u00e7\u00f5es gerais: 4.873 candidatos com 60 anos ou mais, o que equivale a 17% das candidaturas.<\/p>\n<p><strong>METODOLOGIA<\/strong> O levantamento da Nexus foi realizado a partir do Portal de Dados Abertos do Tribunal Superior Eleitoral (TSE), no dia 01 de mar\u00e7o de 2026, utilizando o recorte das categorias de cadastramento eleitoral, do comparecimento e da absten\u00e7\u00e3o entre 2010 e 2026.<\/p>\n<p><em>Fonte: Nexus<\/em><\/p>\n<p><em>Siga o Acorda Cidade no<a href=\"https:\/\/news.google.com\/search?q=acorda%20cidade&amp;hl=pt-BR&amp;gl=BR&amp;ceid=BR%3Apt-419\" target=\"_blank\" rel=\"noreferrer noopener\">\u00a0Google Not\u00edcias<\/a>\u00a0e receba os principais destaques do dia.\u00a0Participe tamb\u00e9m dos nossos grupos no\u00a0<a href=\"https:\/\/chat.whatsapp.com\/DfZ444xJRPxBxk6kXW5zIZ\" target=\"_blank\" rel=\"noreferrer noopener\">WhatsApp<\/a>\u00a0e\u00a0<a href=\"https:\/\/t.me\/+sSz0khrgARA0ZmRh\" target=\"_blank\" rel=\"noreferrer noopener\">Telegram<\/a><\/em><\/p>\n<\/div>\n","protected":false},"excerpt":{"rendered":"<div>\n<div>\n<figure><img decoding=\"async\" src=\"https:\/\/uploads.acordacidade.com.br\/2026\/04\/SAC-promove-atendimento-especial-para-idosos-neste-sabado-.jpg\" alt=\"SAC promove atendimento especial para idosos neste s\u00e1bado (11)\"><figcaption>Foto: Divulga\u00e7\u00e3o<\/figcaption><\/figure>\n<\/div>\n<p>Em n\u00fameros absolutos, o eleitorado com mais de 60 anos cresceu de 20,8 milh\u00f5es em 2010 para 36,2 milh\u00f5es em mar\u00e7o deste ano.<\/p><\/div>\n","protected":false},"author":1,"featured_media":126759,"comment_status":"closed","ping_status":"closed","sticky":false,"template":"","format":"gallery","meta":{"footnotes":""},"categories":[8,9,6,57,56,10],"tags":[],"class_list":["post-126758","post","type-post","status-publish","format-gallery","has-post-thumbnail","hentry","category-bahia","category-brasil","category-feira-de-santana","category-mundo","category-policia","category-politica","post_format-post-format-gallery"],"featured_image_urls":{"full":["https:\/\/noticiasbahia360.com.br\/wp-content\/uploads\/2026\/04\/SAC-promove-atendimento-especial-para-idosos-neste-sabado-.jpg",1200,702,false],"thumbnail":["https:\/\/noticiasbahia360.com.br\/wp-content\/uploads\/2026\/04\/SAC-promove-atendimento-especial-para-idosos-neste-sabado--150x150.jpg",150,150,true],"medium":["https:\/\/noticiasbahia360.com.br\/wp-content\/uploads\/2026\/04\/SAC-promove-atendimento-especial-para-idosos-neste-sabado--300x176.jpg",300,176,true],"medium_large":["https:\/\/noticiasbahia360.com.br\/wp-content\/uploads\/2026\/04\/SAC-promove-atendimento-especial-para-idosos-neste-sabado--768x449.jpg",640,374,true],"large":["https:\/\/noticiasbahia360.com.br\/wp-content\/uploads\/2026\/04\/SAC-promove-atendimento-especial-para-idosos-neste-sabado--1024x599.jpg",640,374,true],"1536x1536":["https:\/\/noticiasbahia360.com.br\/wp-content\/uploads\/2026\/04\/SAC-promove-atendimento-especial-para-idosos-neste-sabado-.jpg",1200,702,false],"2048x2048":["https:\/\/noticiasbahia360.com.br\/wp-content\/uploads\/2026\/04\/SAC-promove-atendimento-especial-para-idosos-neste-sabado-.jpg",1200,702,false],"chromenews-featured":["https:\/\/noticiasbahia360.com.br\/wp-content\/uploads\/2026\/04\/SAC-promove-atendimento-especial-para-idosos-neste-sabado--1024x599.jpg",1024,599,true],"chromenews-large":["https:\/\/noticiasbahia360.com.br\/wp-content\/uploads\/2026\/04\/SAC-promove-atendimento-especial-para-idosos-neste-sabado--825x575.jpg",825,575,true],"chromenews-medium":["https:\/\/noticiasbahia360.com.br\/wp-content\/uploads\/2026\/04\/SAC-promove-atendimento-especial-para-idosos-neste-sabado--590x410.jpg",590,410,true]},"author_info":{"display_name":"noticiasbahia360.com.br","author_link":"https:\/\/noticiasbahia360.com.br\/?author=1"},"category_info":"<a href=\"https:\/\/noticiasbahia360.com.br\/?cat=8\" rel=\"category\">Bahia<\/a> <a href=\"https:\/\/noticiasbahia360.com.br\/?cat=9\" rel=\"category\">Brasil<\/a> <a href=\"https:\/\/noticiasbahia360.com.br\/?cat=6\" rel=\"category\">Feira de Santana<\/a> <a href=\"https:\/\/noticiasbahia360.com.br\/?cat=57\" rel=\"category\">Mundo<\/a> <a href=\"https:\/\/noticiasbahia360.com.br\/?cat=56\" rel=\"category\">Pol\u00edcia<\/a> <a href=\"https:\/\/noticiasbahia360.com.br\/?cat=10\" rel=\"category\">Pol\u00edtica<\/a>","tag_info":"Pol\u00edtica","comment_count":"0","_links":{"self":[{"href":"https:\/\/noticiasbahia360.com.br\/index.php?rest_route=\/wp\/v2\/posts\/126758","targetHints":{"allow":["GET"]}}],"collection":[{"href":"https:\/\/noticiasbahia360.com.br\/index.php?rest_route=\/wp\/v2\/posts"}],"about":[{"href":"https:\/\/noticiasbahia360.com.br\/index.php?rest_route=\/wp\/v2\/types\/post"}],"author":[{"embeddable":true,"href":"https:\/\/noticiasbahia360.com.br\/index.php?rest_route=\/wp\/v2\/users\/1"}],"replies":[{"embeddable":true,"href":"https:\/\/noticiasbahia360.com.br\/index.php?rest_route=%2Fwp%2Fv2%2Fcomments&post=126758"}],"version-history":[{"count":0,"href":"https:\/\/noticiasbahia360.com.br\/index.php?rest_route=\/wp\/v2\/posts\/126758\/revisions"}],"wp:featuredmedia":[{"embeddable":true,"href":"https:\/\/noticiasbahia360.com.br\/index.php?rest_route=\/wp\/v2\/media\/126759"}],"wp:attachment":[{"href":"https:\/\/noticiasbahia360.com.br\/index.php?rest_route=%2Fwp%2Fv2%2Fmedia&parent=126758"}],"wp:term":[{"taxonomy":"category","embeddable":true,"href":"https:\/\/noticiasbahia360.com.br\/index.php?rest_route=%2Fwp%2Fv2%2Fcategories&post=126758"},{"taxonomy":"post_tag","embeddable":true,"href":"https:\/\/noticiasbahia360.com.br\/index.php?rest_route=%2Fwp%2Fv2%2Ftags&post=126758"}],"curies":[{"name":"wp","href":"https:\/\/api.w.org\/{rel}","templated":true}]}}