{"id":126761,"date":"2026-04-15T08:05:23","date_gmt":"2026-04-15T11:05:23","guid":{"rendered":"https:\/\/noticiasbahia360.com.br\/?p=126761"},"modified":"2026-04-15T08:05:23","modified_gmt":"2026-04-15T11:05:23","slug":"feira-de-santana-se-tornou-um-polo-imobiliario-afirma-dilton-coutinho-no-papo-de-icone","status":"publish","type":"post","link":"https:\/\/noticiasbahia360.com.br\/?p=126761","title":{"rendered":"\u201cFeira de Santana se tornou um polo imobili\u00e1rio\u201d, afirma Dilton Coutinho no Papo de \u00cdcone"},"content":{"rendered":"<div>\n<div>\n<figure><img decoding=\"async\" src=\"http:\/\/noticiasbahia360.com.br\/wp-content\/uploads\/2026\/04\/Dilton-Coutinho-podcast-foto-reproducao-.jpg\" alt=\"Dilton Coutinho\"><figcaption>Foto: Reprodu\u00e7\u00e3o <\/figcaption><\/figure>\n<\/div>\n<p>O crescimento acelerado do mercado imobili\u00e1rio de Feira de Santana, que tem chamado aten\u00e7\u00e3o dentro e fora da Bahia, \u00e9 um dos destaques da participa\u00e7\u00e3o do radialista e empres\u00e1rio Dilton Coutinho no quadro Papo de \u00cdcone, do podcast Altamente Rent\u00e1vel. O epis\u00f3dio j\u00e1 est\u00e1 dispon\u00edvel e traz uma conversa franca sobre desenvolvimento urbano, trajet\u00f3ria profissional e vis\u00e3o de futuro.<\/p>\n<p>\u201cFeira de Santana \u00e9 um polo de servi\u00e7os, sa\u00fade, educa\u00e7\u00e3o e, de uns tempos para c\u00e1, se tornou um polo imobili\u00e1rio\u201d, afirma Dilton, que acompanha de perto as transforma\u00e7\u00f5es da cidade. Durante o bate-papo, ele revela que o ritmo de crescimento chega a surpreender: \u201c\u00c0s vezes, fico assustado com o crescimento imobili\u00e1rio de Feira de Santana\u201d.<\/p>\n<p>Com olhar atento de comunicador e investidor, Dilton destaca a for\u00e7a do setor e o potencial de retorno: \u201cO que faz em Feira vende, porque o d\u00e9ficit habitacional \u00e9 muito grande\u201d. Para ele, o mercado atende hoje a todas as faixas de renda e segue em expans\u00e3o, impulsionado por programas habitacionais e novos formatos de moradia. \u201cUm conselho que dou \u00e0s pessoas \u00e9 fazerem investimento no mercado imobili\u00e1rio, que s\u00f3 cresce e Feira est\u00e1 bombando\u201d, refor\u00e7a.<\/p>\n<p>Apesar do cen\u00e1rio favor\u00e1vel, o comunicador faz um alerta importante para quem deseja investir. Segundo ele, o sucesso dos empreendimentos passa, necessariamente, por planejamento e estrat\u00e9gia. A realiza\u00e7\u00e3o de pesquisas de mercado e a defini\u00e7\u00e3o adequada do p\u00fablico e do produto s\u00e3o fatores decisivos para garantir bons resultados, especialmente diante de um mercado cada vez mais competitivo.<\/p>\n<p>Ao longo do epis\u00f3dio, o p\u00fablico tamb\u00e9m conhece a trajet\u00f3ria de persist\u00eancia que consolidou Dilton como um dos principais nomes da comunica\u00e7\u00e3o baiana. Do in\u00edcio simples no r\u00e1dio, quando caminhava at\u00e9 a emissora sem garantia de entrar no ar, at\u00e9 a cobertura da Copa do Mundo de 1982, na Espanha, aos 25 anos, sua hist\u00f3ria \u00e9 marcada por determina\u00e7\u00e3o. \u201cOs resultados n\u00e3o v\u00eam na m\u00e3o, tem que trabalhar\u201d, resume. Para ele, saber persistir e tamb\u00e9m dizer \u201cn\u00e3o\u201d foram decis\u00f5es fundamentais ao longo da carreira.<\/p>\n<p>A conversa passa ainda pela cria\u00e7\u00e3o e consolida\u00e7\u00e3o do programa Acorda Cidade, refer\u00eancia em jornalismo comunit\u00e1rio h\u00e1 mais de tr\u00eas d\u00e9cadas, e do portal hom\u00f4nimo, hoje um dos mais acessados da Bahia. Em tom de gratid\u00e3o, Dilton reconhece o papel de Feira de Santana em sua trajet\u00f3ria e deixa conselhos diretos: qualifica\u00e7\u00e3o para quem est\u00e1 come\u00e7ando e valoriza\u00e7\u00e3o do capital humano por parte dos empres\u00e1rios.<\/p>\n<p>Para Leandro Carozzo, que conduz o podcast com o irm\u00e3o e s\u00f3cio, Francisco Carozzo, a cidade re\u00fane caracter\u00edsticas que explicam esse momento de expans\u00e3o. \u201cFeira de Santana foi muito feliz no desenvolvimento imobili\u00e1rio. A Avenida N\u00f3ide Cerqueira, por exemplo, \u00e9 um grande vetor de crescimento\u201d, pontua. J\u00e1 Francisco destaca o v\u00ednculo da popula\u00e7\u00e3o com a cidade: \u201cO que mais me impressiona \u00e9 o amor do feirense por Feira de Santana. Tenho certeza que todas essas declara\u00e7\u00f5es de Dilton v\u00e3o inspirar muita gente\u201d.<\/p>\n<h3 class=\"wp-block-heading\" id=\"h-mais-sobre-o-altamente-rentavel\">Mais sobre o Altamente Rent\u00e1vel<\/h3>\n<p>O podcast Altamente Rent\u00e1vel \u00e9 promovido pela Carozzo Desenvolvimento Imobili\u00e1rio e vem se consolidando como uma refer\u00eancia nacional em conte\u00fado estrat\u00e9gico voltado ao mercado imobili\u00e1rio. Dentro dele, o quadro Papo de \u00cdcone re\u00fane personalidades que marcaram suas regi\u00f5es para compartilhar experi\u00eancias, vis\u00f5es de mercado e hist\u00f3rias inspiradoras.<\/p>\n<p><strong>O epis\u00f3dio completo com Dilton Coutinho pode ser acessado <a href=\"https:\/\/youtu.be\/n1e4heapRJo?si=hhTupKsxiFBCxSep\">aqui.<\/a><\/strong><\/p>\n<p><em>Siga o Acorda Cidade no<a href=\"https:\/\/news.google.com\/search?q=acorda%20cidade&amp;hl=pt-BR&amp;gl=BR&amp;ceid=BR%3Apt-419\" target=\"_blank\" rel=\"noreferrer noopener\">\u00a0Google Not\u00edcias<\/a>\u00a0e receba os principais destaques do dia.\u00a0Participe tamb\u00e9m dos nossos grupos no\u00a0<a href=\"https:\/\/chat.whatsapp.com\/DfZ444xJRPxBxk6kXW5zIZ\" target=\"_blank\" rel=\"noreferrer noopener\">WhatsApp<\/a>\u00a0e\u00a0<a href=\"https:\/\/t.me\/+sSz0khrgARA0ZmRh\" target=\"_blank\" rel=\"noreferrer noopener\">Telegram<\/a><\/em><\/p>\n<\/div>\n","protected":false},"excerpt":{"rendered":"<div>\n<div>\n<figure><img decoding=\"async\" src=\"https:\/\/uploads.acordacidade.com.br\/2026\/04\/Dilton-Coutinho-podcast-foto-reproducao-.jpg\" alt=\"Dilton Coutinho\"><figcaption>Foto: Reprodu\u00e7\u00e3o <\/figcaption><\/figure>\n<\/div>\n<p>Com olhar atento de comunicador e investidor, Dilton destaca a for\u00e7a do setor e o potencial de retorno: \u201cO que faz em Feira vende&#8221;.<\/p><\/div>\n","protected":false},"author":1,"featured_media":126762,"comment_status":"closed","ping_status":"closed","sticky":false,"template":"","format":"gallery","meta":{"footnotes":""},"categories":[8,9,6,57,56,10],"tags":[],"class_list":["post-126761","post","type-post","status-publish","format-gallery","has-post-thumbnail","hentry","category-bahia","category-brasil","category-feira-de-santana","category-mundo","category-policia","category-politica","post_format-post-format-gallery"],"featured_image_urls":{"full":["https:\/\/noticiasbahia360.com.br\/wp-content\/uploads\/2026\/04\/Dilton-Coutinho-podcast-foto-reproducao-.jpg",1200,675,false],"thumbnail":["https:\/\/noticiasbahia360.com.br\/wp-content\/uploads\/2026\/04\/Dilton-Coutinho-podcast-foto-reproducao--150x150.jpg",150,150,true],"medium":["https:\/\/noticiasbahia360.com.br\/wp-content\/uploads\/2026\/04\/Dilton-Coutinho-podcast-foto-reproducao--300x169.jpg",300,169,true],"medium_large":["https:\/\/noticiasbahia360.com.br\/wp-content\/uploads\/2026\/04\/Dilton-Coutinho-podcast-foto-reproducao--768x432.jpg",640,360,true],"large":["https:\/\/noticiasbahia360.com.br\/wp-content\/uploads\/2026\/04\/Dilton-Coutinho-podcast-foto-reproducao--1024x576.jpg",640,360,true],"1536x1536":["https:\/\/noticiasbahia360.com.br\/wp-content\/uploads\/2026\/04\/Dilton-Coutinho-podcast-foto-reproducao-.jpg",1200,675,false],"2048x2048":["https:\/\/noticiasbahia360.com.br\/wp-content\/uploads\/2026\/04\/Dilton-Coutinho-podcast-foto-reproducao-.jpg",1200,675,false],"chromenews-featured":["https:\/\/noticiasbahia360.com.br\/wp-content\/uploads\/2026\/04\/Dilton-Coutinho-podcast-foto-reproducao--1024x576.jpg",1024,576,true],"chromenews-large":["https:\/\/noticiasbahia360.com.br\/wp-content\/uploads\/2026\/04\/Dilton-Coutinho-podcast-foto-reproducao--825x575.jpg",825,575,true],"chromenews-medium":["https:\/\/noticiasbahia360.com.br\/wp-content\/uploads\/2026\/04\/Dilton-Coutinho-podcast-foto-reproducao--590x410.jpg",590,410,true]},"author_info":{"display_name":"noticiasbahia360.com.br","author_link":"https:\/\/noticiasbahia360.com.br\/?author=1"},"category_info":"<a href=\"https:\/\/noticiasbahia360.com.br\/?cat=8\" rel=\"category\">Bahia<\/a> <a href=\"https:\/\/noticiasbahia360.com.br\/?cat=9\" rel=\"category\">Brasil<\/a> <a href=\"https:\/\/noticiasbahia360.com.br\/?cat=6\" rel=\"category\">Feira de Santana<\/a> <a href=\"https:\/\/noticiasbahia360.com.br\/?cat=57\" rel=\"category\">Mundo<\/a> <a href=\"https:\/\/noticiasbahia360.com.br\/?cat=56\" rel=\"category\">Pol\u00edcia<\/a> <a href=\"https:\/\/noticiasbahia360.com.br\/?cat=10\" rel=\"category\">Pol\u00edtica<\/a>","tag_info":"Pol\u00edtica","comment_count":"0","_links":{"self":[{"href":"https:\/\/noticiasbahia360.com.br\/index.php?rest_route=\/wp\/v2\/posts\/126761","targetHints":{"allow":["GET"]}}],"collection":[{"href":"https:\/\/noticiasbahia360.com.br\/index.php?rest_route=\/wp\/v2\/posts"}],"about":[{"href":"https:\/\/noticiasbahia360.com.br\/index.php?rest_route=\/wp\/v2\/types\/post"}],"author":[{"embeddable":true,"href":"https:\/\/noticiasbahia360.com.br\/index.php?rest_route=\/wp\/v2\/users\/1"}],"replies":[{"embeddable":true,"href":"https:\/\/noticiasbahia360.com.br\/index.php?rest_route=%2Fwp%2Fv2%2Fcomments&post=126761"}],"version-history":[{"count":0,"href":"https:\/\/noticiasbahia360.com.br\/index.php?rest_route=\/wp\/v2\/posts\/126761\/revisions"}],"wp:featuredmedia":[{"embeddable":true,"href":"https:\/\/noticiasbahia360.com.br\/index.php?rest_route=\/wp\/v2\/media\/126762"}],"wp:attachment":[{"href":"https:\/\/noticiasbahia360.com.br\/index.php?rest_route=%2Fwp%2Fv2%2Fmedia&parent=126761"}],"wp:term":[{"taxonomy":"category","embeddable":true,"href":"https:\/\/noticiasbahia360.com.br\/index.php?rest_route=%2Fwp%2Fv2%2Fcategories&post=126761"},{"taxonomy":"post_tag","embeddable":true,"href":"https:\/\/noticiasbahia360.com.br\/index.php?rest_route=%2Fwp%2Fv2%2Ftags&post=126761"}],"curies":[{"name":"wp","href":"https:\/\/api.w.org\/{rel}","templated":true}]}}