{"id":126765,"date":"2026-04-15T08:36:25","date_gmt":"2026-04-15T11:36:25","guid":{"rendered":"https:\/\/noticiasbahia360.com.br\/?p=126765"},"modified":"2026-04-15T08:36:25","modified_gmt":"2026-04-15T11:36:25","slug":"operacao-disconnected-prende-tres-suspeitos-de-furtos-de-celulares-em-centro-de-distribuicao-na-bahia","status":"publish","type":"post","link":"https:\/\/noticiasbahia360.com.br\/?p=126765","title":{"rendered":"Opera\u00e7\u00e3o Disconnected prende tr\u00eas suspeitos de furtos de celulares em centro de distribui\u00e7\u00e3o na Bahia"},"content":{"rendered":"<div>\n<div>\n<figure><img decoding=\"async\" src=\"http:\/\/noticiasbahia360.com.br\/wp-content\/uploads\/2026\/04\/policia-civil-foto-Divulgacao-Ascom-PC-BA.jpg\" alt=\"suspeitos\"><figcaption>Foto: Divulga\u00e7\u00e3o\/ Ascom PC-BA<\/figcaption><\/figure>\n<\/div>\n<p>A Pol\u00edcia Civil da Bahia deflagrou, na manh\u00e3 desta quarta-feira (15), a Opera\u00e7\u00e3o Disconnected, que busca apurar a subtra\u00e7\u00e3o reiterada de aparelhos celulares de alto valor, ocorridos em um centro de distribui\u00e7\u00e3o no munic\u00edpio de Candeias, em 2025. Tr\u00eas homens suspeitos da pr\u00e1tica criminosa foram presos pelos policiais civis.<\/p>\n<p>Equipes da Delegacia de Repress\u00e3o a Furtos e Roubos (DRFR), unidade vinculada ao Departamento Especializado de Investiga\u00e7\u00f5es Criminais (Deic) efetuaram dilig\u00eancias nos bairros do Caji, em Lauro de Freitas; no Centro e no bairro Coroa da Lagoa, em Sim\u00f5es Filho; e no bairro Malemb\u00e1, em Candeias.<\/p>\n<p>As investiga\u00e7\u00f5es conduzidas pela DRFR apontam para a exist\u00eancia de associa\u00e7\u00e3o criminosa est\u00e1vel, que resultou no preju\u00edzo de mais de R$ 162 mil para a empresa v\u00edtima do grupo. Durante as apura\u00e7\u00f5es, imagens de c\u00e2meras de seguran\u00e7a foram analisadas, al\u00e9m da coleta de depoimentos e outras dilig\u00eancias investigativas.<\/p>\n<p>Celulares subtra\u00eddos pelos investigados foram apreendidos no cumprimento de mandados de busca e apreens\u00e3o. Nas dilig\u00eancias tamb\u00e9m foi apreendida uma motocicleta com sinais vis\u00edveis de adultera\u00e7\u00e3o em seus elementos identificadores, a qual ser\u00e1 submetida \u00e0 per\u00edcia t\u00e9cnica para apura\u00e7\u00e3o de eventual pr\u00e1tica do crime previsto no artigo 311 do C\u00f3digo Penal.<\/p>\n<p>Os suspeitos foram conduzidos at\u00e9 uma unidade policial, onde foram cumpridos mandados de pris\u00e3o tempor\u00e1ria pelos crimes de furto e associa\u00e7\u00e3o criminosa, e seguem custodiados, \u00e0 disposi\u00e7\u00e3o do Poder Judici\u00e1rio. As apura\u00e7\u00f5es continuam para retirar do conv\u00edvio social outros integrantes do grupo criminoso.<\/p>\n<p><em>Siga o Acorda Cidade no<a href=\"https:\/\/news.google.com\/search?q=acorda%20cidade&amp;hl=pt-BR&amp;gl=BR&amp;ceid=BR%3Apt-419\" target=\"_blank\" rel=\"noreferrer noopener\">\u00a0Google Not\u00edcias<\/a>\u00a0e receba os principais destaques do dia.\u00a0Participe tamb\u00e9m dos nossos grupos no\u00a0<a href=\"https:\/\/chat.whatsapp.com\/DfZ444xJRPxBxk6kXW5zIZ\" target=\"_blank\" rel=\"noreferrer noopener\">WhatsApp<\/a>\u00a0e\u00a0<a href=\"https:\/\/t.me\/+sSz0khrgARA0ZmRh\" target=\"_blank\" rel=\"noreferrer noopener\">Telegram<\/a><\/em><\/p>\n<\/div>\n","protected":false},"excerpt":{"rendered":"<div>\n<div>\n<figure><img decoding=\"async\" src=\"https:\/\/uploads.acordacidade.com.br\/2026\/04\/policia-civil-foto-Divulgacao-Ascom-PC-BA.jpg\" alt=\"suspeitos\"><figcaption>Foto: Divulga\u00e7\u00e3o\/ Ascom PC-BA<\/figcaption><\/figure>\n<\/div>\n<p>Celulares subtra\u00eddos pelos investigados foram apreendidos no cumprimento de mandados de busca e apreens\u00e3o.<\/p><\/div>\n","protected":false},"author":1,"featured_media":126766,"comment_status":"closed","ping_status":"closed","sticky":false,"template":"","format":"gallery","meta":{"footnotes":""},"categories":[8,9,6,57,56,10],"tags":[],"class_list":["post-126765","post","type-post","status-publish","format-gallery","has-post-thumbnail","hentry","category-bahia","category-brasil","category-feira-de-santana","category-mundo","category-policia","category-politica","post_format-post-format-gallery"],"featured_image_urls":{"full":["https:\/\/noticiasbahia360.com.br\/wp-content\/uploads\/2026\/04\/policia-civil-foto-Divulgacao-Ascom-PC-BA.jpg",1200,900,false],"thumbnail":["https:\/\/noticiasbahia360.com.br\/wp-content\/uploads\/2026\/04\/policia-civil-foto-Divulgacao-Ascom-PC-BA-150x150.jpg",150,150,true],"medium":["https:\/\/noticiasbahia360.com.br\/wp-content\/uploads\/2026\/04\/policia-civil-foto-Divulgacao-Ascom-PC-BA-300x225.jpg",300,225,true],"medium_large":["https:\/\/noticiasbahia360.com.br\/wp-content\/uploads\/2026\/04\/policia-civil-foto-Divulgacao-Ascom-PC-BA-768x576.jpg",640,480,true],"large":["https:\/\/noticiasbahia360.com.br\/wp-content\/uploads\/2026\/04\/policia-civil-foto-Divulgacao-Ascom-PC-BA-1024x768.jpg",640,480,true],"1536x1536":["https:\/\/noticiasbahia360.com.br\/wp-content\/uploads\/2026\/04\/policia-civil-foto-Divulgacao-Ascom-PC-BA.jpg",1200,900,false],"2048x2048":["https:\/\/noticiasbahia360.com.br\/wp-content\/uploads\/2026\/04\/policia-civil-foto-Divulgacao-Ascom-PC-BA.jpg",1200,900,false],"chromenews-featured":["https:\/\/noticiasbahia360.com.br\/wp-content\/uploads\/2026\/04\/policia-civil-foto-Divulgacao-Ascom-PC-BA-1024x768.jpg",1024,768,true],"chromenews-large":["https:\/\/noticiasbahia360.com.br\/wp-content\/uploads\/2026\/04\/policia-civil-foto-Divulgacao-Ascom-PC-BA-825x575.jpg",825,575,true],"chromenews-medium":["https:\/\/noticiasbahia360.com.br\/wp-content\/uploads\/2026\/04\/policia-civil-foto-Divulgacao-Ascom-PC-BA-590x410.jpg",590,410,true]},"author_info":{"display_name":"noticiasbahia360.com.br","author_link":"https:\/\/noticiasbahia360.com.br\/?author=1"},"category_info":"<a href=\"https:\/\/noticiasbahia360.com.br\/?cat=8\" rel=\"category\">Bahia<\/a> <a href=\"https:\/\/noticiasbahia360.com.br\/?cat=9\" rel=\"category\">Brasil<\/a> <a href=\"https:\/\/noticiasbahia360.com.br\/?cat=6\" rel=\"category\">Feira de Santana<\/a> <a href=\"https:\/\/noticiasbahia360.com.br\/?cat=57\" rel=\"category\">Mundo<\/a> <a href=\"https:\/\/noticiasbahia360.com.br\/?cat=56\" rel=\"category\">Pol\u00edcia<\/a> <a href=\"https:\/\/noticiasbahia360.com.br\/?cat=10\" rel=\"category\">Pol\u00edtica<\/a>","tag_info":"Pol\u00edtica","comment_count":"0","_links":{"self":[{"href":"https:\/\/noticiasbahia360.com.br\/index.php?rest_route=\/wp\/v2\/posts\/126765","targetHints":{"allow":["GET"]}}],"collection":[{"href":"https:\/\/noticiasbahia360.com.br\/index.php?rest_route=\/wp\/v2\/posts"}],"about":[{"href":"https:\/\/noticiasbahia360.com.br\/index.php?rest_route=\/wp\/v2\/types\/post"}],"author":[{"embeddable":true,"href":"https:\/\/noticiasbahia360.com.br\/index.php?rest_route=\/wp\/v2\/users\/1"}],"replies":[{"embeddable":true,"href":"https:\/\/noticiasbahia360.com.br\/index.php?rest_route=%2Fwp%2Fv2%2Fcomments&post=126765"}],"version-history":[{"count":0,"href":"https:\/\/noticiasbahia360.com.br\/index.php?rest_route=\/wp\/v2\/posts\/126765\/revisions"}],"wp:featuredmedia":[{"embeddable":true,"href":"https:\/\/noticiasbahia360.com.br\/index.php?rest_route=\/wp\/v2\/media\/126766"}],"wp:attachment":[{"href":"https:\/\/noticiasbahia360.com.br\/index.php?rest_route=%2Fwp%2Fv2%2Fmedia&parent=126765"}],"wp:term":[{"taxonomy":"category","embeddable":true,"href":"https:\/\/noticiasbahia360.com.br\/index.php?rest_route=%2Fwp%2Fv2%2Fcategories&post=126765"},{"taxonomy":"post_tag","embeddable":true,"href":"https:\/\/noticiasbahia360.com.br\/index.php?rest_route=%2Fwp%2Fv2%2Ftags&post=126765"}],"curies":[{"name":"wp","href":"https:\/\/api.w.org\/{rel}","templated":true}]}} 