{"id":126767,"date":"2026-04-15T08:51:50","date_gmt":"2026-04-15T11:51:50","guid":{"rendered":"https:\/\/noticiasbahia360.com.br\/?p=126767"},"modified":"2026-04-15T08:51:50","modified_gmt":"2026-04-15T11:51:50","slug":"celular-roubado-em-porto-seguro-e-encontrado-em-feira-de-santana","status":"publish","type":"post","link":"https:\/\/noticiasbahia360.com.br\/?p=126767","title":{"rendered":"Celular roubado em Porto Seguro \u00e9 encontrado em Feira de Santana"},"content":{"rendered":"<div>\n<div>\n<figure><img decoding=\"async\" src=\"http:\/\/noticiasbahia360.com.br\/wp-content\/uploads\/2026\/04\/deic_policiacivil.jpg\" alt=\"Deic\"><figcaption>Foto: Ascom &#8211; PCBA<\/figcaption><\/figure>\n<\/div>\n<p>A Pol\u00edcia Civil da Bahia recuperou um aparelho celular que havia sido furtado de um turista durante as festividades do CarnaPorto, em Porto Seguro, no m\u00eas de fevereiro. A recupera\u00e7\u00e3o foi possibilitada por meio de a\u00e7\u00f5es integradas entre a Delegacia de Prote\u00e7\u00e3o ao Turista (Deltur\/Porto Seguro), a Delegacia de Repress\u00e3o a Furtos e Roubos (DRFR\/Eun\u00e1polis) e a Delegacia de Repress\u00e3o a Furtos e Roubos (DRFR\/Feira de Santana).<\/p>\n<p>De acordo com informa\u00e7\u00f5es da ocorr\u00eancia, a busca pelo aparelho iniciou-se logo ap\u00f3s o registro realizado pela v\u00edtima durante o evento. Ap\u00f3s a utiliza\u00e7\u00e3o de ferramentas de investiga\u00e7\u00e3o e an\u00e1lise de dados, foi poss\u00edvel identificar que o dispositivo encontrava-se ativo no munic\u00edpio de Feira de Santana.<\/p>\n<p>Diante das informa\u00e7\u00f5es obtidas, equipes da Delegacia de Repress\u00e3o a Furtos e Roubos de Feira de Santana realizaram dilig\u00eancias no local indicado, logrando \u00eaxito na recupera\u00e7\u00e3o do aparelho, que estava em posse de um indiv\u00edduo que alegou t\u00ea-lo adquirido de boa-f\u00e9.<\/p>\n<p>A atua\u00e7\u00e3o coordenada entre as unidades envolvidas foi fundamental para o desfecho positivo da ocorr\u00eancia, culminando na restitui\u00e7\u00e3o do bem ao seu leg\u00edtimo propriet\u00e1rio, residente na cidade do Rio de Janeiro. As investiga\u00e7\u00f5es prosseguem com o objetivo de identificar a autoria do furto e responsabilizar os envolvidos.<\/p>\n<p><em>Siga o Acorda Cidade no<a href=\"https:\/\/news.google.com\/search?q=acorda%20cidade&amp;hl=pt-BR&amp;gl=BR&amp;ceid=BR%3Apt-419\" target=\"_blank\" rel=\"noreferrer noopener\">\u00a0Google Not\u00edcias<\/a>\u00a0e receba os principais destaques do dia.\u00a0Participe tamb\u00e9m dos nossos grupos no\u00a0<a href=\"https:\/\/chat.whatsapp.com\/DfZ444xJRPxBxk6kXW5zIZ\" target=\"_blank\" rel=\"noreferrer noopener\">WhatsApp<\/a>\u00a0e\u00a0<a href=\"https:\/\/t.me\/+sSz0khrgARA0ZmRh\" target=\"_blank\" rel=\"noreferrer noopener\">Telegram<\/a><\/em><\/p>\n<\/div>\n","protected":false},"excerpt":{"rendered":"<div>\n<div>\n<figure><img decoding=\"async\" src=\"https:\/\/www.acordacidade.com.br\/wp-content\/uploads\/2025\/05\/deic_policiacivil.jpg\" alt=\"Deic\"><figcaption>Foto: Ascom &#8211; PCBA<\/figcaption><\/figure>\n<\/div>\n<p>A busca pelo aparelho iniciou-se logo ap\u00f3s o registro realizado pela v\u00edtima.<\/p><\/div>\n","protected":false},"author":1,"featured_media":126768,"comment_status":"closed","ping_status":"closed","sticky":false,"template":"","format":"gallery","meta":{"footnotes":""},"categories":[8,9,6,57,56,10],"tags":[],"class_list":["post-126767","post","type-post","status-publish","format-gallery","has-post-thumbnail","hentry","category-bahia","category-brasil","category-feira-de-santana","category-mundo","category-policia","category-politica","post_format-post-format-gallery"],"featured_image_urls":{"full":["https:\/\/noticiasbahia360.com.br\/wp-content\/uploads\/2026\/04\/deic_policiacivil.jpg",1200,900,false],"thumbnail":["https:\/\/noticiasbahia360.com.br\/wp-content\/uploads\/2026\/04\/deic_policiacivil-150x150.jpg",150,150,true],"medium":["https:\/\/noticiasbahia360.com.br\/wp-content\/uploads\/2026\/04\/deic_policiacivil-300x225.jpg",300,225,true],"medium_large":["https:\/\/noticiasbahia360.com.br\/wp-content\/uploads\/2026\/04\/deic_policiacivil-768x576.jpg",640,480,true],"large":["https:\/\/noticiasbahia360.com.br\/wp-content\/uploads\/2026\/04\/deic_policiacivil-1024x768.jpg",640,480,true],"1536x1536":["https:\/\/noticiasbahia360.com.br\/wp-content\/uploads\/2026\/04\/deic_policiacivil.jpg",1200,900,false],"2048x2048":["https:\/\/noticiasbahia360.com.br\/wp-content\/uploads\/2026\/04\/deic_policiacivil.jpg",1200,900,false],"chromenews-featured":["https:\/\/noticiasbahia360.com.br\/wp-content\/uploads\/2026\/04\/deic_policiacivil-1024x768.jpg",1024,768,true],"chromenews-large":["https:\/\/noticiasbahia360.com.br\/wp-content\/uploads\/2026\/04\/deic_policiacivil-825x575.jpg",825,575,true],"chromenews-medium":["https:\/\/noticiasbahia360.com.br\/wp-content\/uploads\/2026\/04\/deic_policiacivil-590x410.jpg",590,410,true]},"author_info":{"display_name":"noticiasbahia360.com.br","author_link":"https:\/\/noticiasbahia360.com.br\/?author=1"},"category_info":"<a href=\"https:\/\/noticiasbahia360.com.br\/?cat=8\" rel=\"category\">Bahia<\/a> <a href=\"https:\/\/noticiasbahia360.com.br\/?cat=9\" rel=\"category\">Brasil<\/a> <a href=\"https:\/\/noticiasbahia360.com.br\/?cat=6\" rel=\"category\">Feira de Santana<\/a> <a href=\"https:\/\/noticiasbahia360.com.br\/?cat=57\" rel=\"category\">Mundo<\/a> <a href=\"https:\/\/noticiasbahia360.com.br\/?cat=56\" rel=\"category\">Pol\u00edcia<\/a> <a href=\"https:\/\/noticiasbahia360.com.br\/?cat=10\" rel=\"category\">Pol\u00edtica<\/a>","tag_info":"Pol\u00edtica","comment_count":"0","_links":{"self":[{"href":"https:\/\/noticiasbahia360.com.br\/index.php?rest_route=\/wp\/v2\/posts\/126767","targetHints":{"allow":["GET"]}}],"collection":[{"href":"https:\/\/noticiasbahia360.com.br\/index.php?rest_route=\/wp\/v2\/posts"}],"about":[{"href":"https:\/\/noticiasbahia360.com.br\/index.php?rest_route=\/wp\/v2\/types\/post"}],"author":[{"embeddable":true,"href":"https:\/\/noticiasbahia360.com.br\/index.php?rest_route=\/wp\/v2\/users\/1"}],"replies":[{"embeddable":true,"href":"https:\/\/noticiasbahia360.com.br\/index.php?rest_route=%2Fwp%2Fv2%2Fcomments&post=126767"}],"version-history":[{"count":0,"href":"https:\/\/noticiasbahia360.com.br\/index.php?rest_route=\/wp\/v2\/posts\/126767\/revisions"}],"wp:featuredmedia":[{"embeddable":true,"href":"https:\/\/noticiasbahia360.com.br\/index.php?rest_route=\/wp\/v2\/media\/126768"}],"wp:attachment":[{"href":"https:\/\/noticiasbahia360.com.br\/index.php?rest_route=%2Fwp%2Fv2%2Fmedia&parent=126767"}],"wp:term":[{"taxonomy":"category","embeddable":true,"href":"https:\/\/noticiasbahia360.com.br\/index.php?rest_route=%2Fwp%2Fv2%2Fcategories&post=126767"},{"taxonomy":"post_tag","embeddable":true,"href":"https:\/\/noticiasbahia360.com.br\/index.php?rest_route=%2Fwp%2Fv2%2Ftags&post=126767"}],"curies":[{"name":"wp","href":"https:\/\/api.w.org\/{rel}","templated":true}]}} 