{"id":126774,"date":"2026-04-15T09:30:39","date_gmt":"2026-04-15T12:30:39","guid":{"rendered":"https:\/\/noticiasbahia360.com.br\/?p=126774"},"modified":"2026-04-15T09:30:39","modified_gmt":"2026-04-15T12:30:39","slug":"prefeitura-divulga-relacao-de-professores-aptos-a-receberem-precatorios-confira","status":"publish","type":"post","link":"https:\/\/noticiasbahia360.com.br\/?p=126774","title":{"rendered":"Prefeitura divulga rela\u00e7\u00e3o de professores aptos a receberem precat\u00f3rios; confira"},"content":{"rendered":"<div>\n<div>\n<figure><img decoding=\"async\" src=\"http:\/\/noticiasbahia360.com.br\/wp-content\/uploads\/2026\/04\/Prefeitura-de-Feira-de-Santana-Foto-Reproducao-Secretaria-Municipal-de-Comunicacao-Social-de-Feira-de-Santana.jpg\" alt=\"precat\u00f3rios Prefeitura de Feira de Santana\"><figcaption>Foto: Reprodu\u00e7\u00e3o\/ Secretaria Municipal de Comunica\u00e7\u00e3o Social de Feira de Santana<\/figcaption><\/figure>\n<\/div>\n<p> A Prefeitura Municipal de Feira de Santana divulgou a rela\u00e7\u00e3o de servidores aptos a receberem os precat\u00f3rios do Fundo de Manuten\u00e7\u00e3o e Desenvolvimento do Ensino Fundamental e de Valoriza\u00e7\u00e3o do Magist\u00e9rio (Fundef). Ao total, 2.614 professores devem receber o pagamento. <\/p>\n<p>A rela\u00e7\u00e3o completa est\u00e1 dispon\u00edvel na <a href=\"https:\/\/diariooficial.feiradesantana.ba.gov.br\/atos\/executivo\/18SAR3SX140420261339.pdf\">edi\u00e7\u00e3o extra do Di\u00e1rio Oficial<\/a> de ter\u00e7a-feira (14). <\/p>\n<p><strong>Leia tamb\u00e9m: <\/strong><\/p>\n<p><a href=\"https:\/\/www.acordacidade.com.br\/educacao\/tao-logo-esse-levantamento-esteja-pronto-a-prefeitura-comeca-a-fazer-o-repasse-diz-secretario-sobre-pagamento-de-precatorios\/\">\u201cT\u00e3o logo esse levantamento esteja pronto, a Prefeitura come\u00e7a a fazer o repasse\u201d, diz secret\u00e1rio sobre pagamento de precat\u00f3rios<\/a><\/p>\n<p><a href=\"https:\/\/www.acordacidade.com.br\/educacao\/professoras-aposentadas-realizam-manifestacao-em-feira-de-santana-e-cobram-pagamento-de-precatorios\/\">Professoras aposentadas realizam manifesta\u00e7\u00e3o em Feira de Santana e cobram pagamento de precat\u00f3rios<\/a><\/p>\n<p><em>Siga o Acorda Cidade no <\/em><a href=\"https:\/\/news.google.com\/search?q=acorda%20cidade&amp;hl=pt-BR&amp;gl=BR&amp;ceid=BR%3Apt-419\"><strong><em>Google Not\u00edcias<\/em><\/strong><\/a><em> e receba os principais destaques do dia. Participe tamb\u00e9m dos nossos canais no <\/em><a href=\"https:\/\/www.whatsapp.com\/channel\/0029Va6Rb4v3WHTNnsh8WI3N\"><strong><em>WhatsApp<\/em><\/strong><\/a><em> e <\/em><a href=\"https:\/\/www.youtube.com\/@acordacidadenoticias\/videos\"><strong>YouTube<\/strong><\/a><em> e grupo de <\/em><a href=\"https:\/\/t.me\/+sSz0khrgARA0ZmRh\"><strong><em>Telegram<\/em><\/strong><\/a><em>.<\/em><\/p>\n<\/div>\n","protected":false},"excerpt":{"rendered":"<div>\n<div>\n<figure><img decoding=\"async\" src=\"https:\/\/uploads.acordacidade.com.br\/2026\/03\/Prefeitura-de-Feira-de-Santana-Foto-Reproducao-Secretaria-Municipal-de-Comunicacao-Social-de-Feira-de-Santana.jpg\" alt=\"precat\u00f3rios Prefeitura de Feira de Santana\"><figcaption>Foto: Reprodu\u00e7\u00e3o\/ Secretaria Municipal de Comunica\u00e7\u00e3o Social de Feira de Santana<\/figcaption><\/figure>\n<\/div>\n<p>Ao total, 2.614 professores devem receber o pagamento dos precat\u00f3rios. A lista foi divulgada nesta ter\u00e7a-feira (14).<\/p><\/div>\n","protected":false},"author":1,"featured_media":126775,"comment_status":"closed","ping_status":"closed","sticky":false,"template":"","format":"gallery","meta":{"footnotes":""},"categories":[8,9,6,57,56,10],"tags":[],"class_list":["post-126774","post","type-post","status-publish","format-gallery","has-post-thumbnail","hentry","category-bahia","category-brasil","category-feira-de-santana","category-mundo","category-policia","category-politica","post_format-post-format-gallery"],"featured_image_urls":{"full":["https:\/\/noticiasbahia360.com.br\/wp-content\/uploads\/2026\/04\/Prefeitura-de-Feira-de-Santana-Foto-Reproducao-Secretaria-Municipal-de-Comunicacao-Social-de-Feira-de-Santana.jpg",1200,691,false],"thumbnail":["https:\/\/noticiasbahia360.com.br\/wp-content\/uploads\/2026\/04\/Prefeitura-de-Feira-de-Santana-Foto-Reproducao-Secretaria-Municipal-de-Comunicacao-Social-de-Feira-de-Santana-150x150.jpg",150,150,true],"medium":["https:\/\/noticiasbahia360.com.br\/wp-content\/uploads\/2026\/04\/Prefeitura-de-Feira-de-Santana-Foto-Reproducao-Secretaria-Municipal-de-Comunicacao-Social-de-Feira-de-Santana-300x173.jpg",300,173,true],"medium_large":["https:\/\/noticiasbahia360.com.br\/wp-content\/uploads\/2026\/04\/Prefeitura-de-Feira-de-Santana-Foto-Reproducao-Secretaria-Municipal-de-Comunicacao-Social-de-Feira-de-Santana-768x442.jpg",640,368,true],"large":["https:\/\/noticiasbahia360.com.br\/wp-content\/uploads\/2026\/04\/Prefeitura-de-Feira-de-Santana-Foto-Reproducao-Secretaria-Municipal-de-Comunicacao-Social-de-Feira-de-Santana-1024x590.jpg",640,369,true],"1536x1536":["https:\/\/noticiasbahia360.com.br\/wp-content\/uploads\/2026\/04\/Prefeitura-de-Feira-de-Santana-Foto-Reproducao-Secretaria-Municipal-de-Comunicacao-Social-de-Feira-de-Santana.jpg",1200,691,false],"2048x2048":["https:\/\/noticiasbahia360.com.br\/wp-content\/uploads\/2026\/04\/Prefeitura-de-Feira-de-Santana-Foto-Reproducao-Secretaria-Municipal-de-Comunicacao-Social-de-Feira-de-Santana.jpg",1200,691,false],"chromenews-featured":["https:\/\/noticiasbahia360.com.br\/wp-content\/uploads\/2026\/04\/Prefeitura-de-Feira-de-Santana-Foto-Reproducao-Secretaria-Municipal-de-Comunicacao-Social-de-Feira-de-Santana-1024x590.jpg",1024,590,true],"chromenews-large":["https:\/\/noticiasbahia360.com.br\/wp-content\/uploads\/2026\/04\/Prefeitura-de-Feira-de-Santana-Foto-Reproducao-Secretaria-Municipal-de-Comunicacao-Social-de-Feira-de-Santana-825x575.jpg",825,575,true],"chromenews-medium":["https:\/\/noticiasbahia360.com.br\/wp-content\/uploads\/2026\/04\/Prefeitura-de-Feira-de-Santana-Foto-Reproducao-Secretaria-Municipal-de-Comunicacao-Social-de-Feira-de-Santana-590x410.jpg",590,410,true]},"author_info":{"display_name":"noticiasbahia360.com.br","author_link":"https:\/\/noticiasbahia360.com.br\/?author=1"},"category_info":"<a href=\"https:\/\/noticiasbahia360.com.br\/?cat=8\" rel=\"category\">Bahia<\/a> <a href=\"https:\/\/noticiasbahia360.com.br\/?cat=9\" rel=\"category\">Brasil<\/a> <a href=\"https:\/\/noticiasbahia360.com.br\/?cat=6\" rel=\"category\">Feira de Santana<\/a> <a href=\"https:\/\/noticiasbahia360.com.br\/?cat=57\" rel=\"category\">Mundo<\/a> <a href=\"https:\/\/noticiasbahia360.com.br\/?cat=56\" rel=\"category\">Pol\u00edcia<\/a> <a href=\"https:\/\/noticiasbahia360.com.br\/?cat=10\" rel=\"category\">Pol\u00edtica<\/a>","tag_info":"Pol\u00edtica","comment_count":"0","_links":{"self":[{"href":"https:\/\/noticiasbahia360.com.br\/index.php?rest_route=\/wp\/v2\/posts\/126774","targetHints":{"allow":["GET"]}}],"collection":[{"href":"https:\/\/noticiasbahia360.com.br\/index.php?rest_route=\/wp\/v2\/posts"}],"about":[{"href":"https:\/\/noticiasbahia360.com.br\/index.php?rest_route=\/wp\/v2\/types\/post"}],"author":[{"embeddable":true,"href":"https:\/\/noticiasbahia360.com.br\/index.php?rest_route=\/wp\/v2\/users\/1"}],"replies":[{"embeddable":true,"href":"https:\/\/noticiasbahia360.com.br\/index.php?rest_route=%2Fwp%2Fv2%2Fcomments&post=126774"}],"version-history":[{"count":0,"href":"https:\/\/noticiasbahia360.com.br\/index.php?rest_route=\/wp\/v2\/posts\/126774\/revisions"}],"wp:featuredmedia":[{"embeddable":true,"href":"https:\/\/noticiasbahia360.com.br\/index.php?rest_route=\/wp\/v2\/media\/126775"}],"wp:attachment":[{"href":"https:\/\/noticiasbahia360.com.br\/index.php?rest_route=%2Fwp%2Fv2%2Fmedia&parent=126774"}],"wp:term":[{"taxonomy":"category","embeddable":true,"href":"https:\/\/noticiasbahia360.com.br\/index.php?rest_route=%2Fwp%2Fv2%2Fcategories&post=126774"},{"taxonomy":"post_tag","embeddable":true,"href":"https:\/\/noticiasbahia360.com.br\/index.php?rest_route=%2Fwp%2Fv2%2Ftags&post=126774"}],"curies":[{"name":"wp","href":"https:\/\/api.w.org\/{rel}","templated":true}]}} 