{"id":126776,"date":"2026-04-15T09:36:33","date_gmt":"2026-04-15T12:36:33","guid":{"rendered":"https:\/\/noticiasbahia360.com.br\/?p=126776"},"modified":"2026-04-15T09:36:33","modified_gmt":"2026-04-15T12:36:33","slug":"idoso-e-preso-acusado-de-estuprar-menina-de-11-anos-apos-irma-ler-relatos-do-crime-em-diario-da-vitima","status":"publish","type":"post","link":"https:\/\/noticiasbahia360.com.br\/?p=126776","title":{"rendered":"Idoso \u00e9 preso acusado de estuprar menina de 11 anos ap\u00f3s irm\u00e3 ler relatos do crime em di\u00e1rio da v\u00edtima\u00a0"},"content":{"rendered":"<div>\n<div>\n<figure><img decoding=\"async\" src=\"http:\/\/noticiasbahia360.com.br\/wp-content\/uploads\/2026\/04\/carta-diario-texto-menina-vitima-estupro-foto-divulgacao-.jpg\" alt=\"estupro\"><figcaption>Foto: Reprodu\u00e7\u00e3o \/g1<\/figcaption><\/figure>\n<\/div>\n<p>Um homem de 62 anos foi preso, na ter\u00e7a-feira (14), suspeito de ter cometido um estupro contra uma menina de 11 anos. O crime teria ocorrido em outubro de 2025 na cidade baiana de Ibirapitanga. <strong>O caso foi descoberto ap\u00f3s a irm\u00e3 mais velha da v\u00edtima ler relatos sobre o crime em um di\u00e1rio pessoal.<\/strong><\/p>\n<p>A Pol\u00edcia Civil confirmou que foi a irm\u00e3 da v\u00edtima que sinalizou aos pais o que tinha acontecido. A situa\u00e7\u00e3o tamb\u00e9m foi dividida no col\u00e9gio em que a menina estuda, que acionou o Conselho Tutelar da cidade e a pol\u00edcia.<\/p>\n<p>Segundo o g1, no texto teria sido escrito pela v\u00edtima, <strong>ela relata que o homem era amigo da fam\u00edlia e teria invadido o quarto em que ela estava durante uma visita \u00e0 casa dos pais dela.<\/strong> <\/p>\n<p>A menina relata ainda que a irm\u00e3 dormia no mesmo c\u00f4modo no momento da viol\u00eancia e que o suspeito tocou as partes \u00edntimas dela. \u201cNa hora, me deu um desespero, at\u00e9 que eu comecei a gritar: \u2018Sai daqui\u2019. Assim que ele saiu do quarto, eu comecei a chorar\u201d, relata a v\u00edtima.<\/p>\n<p>Ainda segundo o g1, a pol\u00edcia confirmou que o idoso j\u00e1 havia sido acusado do mesmo crime em 2024, com uma v\u00edtima de 13 anos.<\/p>\n<p><em>Siga o Acorda Cidade no<a href=\"https:\/\/news.google.com\/search?q=acorda%20cidade&amp;hl=pt-BR&amp;gl=BR&amp;ceid=BR%3Apt-419\" target=\"_blank\" rel=\"noreferrer noopener\">\u00a0Google Not\u00edcias<\/a>\u00a0e receba os principais destaques do dia.\u00a0Participe tamb\u00e9m dos nossos grupos no\u00a0<a href=\"https:\/\/chat.whatsapp.com\/DfZ444xJRPxBxk6kXW5zIZ\" target=\"_blank\" rel=\"noreferrer noopener\">WhatsApp<\/a>\u00a0e\u00a0<a href=\"https:\/\/t.me\/+sSz0khrgARA0ZmRh\" target=\"_blank\" rel=\"noreferrer noopener\">Telegram<\/a><\/em><\/p>\n<\/div>\n","protected":false},"excerpt":{"rendered":"<div>\n<div>\n<figure><img decoding=\"async\" src=\"https:\/\/uploads.acordacidade.com.br\/2026\/04\/carta-diario-texto-menina-vitima-estupro-foto-divulgacao-.jpg\" alt=\"estupro\"><figcaption>Foto: Reprodu\u00e7\u00e3o \/g1<\/figcaption><\/figure>\n<\/div>\n<p>A pol\u00edcia confirmou que o idoso j\u00e1 havia sido acusado pelo mesmo crime em 2024.<\/p><\/div>\n","protected":false},"author":1,"featured_media":126777,"comment_status":"closed","ping_status":"closed","sticky":false,"template":"","format":"gallery","meta":{"footnotes":""},"categories":[8,9,6,57,56,10],"tags":[],"class_list":["post-126776","post","type-post","status-publish","format-gallery","has-post-thumbnail","hentry","category-bahia","category-brasil","category-feira-de-santana","category-mundo","category-policia","category-politica","post_format-post-format-gallery"],"featured_image_urls":{"full":["https:\/\/noticiasbahia360.com.br\/wp-content\/uploads\/2026\/04\/carta-diario-texto-menina-vitima-estupro-foto-divulgacao-.jpg",1200,675,false],"thumbnail":["https:\/\/noticiasbahia360.com.br\/wp-content\/uploads\/2026\/04\/carta-diario-texto-menina-vitima-estupro-foto-divulgacao--150x150.jpg",150,150,true],"medium":["https:\/\/noticiasbahia360.com.br\/wp-content\/uploads\/2026\/04\/carta-diario-texto-menina-vitima-estupro-foto-divulgacao--300x169.jpg",300,169,true],"medium_large":["https:\/\/noticiasbahia360.com.br\/wp-content\/uploads\/2026\/04\/carta-diario-texto-menina-vitima-estupro-foto-divulgacao--768x432.jpg",640,360,true],"large":["https:\/\/noticiasbahia360.com.br\/wp-content\/uploads\/2026\/04\/carta-diario-texto-menina-vitima-estupro-foto-divulgacao--1024x576.jpg",640,360,true],"1536x1536":["https:\/\/noticiasbahia360.com.br\/wp-content\/uploads\/2026\/04\/carta-diario-texto-menina-vitima-estupro-foto-divulgacao-.jpg",1200,675,false],"2048x2048":["https:\/\/noticiasbahia360.com.br\/wp-content\/uploads\/2026\/04\/carta-diario-texto-menina-vitima-estupro-foto-divulgacao-.jpg",1200,675,false],"chromenews-featured":["https:\/\/noticiasbahia360.com.br\/wp-content\/uploads\/2026\/04\/carta-diario-texto-menina-vitima-estupro-foto-divulgacao--1024x576.jpg",1024,576,true],"chromenews-large":["https:\/\/noticiasbahia360.com.br\/wp-content\/uploads\/2026\/04\/carta-diario-texto-menina-vitima-estupro-foto-divulgacao--825x575.jpg",825,575,true],"chromenews-medium":["https:\/\/noticiasbahia360.com.br\/wp-content\/uploads\/2026\/04\/carta-diario-texto-menina-vitima-estupro-foto-divulgacao--590x410.jpg",590,410,true]},"author_info":{"display_name":"noticiasbahia360.com.br","author_link":"https:\/\/noticiasbahia360.com.br\/?author=1"},"category_info":"<a href=\"https:\/\/noticiasbahia360.com.br\/?cat=8\" rel=\"category\">Bahia<\/a> <a href=\"https:\/\/noticiasbahia360.com.br\/?cat=9\" rel=\"category\">Brasil<\/a> <a href=\"https:\/\/noticiasbahia360.com.br\/?cat=6\" rel=\"category\">Feira de Santana<\/a> <a href=\"https:\/\/noticiasbahia360.com.br\/?cat=57\" rel=\"category\">Mundo<\/a> <a href=\"https:\/\/noticiasbahia360.com.br\/?cat=56\" rel=\"category\">Pol\u00edcia<\/a> <a href=\"https:\/\/noticiasbahia360.com.br\/?cat=10\" rel=\"category\">Pol\u00edtica<\/a>","tag_info":"Pol\u00edtica","comment_count":"0","_links":{"self":[{"href":"https:\/\/noticiasbahia360.com.br\/index.php?rest_route=\/wp\/v2\/posts\/126776","targetHints":{"allow":["GET"]}}],"collection":[{"href":"https:\/\/noticiasbahia360.com.br\/index.php?rest_route=\/wp\/v2\/posts"}],"about":[{"href":"https:\/\/noticiasbahia360.com.br\/index.php?rest_route=\/wp\/v2\/types\/post"}],"author":[{"embeddable":true,"href":"https:\/\/noticiasbahia360.com.br\/index.php?rest_route=\/wp\/v2\/users\/1"}],"replies":[{"embeddable":true,"href":"https:\/\/noticiasbahia360.com.br\/index.php?rest_route=%2Fwp%2Fv2%2Fcomments&post=126776"}],"version-history":[{"count":0,"href":"https:\/\/noticiasbahia360.com.br\/index.php?rest_route=\/wp\/v2\/posts\/126776\/revisions"}],"wp:featuredmedia":[{"embeddable":true,"href":"https:\/\/noticiasbahia360.com.br\/index.php?rest_route=\/wp\/v2\/media\/126777"}],"wp:attachment":[{"href":"https:\/\/noticiasbahia360.com.br\/index.php?rest_route=%2Fwp%2Fv2%2Fmedia&parent=126776"}],"wp:term":[{"taxonomy":"category","embeddable":true,"href":"https:\/\/noticiasbahia360.com.br\/index.php?rest_route=%2Fwp%2Fv2%2Fcategories&post=126776"},{"taxonomy":"post_tag","embeddable":true,"href":"https:\/\/noticiasbahia360.com.br\/index.php?rest_route=%2Fwp%2Fv2%2Ftags&post=126776"}],"curies":[{"name":"wp","href":"https:\/\/api.w.org\/{rel}","templated":true}]}}