{"id":126778,"date":"2026-04-15T09:45:23","date_gmt":"2026-04-15T12:45:23","guid":{"rendered":"https:\/\/noticiasbahia360.com.br\/?p=126778"},"modified":"2026-04-15T09:45:23","modified_gmt":"2026-04-15T12:45:23","slug":"pf-deflagra-operacao-contra-extracao-irregular-de-quartzo-na-regiao-oeste-da-bahia","status":"publish","type":"post","link":"https:\/\/noticiasbahia360.com.br\/?p=126778","title":{"rendered":"PF deflagra opera\u00e7\u00e3o contra extra\u00e7\u00e3o irregular de quartzo na regi\u00e3o Oeste da Bahia"},"content":{"rendered":"<div>\n<div>\n<figure><img decoding=\"async\" src=\"http:\/\/noticiasbahia360.com.br\/wp-content\/uploads\/2026\/04\/Policia-Federal-Foto-Comunicacao-Social-da-Policia-Federal-na-Bahia-2.jpg\" alt=\"Pol\u00edcia Federal\"><figcaption>Foto: Comunica\u00e7\u00e3o Social da Pol\u00edcia Federal na Bahia <\/figcaption><\/figure>\n<\/div>\n<p>A Pol\u00edcia Federal deflagrou, nesta quarta-feira (15), opera\u00e7\u00e3o com o objetivo de investigar a extra\u00e7\u00e3o irregular de mineral (quartzo) na regi\u00e3o Oeste da Bahia. <\/p>\n<p>Foram cumpridos quatro mandados de busca e apreens\u00e3o, sendo tr\u00eas na cidade de Brotas de Maca\u00fabas, na Bahia, e um em Inimutaba, em Minas Gerais. Os mandados foram expedidos pela Justi\u00e7a Federal de Bom Jesus da Lapa (BA), em decorr\u00eancia de ind\u00edcios da pr\u00e1tica de crime contra o patrim\u00f4nio mineral, cuja compet\u00eancia \u00e9 da Uni\u00e3o.<\/p>\n<p>Durante o cumprimento das ordens judiciais, foram apreendidos documentos, equipamentos e outros elementos que ser\u00e3o submetidos \u00e0 an\u00e1lise pericial, com vistas ao aprofundamento das investiga\u00e7\u00f5es e \u00e0 identifica\u00e7\u00e3o de todos os envolvidos.<\/p>\n<p>As investiga\u00e7\u00f5es prosseguem com o objetivo de esclarecer completamente os fatos e responsabilizar os autores.<\/p>\n<p><strong>Leia tamb\u00e9m: <\/strong><\/p>\n<p><a href=\"https:\/\/www.acordacidade.com.br\/policia\/pf-deflagra-operacao-contra-mineracao-ilegal-de-ouro-em-santaluz\/\">PF deflagra opera\u00e7\u00e3o contra minera\u00e7\u00e3o ilegal de ouro em Santaluz<\/a><\/p>\n<p><em>Siga o Acorda Cidade no\u00a0<\/em><a href=\"https:\/\/news.google.com\/search?q=acorda%20cidade&amp;hl=pt-BR&amp;gl=BR&amp;ceid=BR%3Apt-419\"><strong><em>Google Not\u00edcias<\/em><\/strong><\/a><em>\u00a0e receba os principais destaques do dia. Participe tamb\u00e9m dos nossos canais no\u00a0<\/em><a href=\"https:\/\/www.whatsapp.com\/channel\/0029Va6Rb4v3WHTNnsh8WI3N\"><strong><em>WhatsApp<\/em><\/strong><\/a><em>\u00a0e\u00a0<\/em><a href=\"https:\/\/www.youtube.com\/@acordacidadenoticias\/videos\"><strong>YouTube<\/strong><\/a><em>\u00a0e grupo de\u00a0<\/em><a href=\"https:\/\/t.me\/+sSz0khrgARA0ZmRh\"><strong><em>Telegram<\/em><\/strong><\/a><em>.<\/em><\/p>\n<\/div>\n","protected":false},"excerpt":{"rendered":"<div>\n<div>\n<figure><img decoding=\"async\" src=\"https:\/\/www.acordacidade.com.br\/wp-content\/uploads\/2026\/03\/Policia-Federal-Foto-Comunicacao-Social-da-Policia-Federal-na-Bahia-2.jpg\" alt=\"Pol\u00edcia Federal\"><figcaption>Foto: Comunica\u00e7\u00e3o Social da Pol\u00edcia Federal na Bahia <\/figcaption><\/figure>\n<\/div>\n<p>Na opera\u00e7\u00e3o, foram cumpridos quatro mandados de busca e apreens\u00e3o nas cidades de Brotas de Maca\u00faba (Bahia) e um em Inimutaba (Minas Gerais).<\/p><\/div>\n","protected":false},"author":1,"featured_media":126779,"comment_status":"closed","ping_status":"closed","sticky":false,"template":"","format":"gallery","meta":{"footnotes":""},"categories":[8,9,6,57,56,10],"tags":[],"class_list":["post-126778","post","type-post","status-publish","format-gallery","has-post-thumbnail","hentry","category-bahia","category-brasil","category-feira-de-santana","category-mundo","category-policia","category-politica","post_format-post-format-gallery"],"featured_image_urls":{"full":["https:\/\/noticiasbahia360.com.br\/wp-content\/uploads\/2026\/04\/Policia-Federal-Foto-Comunicacao-Social-da-Policia-Federal-na-Bahia-2.jpg",1200,900,false],"thumbnail":["https:\/\/noticiasbahia360.com.br\/wp-content\/uploads\/2026\/04\/Policia-Federal-Foto-Comunicacao-Social-da-Policia-Federal-na-Bahia-2-150x150.jpg",150,150,true],"medium":["https:\/\/noticiasbahia360.com.br\/wp-content\/uploads\/2026\/04\/Policia-Federal-Foto-Comunicacao-Social-da-Policia-Federal-na-Bahia-2-300x225.jpg",300,225,true],"medium_large":["https:\/\/noticiasbahia360.com.br\/wp-content\/uploads\/2026\/04\/Policia-Federal-Foto-Comunicacao-Social-da-Policia-Federal-na-Bahia-2-768x576.jpg",640,480,true],"large":["https:\/\/noticiasbahia360.com.br\/wp-content\/uploads\/2026\/04\/Policia-Federal-Foto-Comunicacao-Social-da-Policia-Federal-na-Bahia-2-1024x768.jpg",640,480,true],"1536x1536":["https:\/\/noticiasbahia360.com.br\/wp-content\/uploads\/2026\/04\/Policia-Federal-Foto-Comunicacao-Social-da-Policia-Federal-na-Bahia-2.jpg",1200,900,false],"2048x2048":["https:\/\/noticiasbahia360.com.br\/wp-content\/uploads\/2026\/04\/Policia-Federal-Foto-Comunicacao-Social-da-Policia-Federal-na-Bahia-2.jpg",1200,900,false],"chromenews-featured":["https:\/\/noticiasbahia360.com.br\/wp-content\/uploads\/2026\/04\/Policia-Federal-Foto-Comunicacao-Social-da-Policia-Federal-na-Bahia-2-1024x768.jpg",1024,768,true],"chromenews-large":["https:\/\/noticiasbahia360.com.br\/wp-content\/uploads\/2026\/04\/Policia-Federal-Foto-Comunicacao-Social-da-Policia-Federal-na-Bahia-2-825x575.jpg",825,575,true],"chromenews-medium":["https:\/\/noticiasbahia360.com.br\/wp-content\/uploads\/2026\/04\/Policia-Federal-Foto-Comunicacao-Social-da-Policia-Federal-na-Bahia-2-590x410.jpg",590,410,true]},"author_info":{"display_name":"noticiasbahia360.com.br","author_link":"https:\/\/noticiasbahia360.com.br\/?author=1"},"category_info":"<a href=\"https:\/\/noticiasbahia360.com.br\/?cat=8\" rel=\"category\">Bahia<\/a> <a href=\"https:\/\/noticiasbahia360.com.br\/?cat=9\" rel=\"category\">Brasil<\/a> <a href=\"https:\/\/noticiasbahia360.com.br\/?cat=6\" rel=\"category\">Feira de Santana<\/a> <a href=\"https:\/\/noticiasbahia360.com.br\/?cat=57\" rel=\"category\">Mundo<\/a> <a href=\"https:\/\/noticiasbahia360.com.br\/?cat=56\" rel=\"category\">Pol\u00edcia<\/a> <a href=\"https:\/\/noticiasbahia360.com.br\/?cat=10\" rel=\"category\">Pol\u00edtica<\/a>","tag_info":"Pol\u00edtica","comment_count":"0","_links":{"self":[{"href":"https:\/\/noticiasbahia360.com.br\/index.php?rest_route=\/wp\/v2\/posts\/126778","targetHints":{"allow":["GET"]}}],"collection":[{"href":"https:\/\/noticiasbahia360.com.br\/index.php?rest_route=\/wp\/v2\/posts"}],"about":[{"href":"https:\/\/noticiasbahia360.com.br\/index.php?rest_route=\/wp\/v2\/types\/post"}],"author":[{"embeddable":true,"href":"https:\/\/noticiasbahia360.com.br\/index.php?rest_route=\/wp\/v2\/users\/1"}],"replies":[{"embeddable":true,"href":"https:\/\/noticiasbahia360.com.br\/index.php?rest_route=%2Fwp%2Fv2%2Fcomments&post=126778"}],"version-history":[{"count":0,"href":"https:\/\/noticiasbahia360.com.br\/index.php?rest_route=\/wp\/v2\/posts\/126778\/revisions"}],"wp:featuredmedia":[{"embeddable":true,"href":"https:\/\/noticiasbahia360.com.br\/index.php?rest_route=\/wp\/v2\/media\/126779"}],"wp:attachment":[{"href":"https:\/\/noticiasbahia360.com.br\/index.php?rest_route=%2Fwp%2Fv2%2Fmedia&parent=126778"}],"wp:term":[{"taxonomy":"category","embeddable":true,"href":"https:\/\/noticiasbahia360.com.br\/index.php?rest_route=%2Fwp%2Fv2%2Fcategories&post=126778"},{"taxonomy":"post_tag","embeddable":true,"href":"https:\/\/noticiasbahia360.com.br\/index.php?rest_route=%2Fwp%2Fv2%2Ftags&post=126778"}],"curies":[{"name":"wp","href":"https:\/\/api.w.org\/{rel}","templated":true}]}}