{"id":126780,"date":"2026-04-15T10:10:24","date_gmt":"2026-04-15T13:10:24","guid":{"rendered":"https:\/\/noticiasbahia360.com.br\/?p=126780"},"modified":"2026-04-15T10:10:24","modified_gmt":"2026-04-15T13:10:24","slug":"cuca-uefs-recebe-mais-uma-edicao-do-treino-aberto-de-danca-forro-em-vinho","status":"publish","type":"post","link":"https:\/\/noticiasbahia360.com.br\/?p=126780","title":{"rendered":"Cuca\/Uefs recebe mais uma edi\u00e7\u00e3o do treino aberto de dan\u00e7a \u201cForr\u00f3 em Vinho\u201d"},"content":{"rendered":"<div>\n<div>\n<figure><img decoding=\"async\" src=\"http:\/\/noticiasbahia360.com.br\/wp-content\/uploads\/2026\/04\/CucaUefs-recebe-mais-uma-edicao-do-treino-aberto-de-danca-Forro-em-Vinho-Foto-Divulgacao-.jpg\" alt=\"Cuca\/Uefs recebe mais uma edi\u00e7\u00e3o do treino aberto de dan\u00e7a \u201cForr\u00f3 em Vinho\u201d\"><figcaption>Foto: Divulga\u00e7\u00e3o<\/figcaption><\/figure>\n<\/div>\n<p>A \u00faltima edi\u00e7\u00e3o do treino aberto de dan\u00e7a \u201cForr\u00f3 e Vinho\u201d com o instrutor Wdson das Neves Feliciano no Centro Universit\u00e1rio de Cultura e Arte da Universidade Estadual de Feira de Santana (Cuca\/Uefs) foi um verdadeiro sucesso! Promovendo um espa\u00e7o de celebra\u00e7\u00e3o da cultura nordestina com a pr\u00e1tica livre de forr\u00f3 por parte de jovens, adultos e idosos da comunidade, ocorrer\u00e1 mais uma edi\u00e7\u00e3o do projeto na Arena do Cuca. A entrada segue sendo gratuita e o evento ocorrer\u00e1 no domingo do dia 19\/04\/2026, das 14h \u00e0s 18h.<\/p>\n<p>Nascido do desejo do instrutor de estender a experi\u00eancia de aprender a dan\u00e7ar forr\u00f3 \u2013 g\u00eanero nordestino existente h\u00e1 quase um s\u00e9culo e reconhecido, em 2021, como Patrim\u00f4nio Imaterial do Brasil pelo Iphan (Instituto do Patrim\u00f4nio Hist\u00f3rico e Art\u00edstico Nacional) \u2013 para o m\u00e1ximo de pessoas poss\u00edvel, o momento pretende ser de pr\u00e1tica livre, troca e de muito afeto.<\/p>\n<p>O treino ainda conta com um lanche coletivo. Cada integrante pode levar petiscos e sucos para esse encontro.<\/p>\n<p><em>Siga o Acorda Cidade no\u00a0<\/em><a href=\"https:\/\/news.google.com\/search?q=acorda%20cidade&amp;hl=pt-BR&amp;gl=BR&amp;ceid=BR%3Apt-419\"><strong><em>Google Not\u00edcias<\/em><\/strong><\/a><em>\u00a0e receba os principais destaques do dia. Participe tamb\u00e9m dos nossos canais no\u00a0<\/em><a href=\"https:\/\/www.whatsapp.com\/channel\/0029Va6Rb4v3WHTNnsh8WI3N\"><strong><em>WhatsApp<\/em><\/strong><\/a><em>\u00a0e\u00a0<\/em><a href=\"https:\/\/www.youtube.com\/@acordacidadenoticias\/videos\"><strong>YouTube<\/strong><\/a><em>\u00a0e grupo de\u00a0<\/em><a href=\"https:\/\/t.me\/+sSz0khrgARA0ZmRh\"><strong><em>Telegram<\/em><\/strong><\/a><em>.<\/em><\/p>\n<\/div>\n","protected":false},"excerpt":{"rendered":"<div>\n<div>\n<figure><img decoding=\"async\" src=\"https:\/\/uploads.acordacidade.com.br\/2026\/04\/CucaUefs-recebe-mais-uma-edicao-do-treino-aberto-de-danca-Forro-em-Vinho-Foto-Divulgacao-.jpg\" alt=\"Cuca\/Uefs recebe mais uma edi\u00e7\u00e3o do treino aberto de dan\u00e7a \u201cForr\u00f3 em Vinho\u201d\"><figcaption>Foto: Divulga\u00e7\u00e3o<\/figcaption><\/figure>\n<\/div>\n<p>O treino ainda conta com um lanche coletivo. Cada integrante pode levar petiscos e sucos para esse encontro.<\/p><\/div>\n","protected":false},"author":1,"featured_media":126781,"comment_status":"closed","ping_status":"closed","sticky":false,"template":"","format":"gallery","meta":{"footnotes":""},"categories":[8,9,6,57,56,10],"tags":[],"class_list":["post-126780","post","type-post","status-publish","format-gallery","has-post-thumbnail","hentry","category-bahia","category-brasil","category-feira-de-santana","category-mundo","category-policia","category-politica","post_format-post-format-gallery"],"featured_image_urls":{"full":["https:\/\/noticiasbahia360.com.br\/wp-content\/uploads\/2026\/04\/CucaUefs-recebe-mais-uma-edicao-do-treino-aberto-de-danca-Forro-em-Vinho-Foto-Divulgacao-.jpg",1200,630,false],"thumbnail":["https:\/\/noticiasbahia360.com.br\/wp-content\/uploads\/2026\/04\/CucaUefs-recebe-mais-uma-edicao-do-treino-aberto-de-danca-Forro-em-Vinho-Foto-Divulgacao--150x150.jpg",150,150,true],"medium":["https:\/\/noticiasbahia360.com.br\/wp-content\/uploads\/2026\/04\/CucaUefs-recebe-mais-uma-edicao-do-treino-aberto-de-danca-Forro-em-Vinho-Foto-Divulgacao--300x158.jpg",300,158,true],"medium_large":["https:\/\/noticiasbahia360.com.br\/wp-content\/uploads\/2026\/04\/CucaUefs-recebe-mais-uma-edicao-do-treino-aberto-de-danca-Forro-em-Vinho-Foto-Divulgacao--768x403.jpg",640,336,true],"large":["https:\/\/noticiasbahia360.com.br\/wp-content\/uploads\/2026\/04\/CucaUefs-recebe-mais-uma-edicao-do-treino-aberto-de-danca-Forro-em-Vinho-Foto-Divulgacao--1024x538.jpg",640,336,true],"1536x1536":["https:\/\/noticiasbahia360.com.br\/wp-content\/uploads\/2026\/04\/CucaUefs-recebe-mais-uma-edicao-do-treino-aberto-de-danca-Forro-em-Vinho-Foto-Divulgacao-.jpg",1200,630,false],"2048x2048":["https:\/\/noticiasbahia360.com.br\/wp-content\/uploads\/2026\/04\/CucaUefs-recebe-mais-uma-edicao-do-treino-aberto-de-danca-Forro-em-Vinho-Foto-Divulgacao-.jpg",1200,630,false],"chromenews-featured":["https:\/\/noticiasbahia360.com.br\/wp-content\/uploads\/2026\/04\/CucaUefs-recebe-mais-uma-edicao-do-treino-aberto-de-danca-Forro-em-Vinho-Foto-Divulgacao--1024x538.jpg",1024,538,true],"chromenews-large":["https:\/\/noticiasbahia360.com.br\/wp-content\/uploads\/2026\/04\/CucaUefs-recebe-mais-uma-edicao-do-treino-aberto-de-danca-Forro-em-Vinho-Foto-Divulgacao--825x575.jpg",825,575,true],"chromenews-medium":["https:\/\/noticiasbahia360.com.br\/wp-content\/uploads\/2026\/04\/CucaUefs-recebe-mais-uma-edicao-do-treino-aberto-de-danca-Forro-em-Vinho-Foto-Divulgacao--590x410.jpg",590,410,true]},"author_info":{"display_name":"noticiasbahia360.com.br","author_link":"https:\/\/noticiasbahia360.com.br\/?author=1"},"category_info":"<a href=\"https:\/\/noticiasbahia360.com.br\/?cat=8\" rel=\"category\">Bahia<\/a> <a href=\"https:\/\/noticiasbahia360.com.br\/?cat=9\" rel=\"category\">Brasil<\/a> <a href=\"https:\/\/noticiasbahia360.com.br\/?cat=6\" rel=\"category\">Feira de Santana<\/a> <a href=\"https:\/\/noticiasbahia360.com.br\/?cat=57\" rel=\"category\">Mundo<\/a> <a href=\"https:\/\/noticiasbahia360.com.br\/?cat=56\" rel=\"category\">Pol\u00edcia<\/a> <a href=\"https:\/\/noticiasbahia360.com.br\/?cat=10\" rel=\"category\">Pol\u00edtica<\/a>","tag_info":"Pol\u00edtica","comment_count":"0","_links":{"self":[{"href":"https:\/\/noticiasbahia360.com.br\/index.php?rest_route=\/wp\/v2\/posts\/126780","targetHints":{"allow":["GET"]}}],"collection":[{"href":"https:\/\/noticiasbahia360.com.br\/index.php?rest_route=\/wp\/v2\/posts"}],"about":[{"href":"https:\/\/noticiasbahia360.com.br\/index.php?rest_route=\/wp\/v2\/types\/post"}],"author":[{"embeddable":true,"href":"https:\/\/noticiasbahia360.com.br\/index.php?rest_route=\/wp\/v2\/users\/1"}],"replies":[{"embeddable":true,"href":"https:\/\/noticiasbahia360.com.br\/index.php?rest_route=%2Fwp%2Fv2%2Fcomments&post=126780"}],"version-history":[{"count":0,"href":"https:\/\/noticiasbahia360.com.br\/index.php?rest_route=\/wp\/v2\/posts\/126780\/revisions"}],"wp:featuredmedia":[{"embeddable":true,"href":"https:\/\/noticiasbahia360.com.br\/index.php?rest_route=\/wp\/v2\/media\/126781"}],"wp:attachment":[{"href":"https:\/\/noticiasbahia360.com.br\/index.php?rest_route=%2Fwp%2Fv2%2Fmedia&parent=126780"}],"wp:term":[{"taxonomy":"category","embeddable":true,"href":"https:\/\/noticiasbahia360.com.br\/index.php?rest_route=%2Fwp%2Fv2%2Fcategories&post=126780"},{"taxonomy":"post_tag","embeddable":true,"href":"https:\/\/noticiasbahia360.com.br\/index.php?rest_route=%2Fwp%2Fv2%2Ftags&post=126780"}],"curies":[{"name":"wp","href":"https:\/\/api.w.org\/{rel}","templated":true}]}}