{"id":126782,"date":"2026-04-15T10:10:25","date_gmt":"2026-04-15T13:10:25","guid":{"rendered":"https:\/\/noticiasbahia360.com.br\/?p=126782"},"modified":"2026-04-15T10:10:25","modified_gmt":"2026-04-15T13:10:25","slug":"bbb-26-gabriela-e-eliminada-no-16o-paredao","status":"publish","type":"post","link":"https:\/\/noticiasbahia360.com.br\/?p=126782","title":{"rendered":"BBB 26: Gabriela \u00e9 eliminada no 16\u00ba Pared\u00e3o"},"content":{"rendered":"<div>\n<div>\n<figure><img decoding=\"async\" src=\"http:\/\/noticiasbahia360.com.br\/wp-content\/uploads\/2026\/04\/Gabriela-BBB-26-Foto-Globo-150426.jpg\" alt=\"Gabriela - BBB 26\"><figcaption>Gabriela &#8211; BBB 26 | Foto: Globo <\/figcaption><\/figure>\n<\/div>\n<p>Na noite da \u00faltima ter\u00e7a-feira (14), Gabriela foi eliminada do Big Brother Brasil (BBB 26). Ele recebeu 64,12% da m\u00e9dia dos votos e deixou o jogo.<\/p>\n<p>Juliano Floss e Ana Paula Renault tamb\u00e9m estavam no 16\u00ba Pared\u00e3o e ficaram com 29,24% e 6,64% da m\u00e9dia, respectivamente.<\/p>\n<h2 class=\"wp-block-heading\" id=\"h-como-foi-formado-o-paredao-do-bbb\">Como foi formado o Pared\u00e3o do BBB?<\/h2>\n<p><strong><mark style=\"background-color:rgba(0, 0, 0, 0)\" class=\"has-inline-color has-luminous-vivid-amber-color\">L\u00edder<\/mark><\/strong><\/p>\n<p>A Prova do L\u00edder foi realizada no \u00faltimo domingo (12). A sister Jordana levou a melhor. Ela indicou Ana Paula Renault direto para o Pared\u00e3o.<\/p>\n<p><strong><mark style=\"background-color:rgba(0, 0, 0, 0)\" class=\"has-inline-color has-luminous-vivid-orange-color\">Confession\u00e1rio<\/mark><\/strong><\/p>\n<p>Gabriela foi a mais votada da noite. Ela recebeu quatro votos da casa.<\/p>\n<p><strong><mark style=\"background-color:rgba(0, 0, 0, 0)\" class=\"has-inline-color has-vivid-green-cyan-color\">Sonho do Poder<\/mark><\/strong><\/p>\n<p>Nesta din\u00e2mica, os brothers escolheram, cada um, um sonho colorido. Jordana optou pelo doce que recebeu mais votos do p\u00fablico para possuir o poder de mandar algu\u00e9m ao Pared\u00e3o do BBB 26. Desta vez, ela emparedou Juliano Floss.<\/p>\n<p><em>Siga o Acorda Cidade no<\/em><a href=\"https:\/\/news.google.com\/search?q=acorda%20cidade&amp;hl=pt-BR&amp;gl=BR&amp;ceid=BR%3Apt-419\"><strong><em>\u00a0Google Not\u00edcias<\/em><\/strong><\/a><em>\u00a0e receba os principais destaques do dia. Participe tamb\u00e9m dos nossos canais no\u00a0<\/em><a href=\"https:\/\/www.whatsapp.com\/channel\/0029Va6Rb4v3WHTNnsh8WI3N\"><strong><em>WhatsApp<\/em><\/strong><\/a><em>\u00a0e\u00a0<\/em><a href=\"https:\/\/www.youtube.com\/@acordacidadenoticias\/videos\"><strong>YouTube<\/strong><\/a><em>\u00a0e grupo de\u00a0<\/em><a href=\"https:\/\/t.me\/+sSz0khrgARA0ZmRh\"><strong><em>Telegram<\/em><\/strong><\/a><em>.<\/em><\/p>\n<\/div>\n","protected":false},"excerpt":{"rendered":"<div>\n<div>\n<figure><img decoding=\"async\" src=\"https:\/\/uploads.acordacidade.com.br\/2026\/04\/Gabriela-BBB-26-Foto-Globo-150426.jpg\" alt=\"Gabriela - BBB 26\"><figcaption>Gabriela &#8211; BBB 26 | Foto: Globo <\/figcaption><\/figure>\n<\/div>\n<p>Juliano Floss e Ana Paula Renault tamb\u00e9m estavam no 16\u00ba Pared\u00e3o do BBB 26 e ficaram com 29,24% e 6,64% da m\u00e9dia, respectivamente.<\/p><\/div>\n","protected":false},"author":1,"featured_media":126783,"comment_status":"closed","ping_status":"closed","sticky":false,"template":"","format":"gallery","meta":{"footnotes":""},"categories":[8,9,6,57,56,10],"tags":[],"class_list":["post-126782","post","type-post","status-publish","format-gallery","has-post-thumbnail","hentry","category-bahia","category-brasil","category-feira-de-santana","category-mundo","category-policia","category-politica","post_format-post-format-gallery"],"featured_image_urls":{"full":["https:\/\/noticiasbahia360.com.br\/wp-content\/uploads\/2026\/04\/Gabriela-BBB-26-Foto-Globo-150426.jpg",1200,676,false],"thumbnail":["https:\/\/noticiasbahia360.com.br\/wp-content\/uploads\/2026\/04\/Gabriela-BBB-26-Foto-Globo-150426-150x150.jpg",150,150,true],"medium":["https:\/\/noticiasbahia360.com.br\/wp-content\/uploads\/2026\/04\/Gabriela-BBB-26-Foto-Globo-150426-300x169.jpg",300,169,true],"medium_large":["https:\/\/noticiasbahia360.com.br\/wp-content\/uploads\/2026\/04\/Gabriela-BBB-26-Foto-Globo-150426-768x433.jpg",640,361,true],"large":["https:\/\/noticiasbahia360.com.br\/wp-content\/uploads\/2026\/04\/Gabriela-BBB-26-Foto-Globo-150426-1024x577.jpg",640,361,true],"1536x1536":["https:\/\/noticiasbahia360.com.br\/wp-content\/uploads\/2026\/04\/Gabriela-BBB-26-Foto-Globo-150426.jpg",1200,676,false],"2048x2048":["https:\/\/noticiasbahia360.com.br\/wp-content\/uploads\/2026\/04\/Gabriela-BBB-26-Foto-Globo-150426.jpg",1200,676,false],"chromenews-featured":["https:\/\/noticiasbahia360.com.br\/wp-content\/uploads\/2026\/04\/Gabriela-BBB-26-Foto-Globo-150426-1024x577.jpg",1024,577,true],"chromenews-large":["https:\/\/noticiasbahia360.com.br\/wp-content\/uploads\/2026\/04\/Gabriela-BBB-26-Foto-Globo-150426-825x575.jpg",825,575,true],"chromenews-medium":["https:\/\/noticiasbahia360.com.br\/wp-content\/uploads\/2026\/04\/Gabriela-BBB-26-Foto-Globo-150426-590x410.jpg",590,410,true]},"author_info":{"display_name":"noticiasbahia360.com.br","author_link":"https:\/\/noticiasbahia360.com.br\/?author=1"},"category_info":"<a href=\"https:\/\/noticiasbahia360.com.br\/?cat=8\" rel=\"category\">Bahia<\/a> <a href=\"https:\/\/noticiasbahia360.com.br\/?cat=9\" rel=\"category\">Brasil<\/a> <a href=\"https:\/\/noticiasbahia360.com.br\/?cat=6\" rel=\"category\">Feira de Santana<\/a> <a href=\"https:\/\/noticiasbahia360.com.br\/?cat=57\" rel=\"category\">Mundo<\/a> <a href=\"https:\/\/noticiasbahia360.com.br\/?cat=56\" rel=\"category\">Pol\u00edcia<\/a> <a href=\"https:\/\/noticiasbahia360.com.br\/?cat=10\" rel=\"category\">Pol\u00edtica<\/a>","tag_info":"Pol\u00edtica","comment_count":"0","_links":{"self":[{"href":"https:\/\/noticiasbahia360.com.br\/index.php?rest_route=\/wp\/v2\/posts\/126782","targetHints":{"allow":["GET"]}}],"collection":[{"href":"https:\/\/noticiasbahia360.com.br\/index.php?rest_route=\/wp\/v2\/posts"}],"about":[{"href":"https:\/\/noticiasbahia360.com.br\/index.php?rest_route=\/wp\/v2\/types\/post"}],"author":[{"embeddable":true,"href":"https:\/\/noticiasbahia360.com.br\/index.php?rest_route=\/wp\/v2\/users\/1"}],"replies":[{"embeddable":true,"href":"https:\/\/noticiasbahia360.com.br\/index.php?rest_route=%2Fwp%2Fv2%2Fcomments&post=126782"}],"version-history":[{"count":0,"href":"https:\/\/noticiasbahia360.com.br\/index.php?rest_route=\/wp\/v2\/posts\/126782\/revisions"}],"wp:featuredmedia":[{"embeddable":true,"href":"https:\/\/noticiasbahia360.com.br\/index.php?rest_route=\/wp\/v2\/media\/126783"}],"wp:attachment":[{"href":"https:\/\/noticiasbahia360.com.br\/index.php?rest_route=%2Fwp%2Fv2%2Fmedia&parent=126782"}],"wp:term":[{"taxonomy":"category","embeddable":true,"href":"https:\/\/noticiasbahia360.com.br\/index.php?rest_route=%2Fwp%2Fv2%2Fcategories&post=126782"},{"taxonomy":"post_tag","embeddable":true,"href":"https:\/\/noticiasbahia360.com.br\/index.php?rest_route=%2Fwp%2Fv2%2Ftags&post=126782"}],"curies":[{"name":"wp","href":"https:\/\/api.w.org\/{rel}","templated":true}]}}