{"id":126784,"date":"2026-04-15T10:21:56","date_gmt":"2026-04-15T13:21:56","guid":{"rendered":"https:\/\/noticiasbahia360.com.br\/?p=126784"},"modified":"2026-04-15T10:21:56","modified_gmt":"2026-04-15T13:21:56","slug":"leandro-boneco-conquista-ultima-lideranca-do-bbb-26","status":"publish","type":"post","link":"https:\/\/noticiasbahia360.com.br\/?p=126784","title":{"rendered":"Leandro Boneco conquista \u00faltima lideran\u00e7a do BBB 26"},"content":{"rendered":"<div>\n<div>\n<figure><img decoding=\"async\" src=\"http:\/\/noticiasbahia360.com.br\/wp-content\/uploads\/2026\/04\/Leandro-Boneco-BBB-26-Foto-Globo-150426.jpg\" alt=\"Leandro Boneco - BBB 26\"><figcaption>Leandro Boneco &#8211; BBB 26 | Foto: Globo <\/figcaption><\/figure>\n<\/div>\n<p>O baiano Leandro Boneco tirou a sorte grande na \u00faltima \u2018rodada\u2019 do Big Brother Brasil. Ap\u00f3s passar mais de 70 dias na Xepa, o produtor cultural conquistou a \u00faltima lideran\u00e7a da temporada em uma prova de sorte e agilidade.<\/p>\n<p>Boneco se saiu melhor na din\u00e2mica que consistia em encontrar tr\u00eas letras para completar uma frase e despachar tr\u00eas caixas de produtos na esteira de um avi\u00e3o. Quem finalizasse a prova primeiro conquistava a lideran\u00e7a.<\/p>\n<p>No VIP pela 1\u00aa vez como l\u00edder, o participante escolheu Jordana e Juliano Floss como benefici\u00e1rios do poder dele.<\/p>\n<p>O baiano, que agora se garantiu no TOP 4 do BBB 26, indicou Jordana para o pared\u00e3o, justificando que a advogada era a \u00faltima restante do grupo que tinha ele como op\u00e7\u00e3o de voto.<\/p>\n<p>\u201cN\u00e3o \u00e9 nenhuma d\u00favida que a \u00fanica advers\u00e1ria que ainda restou daquele grupo que queria me colocar para fora \u00e9 a Jordana. A gente teve nossos embates, respeito no jogo, mas acho que chegou um momento crucial de comprometimento. Ela, sendo a \u00fanica advers\u00e1ria do jogo que sobrou, eu vou indic\u00e1-la ao Pared\u00e3o\u201d, afirmou.<\/p>\n<p>Ana Paula foi a mais votada pela casa e Juliano, que havia voltado do pared\u00e3o com a aliada, foi puxado pelo contragolpe de Jordana.<\/p>\n<p>O resultado do pared\u00e3o ser\u00e1 divulgado na quinta-feira (16). Um novo pared\u00e3o ser\u00e1 formado para que o p\u00fablico decida entre tr\u00eas participantes qual dever\u00e1 levar o pr\u00eamio de R$ 5,4 milh\u00f5es, o maior j\u00e1 pago pelo BBB.<\/p>\n<p><em>Fonte: <a href=\"https:\/\/www.bahianoticias.com.br\/holofote\/noticia\/84002-leandro-boneco-conquista-ultima-lideranca-do-big-brother-brasil-26\" type=\"link\" id=\"https:\/\/www.bahianoticias.com.br\/holofote\/noticia\/84002-leandro-boneco-conquista-ultima-lideranca-do-big-brother-brasil-26\" target=\"_blank\" rel=\"noreferrer noopener\">Bahia Not\u00edcias<\/a>, site parceiro do Acorda Cidade.<\/em><\/p>\n<p><em>Siga o Acorda Cidade no<\/em><a href=\"https:\/\/news.google.com\/search?q=acorda%20cidade&amp;hl=pt-BR&amp;gl=BR&amp;ceid=BR%3Apt-419\"><strong><em>\u00a0Google Not\u00edcias<\/em><\/strong><\/a><em>\u00a0e receba os principais destaques do dia. Participe tamb\u00e9m dos nossos canais no\u00a0<\/em><a href=\"https:\/\/www.whatsapp.com\/channel\/0029Va6Rb4v3WHTNnsh8WI3N\"><strong><em>WhatsApp<\/em><\/strong><\/a><em>\u00a0e\u00a0<\/em><a href=\"https:\/\/www.youtube.com\/@acordacidadenoticias\/videos\"><strong>YouTube<\/strong><\/a><em>\u00a0e grupo de\u00a0<\/em><a href=\"https:\/\/t.me\/+sSz0khrgARA0ZmRh\"><strong><em>Telegram<\/em><\/strong><\/a><em>.<\/em><\/p>\n<\/div>\n","protected":false},"excerpt":{"rendered":"<div>\n<div>\n<figure><img decoding=\"async\" src=\"https:\/\/uploads.acordacidade.com.br\/2026\/04\/Leandro-Boneco-BBB-26-Foto-Globo-150426.jpg\" alt=\"Leandro Boneco - BBB 26\"><figcaption>Leandro Boneco &#8211; BBB 26 | Foto: Globo <\/figcaption><\/figure>\n<\/div>\n<p>No VIP do BBB 26 pela 1\u00aa vez como l\u00edder, o participante escolheu Jordana e Juliano Floss como benefici\u00e1rios do poder dele.<\/p><\/div>\n","protected":false},"author":1,"featured_media":126785,"comment_status":"closed","ping_status":"closed","sticky":false,"template":"","format":"gallery","meta":{"footnotes":""},"categories":[8,9,6,57,56,10],"tags":[],"class_list":["post-126784","post","type-post","status-publish","format-gallery","has-post-thumbnail","hentry","category-bahia","category-brasil","category-feira-de-santana","category-mundo","category-policia","category-politica","post_format-post-format-gallery"],"featured_image_urls":{"full":["https:\/\/noticiasbahia360.com.br\/wp-content\/uploads\/2026\/04\/Leandro-Boneco-BBB-26-Foto-Globo-150426.jpg",1200,630,false],"thumbnail":["https:\/\/noticiasbahia360.com.br\/wp-content\/uploads\/2026\/04\/Leandro-Boneco-BBB-26-Foto-Globo-150426-150x150.jpg",150,150,true],"medium":["https:\/\/noticiasbahia360.com.br\/wp-content\/uploads\/2026\/04\/Leandro-Boneco-BBB-26-Foto-Globo-150426-300x158.jpg",300,158,true],"medium_large":["https:\/\/noticiasbahia360.com.br\/wp-content\/uploads\/2026\/04\/Leandro-Boneco-BBB-26-Foto-Globo-150426-768x403.jpg",640,336,true],"large":["https:\/\/noticiasbahia360.com.br\/wp-content\/uploads\/2026\/04\/Leandro-Boneco-BBB-26-Foto-Globo-150426-1024x538.jpg",640,336,true],"1536x1536":["https:\/\/noticiasbahia360.com.br\/wp-content\/uploads\/2026\/04\/Leandro-Boneco-BBB-26-Foto-Globo-150426.jpg",1200,630,false],"2048x2048":["https:\/\/noticiasbahia360.com.br\/wp-content\/uploads\/2026\/04\/Leandro-Boneco-BBB-26-Foto-Globo-150426.jpg",1200,630,false],"chromenews-featured":["https:\/\/noticiasbahia360.com.br\/wp-content\/uploads\/2026\/04\/Leandro-Boneco-BBB-26-Foto-Globo-150426-1024x538.jpg",1024,538,true],"chromenews-large":["https:\/\/noticiasbahia360.com.br\/wp-content\/uploads\/2026\/04\/Leandro-Boneco-BBB-26-Foto-Globo-150426-825x575.jpg",825,575,true],"chromenews-medium":["https:\/\/noticiasbahia360.com.br\/wp-content\/uploads\/2026\/04\/Leandro-Boneco-BBB-26-Foto-Globo-150426-590x410.jpg",590,410,true]},"author_info":{"display_name":"noticiasbahia360.com.br","author_link":"https:\/\/noticiasbahia360.com.br\/?author=1"},"category_info":"<a href=\"https:\/\/noticiasbahia360.com.br\/?cat=8\" rel=\"category\">Bahia<\/a> <a href=\"https:\/\/noticiasbahia360.com.br\/?cat=9\" rel=\"category\">Brasil<\/a> <a href=\"https:\/\/noticiasbahia360.com.br\/?cat=6\" rel=\"category\">Feira de Santana<\/a> <a href=\"https:\/\/noticiasbahia360.com.br\/?cat=57\" rel=\"category\">Mundo<\/a> <a href=\"https:\/\/noticiasbahia360.com.br\/?cat=56\" rel=\"category\">Pol\u00edcia<\/a> <a href=\"https:\/\/noticiasbahia360.com.br\/?cat=10\" rel=\"category\">Pol\u00edtica<\/a>","tag_info":"Pol\u00edtica","comment_count":"0","_links":{"self":[{"href":"https:\/\/noticiasbahia360.com.br\/index.php?rest_route=\/wp\/v2\/posts\/126784","targetHints":{"allow":["GET"]}}],"collection":[{"href":"https:\/\/noticiasbahia360.com.br\/index.php?rest_route=\/wp\/v2\/posts"}],"about":[{"href":"https:\/\/noticiasbahia360.com.br\/index.php?rest_route=\/wp\/v2\/types\/post"}],"author":[{"embeddable":true,"href":"https:\/\/noticiasbahia360.com.br\/index.php?rest_route=\/wp\/v2\/users\/1"}],"replies":[{"embeddable":true,"href":"https:\/\/noticiasbahia360.com.br\/index.php?rest_route=%2Fwp%2Fv2%2Fcomments&post=126784"}],"version-history":[{"count":0,"href":"https:\/\/noticiasbahia360.com.br\/index.php?rest_route=\/wp\/v2\/posts\/126784\/revisions"}],"wp:featuredmedia":[{"embeddable":true,"href":"https:\/\/noticiasbahia360.com.br\/index.php?rest_route=\/wp\/v2\/media\/126785"}],"wp:attachment":[{"href":"https:\/\/noticiasbahia360.com.br\/index.php?rest_route=%2Fwp%2Fv2%2Fmedia&parent=126784"}],"wp:term":[{"taxonomy":"category","embeddable":true,"href":"https:\/\/noticiasbahia360.com.br\/index.php?rest_route=%2Fwp%2Fv2%2Fcategories&post=126784"},{"taxonomy":"post_tag","embeddable":true,"href":"https:\/\/noticiasbahia360.com.br\/index.php?rest_route=%2Fwp%2Fv2%2Ftags&post=126784"}],"curies":[{"name":"wp","href":"https:\/\/api.w.org\/{rel}","templated":true}]}}