{"id":126832,"date":"2026-04-15T13:15:35","date_gmt":"2026-04-15T16:15:35","guid":{"rendered":"https:\/\/noticiasbahia360.com.br\/?p=126832"},"modified":"2026-04-15T13:15:35","modified_gmt":"2026-04-15T16:15:35","slug":"ministerio-da-saude-anuncia-r-12-milhoes-para-enfrentamento-da-doenca-de-chagas","status":"publish","type":"post","link":"https:\/\/noticiasbahia360.com.br\/?p=126832","title":{"rendered":"Minist\u00e9rio da Sa\u00fade anuncia R$ 12 milh\u00f5es para enfrentamento da doen\u00e7a de Chagas"},"content":{"rendered":"<div>\n<div>\n<figure><img decoding=\"async\" src=\"http:\/\/noticiasbahia360.com.br\/wp-content\/uploads\/2026\/04\/unnamed-8-1.jpg\" alt=\"doen\u00e7a de chagas\"><figcaption>Foto: Secretaria Estadual de Sa\u00fade do Tocantins\/Reprodu\u00e7\u00e3o<br \/>\n<\/figcaption><\/figure>\n<\/div>\n<p>Ag\u00eancia Brasil \u2013 <strong>O Minist\u00e9rio da Sa\u00fade anunciou R$ 12 milh\u00f5es para o fortalecimento de a\u00e7\u00f5es de vigil\u00e2ncia e controle da doen\u00e7a de Chagas em 17 estados brasileiros.<\/strong>\u00a0Em nota, a pasta informou que o recurso fortalece a capacidade de atua\u00e7\u00e3o cont\u00ednua em 155 munic\u00edpios considerados priorit\u00e1rios, apoiando a\u00e7\u00f5es essenciais como captura e monitoramento de vetores, vigil\u00e2ncia e resposta r\u00e1pida a focos.<img decoding=\"async\" src=\"https:\/\/agenciabrasil.ebc.com.br\/ebc.png?id=1686030&amp;o=node\"><img decoding=\"async\" src=\"https:\/\/agenciabrasil.ebc.com.br\/ebc.gif?id=1686030&amp;o=node\"><\/p>\n<p>No comunicado, o minist\u00e9rio destaca que An\u00e1polis (GO) e Goi\u00e2nia foram reconhecidos com selo bronze de boas pr\u00e1ticas para elimina\u00e7\u00e3o da transmiss\u00e3o vertical da doen\u00e7a de Chagas e que a\u00a0<strong>enfermidade ainda representa um desafio importante para a sa\u00fade p\u00fablica, sobretudo em \u00e1reas com maior vulnerabilidade social e com a presen\u00e7a de vetores.<\/strong><\/p>\n<p><strong>\u201cEstamos direcionando recursos com base em crit\u00e9rios t\u00e9cnicos, o que permite maior efetividade das a\u00e7\u00f5es e impacto direto na redu\u00e7\u00e3o da transmiss\u00e3o. Nosso compromisso \u00e9 ampliar o diagn\u00f3stico, garantir o tratamento oportuno e avan\u00e7ar de forma consistente na elimina\u00e7\u00e3o da doen\u00e7a como problema de sa\u00fade p\u00fablica no Brasil\u201d, informou a secret\u00e1ria de Vigil\u00e2ncia em Sa\u00fade e Meio Ambiente da pasta, Mari\u00e2ngela Sim\u00e3o.<\/strong><\/p>\n<h2 class=\"wp-block-heading\" id=\"h-selecao\">Sele\u00e7\u00e3o<\/h2>\n<p>De acordo com o minist\u00e9rio, a sele\u00e7\u00e3o de munic\u00edpios foi baseada em crit\u00e9rios t\u00e9cnicos que consideram a intera\u00e7\u00e3o dos insetos vetores com o ambiente e a vulnerabilidade social, com prioridade para cidades classificadas como de risco muito alto em \u00edndice composto (presen\u00e7a de vetores e condi\u00e7\u00f5es socioambientais) e localidades com registro recente do vetor.<\/p>\n<p><strong>Tamb\u00e9m foram considerados munic\u00edpios com alta prioridade e muito alta prioridade para a forma cr\u00f4nica da doen\u00e7a de Chagas, concentrados principalmente nas Regi\u00f5es Nordeste e Sudeste.<\/strong><\/p>\n<h2 class=\"wp-block-heading\" id=\"h-pesquisa\">Pesquisa<\/h2>\n<p><strong>A pasta anunciou ainda, em parceria com a Funda\u00e7\u00e3o Oswaldo Cruz (Fiocruz), a fase 2 do projeto Sel\u00eanio como tratamento na cardiopatia cr\u00f4nica da doen\u00e7a de Chagas, que busca avaliar a efic\u00e1cia e a seguran\u00e7a do mineral como estrat\u00e9gia terap\u00eautica complementar para pacientes com cardiopatia chag\u00e1sica cr\u00f4nica. Ser\u00e3o investidos, ao todo, R$ 8,6 milh\u00f5es.<\/strong><\/p>\n<p>A expectativa do governo federal \u00e9 que a pesquisa gere evid\u00eancias cient\u00edficas mais robustas e representativas em diferentes perfis de pacientes.<\/p>\n<p><strong>\u201cOs resultados poder\u00e3o subsidiar a avalia\u00e7\u00e3o de tecnologias \u00e0 base de sel\u00eanio \u2014 subst\u00e2ncia com a\u00e7\u00e3o antioxidante e anti-inflamat\u00f3ria \u2014 para prote\u00e7\u00e3o cardiovascular, al\u00e9m de apoiar sua poss\u00edvel incorpora\u00e7\u00e3o ao Sistema \u00danico de Sa\u00fade (SUS)\u201d, avaliou o minist\u00e9rio.<\/strong><\/p>\n<h2 class=\"wp-block-heading\" id=\"h-numeros\">N\u00fameros<\/h2>\n<p>O cen\u00e1rio epidemiol\u00f3gico da doen\u00e7a de Chagas no Brasil refor\u00e7a a urg\u00eancia de medidas de enfrentamento.\u00a0<strong>Em 2024, foram registrados 3.750 \u00f3bitos, com maior concentra\u00e7\u00e3o no Sudeste. No mesmo per\u00edodo, houve 520 casos agudos, principalmente no Norte, com destaque para o Par\u00e1.<\/strong><\/p>\n<p><strong>J\u00e1 em 2025, dados preliminares indicam 627 casos agudos (97% no Norte) e 8.106 casos cr\u00f4nicos, concentrados em Minas Gerais, na Bahia e em Goi\u00e1s, evidenciando a persist\u00eancia da doen\u00e7a em \u00e1reas end\u00eamicas.<\/strong><\/p>\n<h2 class=\"wp-block-heading\" id=\"h-entenda\">Entenda<\/h2>\n<p>A doen\u00e7a de Chagas \u00e9 uma infec\u00e7\u00e3o causada por um parasita chamado Trypanosoma cruzi e que pode evoluir em duas fases:<\/p>\n<p>\u2013 Fase aguda: acontece logo ap\u00f3s a infec\u00e7\u00e3o. A pessoa pode apresentar sintomas ou n\u00e3o.<\/p>\n<p>\u2013 Fase cr\u00f4nica: pode surgir anos depois. Em muitos casos, a pessoa n\u00e3o apresenta sintomas, mas a doen\u00e7a pode causar problemas no cora\u00e7\u00e3o e no sistema digestivo.<\/p>\n<p>Os triatom\u00edneos s\u00e3o insetos conhecidos como barbeiro, chup\u00e3o, procot\u00f3 ou bicudo. Eles passam pelas fases de ovo, ninfa e adultos. Tanto as ninfas quanto os adultos se alimentam de sangue e, quando est\u00e3o infectados, podem transmitir o parasita da doen\u00e7a de Chagas.<\/p>\n<h2 class=\"wp-block-heading\" id=\"h-a-transmissao-pode-acontecer-de-diversas-formas\">A transmiss\u00e3o pode acontecer de diversas formas:<\/h2>\n<p>\u2013 Vetorial: quando as fezes do barbeiro infectado entram em contato com feridas na pele ou mucosas ap\u00f3s a picada.<\/p>\n<p>\u2013 Oral: pela ingest\u00e3o de alimentos ou bebidas contaminadas com o parasita.<\/p>\n<p>\u2013 Vertical (cong\u00eanita): da m\u00e3e infectada para o beb\u00ea durante a gravidez ou o parto.<\/p>\n<p>\u2013 Transfus\u00e3o ou transplante: por sangue ou \u00f3rg\u00e3os de doadores infectados.<\/p>\n<p>\u2013 Acidental: contato com material contaminado, geralmente em laborat\u00f3rios ou durante a manipula\u00e7\u00e3o de animais silvestres.<\/p>\n<p><strong>Na fase aguda, os sintomas mais comuns s\u00e3o:<\/strong><\/p>\n<p>\u2013 febre por mais de sete dias e dor de cabe\u00e7a;<\/p>\n<p>\u2013 fraqueza intensa, incha\u00e7o no rosto e nas pernas;<\/p>\n<p>\u2013 ferida parecida com fur\u00fanculo no local da entrada do parasita (em casos de transmiss\u00e3o pelo barbeiro).<\/p>\n<p><strong>J\u00e1 na fase cr\u00f4nica, logo de in\u00edcio, a pessoa pode n\u00e3o sentir nada. Com o tempo, podem surgir:<\/strong><\/p>\n<p>\u2013 problemas no cora\u00e7\u00e3o, incluindo insufici\u00eancia card\u00edaca;<\/p>\n<p>\u2013 problemas digestivos, como aumento do intestino (megac\u00f3lon);<\/p>\n<p>\u2013 aumento do es\u00f4fago (megaes\u00f4fago).<\/p>\n<p><strong>A preven\u00e7\u00e3o da doen\u00e7a de Chagas, de acordo com o minist\u00e9rio, est\u00e1 diretamente ligada \u00e0 forma de transmiss\u00e3o. Uma medida importante \u00e9 evitar a presen\u00e7a de barbeiros nas casas, com a\u00e7\u00f5es feitas pelas equipes de sa\u00fade. Tamb\u00e9m \u00e9 recomendado:<\/strong><\/p>\n<p>\u2013 Usar telas em portas e janelas ou mosquiteiros.<\/p>\n<p>\u2013 Utilizar repelentes e roupas de manga longa, principalmente \u00e0 noite e em \u00e1reas de mata.<\/p>\n<p><strong>Para evitar a transmiss\u00e3o pelos alimentos, a orienta\u00e7\u00e3o \u00e9:<\/strong><\/p>\n<p>\u2013 Lavar bem frutas, verduras e legumes com \u00e1gua pot\u00e1vel.<\/p>\n<p>\u2013 Observar os alimentos antes de triturar ou bater.<\/p>\n<p>\u2013 Manter o local de preparo limpo e protegido.<\/p>\n<p>\u2013 Guardar alimentos em recipientes fechados.<\/p>\n<p>\u2013 Realizar orienta\u00e7\u00f5es e treinamentos para quem manipula alimentos.<\/p>\n<p><em>Siga o Acorda Cidade no<\/em><a href=\"https:\/\/news.google.com\/search?q=acorda%20cidade&amp;hl=pt-BR&amp;gl=BR&amp;ceid=BR%3Apt-419\"><strong><em>\u00a0Google Not\u00edcias<\/em><\/strong><\/a><em>\u00a0e receba os principais destaques do dia. Participe tamb\u00e9m dos nossos canais no\u00a0<\/em><a href=\"https:\/\/www.whatsapp.com\/channel\/0029Va6Rb4v3WHTNnsh8WI3N\"><strong><em>WhatsApp<\/em><\/strong><\/a><em>\u00a0e\u00a0<\/em><a href=\"https:\/\/www.youtube.com\/@acordacidadenoticias\/videos\"><strong>YouTube<\/strong><\/a><em>\u00a0e grupo de\u00a0<\/em><a href=\"https:\/\/t.me\/+sSz0khrgARA0ZmRh\"><strong><em>Telegram<\/em><\/strong><\/a><em>.<\/em><\/p>\n<\/div>\n","protected":false},"excerpt":{"rendered":"<div>\n<div>\n<figure><img decoding=\"async\" src=\"https:\/\/uploads.acordacidade.com.br\/2026\/04\/unnamed-8.jpg\" alt=\"doen\u00e7a de chagas\"><figcaption>Foto: Secretaria Estadual de Sa\u00fade do Tocantins\/Reprodu\u00e7\u00e3o<br \/>\n<\/figcaption><\/figure>\n<\/div>\n<p>An\u00e1polis (GO) e Goi\u00e2nia foram reconhecidos com selo bronze de boas pr\u00e1ticas para elimina\u00e7\u00e3o da transmiss\u00e3o vertical da doen\u00e7a de Chagas.<\/p><\/div>\n","protected":false},"author":1,"featured_media":126833,"comment_status":"closed","ping_status":"closed","sticky":false,"template":"","format":"gallery","meta":{"footnotes":""},"categories":[8,9,6,57,56,10],"tags":[],"class_list":["post-126832","post","type-post","status-publish","format-gallery","has-post-thumbnail","hentry","category-bahia","category-brasil","category-feira-de-santana","category-mundo","category-policia","category-politica","post_format-post-format-gallery"],"featured_image_urls":{"full":["https:\/\/noticiasbahia360.com.br\/wp-content\/uploads\/2026\/04\/unnamed-8-1.jpg",1080,565,false],"thumbnail":["https:\/\/noticiasbahia360.com.br\/wp-content\/uploads\/2026\/04\/unnamed-8-1-150x150.jpg",150,150,true],"medium":["https:\/\/noticiasbahia360.com.br\/wp-content\/uploads\/2026\/04\/unnamed-8-1-300x157.jpg",300,157,true],"medium_large":["https:\/\/noticiasbahia360.com.br\/wp-content\/uploads\/2026\/04\/unnamed-8-1-768x402.jpg",640,335,true],"large":["https:\/\/noticiasbahia360.com.br\/wp-content\/uploads\/2026\/04\/unnamed-8-1-1024x536.jpg",640,335,true],"1536x1536":["https:\/\/noticiasbahia360.com.br\/wp-content\/uploads\/2026\/04\/unnamed-8-1.jpg",1080,565,false],"2048x2048":["https:\/\/noticiasbahia360.com.br\/wp-content\/uploads\/2026\/04\/unnamed-8-1.jpg",1080,565,false],"chromenews-featured":["https:\/\/noticiasbahia360.com.br\/wp-content\/uploads\/2026\/04\/unnamed-8-1-1024x536.jpg",1024,536,true],"chromenews-large":["https:\/\/noticiasbahia360.com.br\/wp-content\/uploads\/2026\/04\/unnamed-8-1-825x565.jpg",825,565,true],"chromenews-medium":["https:\/\/noticiasbahia360.com.br\/wp-content\/uploads\/2026\/04\/unnamed-8-1-590x410.jpg",590,410,true]},"author_info":{"display_name":"noticiasbahia360.com.br","author_link":"https:\/\/noticiasbahia360.com.br\/?author=1"},"category_info":"<a href=\"https:\/\/noticiasbahia360.com.br\/?cat=8\" rel=\"category\">Bahia<\/a> <a href=\"https:\/\/noticiasbahia360.com.br\/?cat=9\" rel=\"category\">Brasil<\/a> <a href=\"https:\/\/noticiasbahia360.com.br\/?cat=6\" rel=\"category\">Feira de Santana<\/a> <a href=\"https:\/\/noticiasbahia360.com.br\/?cat=57\" rel=\"category\">Mundo<\/a> <a href=\"https:\/\/noticiasbahia360.com.br\/?cat=56\" rel=\"category\">Pol\u00edcia<\/a> <a href=\"https:\/\/noticiasbahia360.com.br\/?cat=10\" rel=\"category\">Pol\u00edtica<\/a>","tag_info":"Pol\u00edtica","comment_count":"0","_links":{"self":[{"href":"https:\/\/noticiasbahia360.com.br\/index.php?rest_route=\/wp\/v2\/posts\/126832","targetHints":{"allow":["GET"]}}],"collection":[{"href":"https:\/\/noticiasbahia360.com.br\/index.php?rest_route=\/wp\/v2\/posts"}],"about":[{"href":"https:\/\/noticiasbahia360.com.br\/index.php?rest_route=\/wp\/v2\/types\/post"}],"author":[{"embeddable":true,"href":"https:\/\/noticiasbahia360.com.br\/index.php?rest_route=\/wp\/v2\/users\/1"}],"replies":[{"embeddable":true,"href":"https:\/\/noticiasbahia360.com.br\/index.php?rest_route=%2Fwp%2Fv2%2Fcomments&post=126832"}],"version-history":[{"count":0,"href":"https:\/\/noticiasbahia360.com.br\/index.php?rest_route=\/wp\/v2\/posts\/126832\/revisions"}],"wp:featuredmedia":[{"embeddable":true,"href":"https:\/\/noticiasbahia360.com.br\/index.php?rest_route=\/wp\/v2\/media\/126833"}],"wp:attachment":[{"href":"https:\/\/noticiasbahia360.com.br\/index.php?rest_route=%2Fwp%2Fv2%2Fmedia&parent=126832"}],"wp:term":[{"taxonomy":"category","embeddable":true,"href":"https:\/\/noticiasbahia360.com.br\/index.php?rest_route=%2Fwp%2Fv2%2Fcategories&post=126832"},{"taxonomy":"post_tag","embeddable":true,"href":"https:\/\/noticiasbahia360.com.br\/index.php?rest_route=%2Fwp%2Fv2%2Ftags&post=126832"}],"curies":[{"name":"wp","href":"https:\/\/api.w.org\/{rel}","templated":true}]}}