{"id":126834,"date":"2026-04-15T13:15:36","date_gmt":"2026-04-15T16:15:36","guid":{"rendered":"https:\/\/noticiasbahia360.com.br\/?p=126834"},"modified":"2026-04-15T13:15:36","modified_gmt":"2026-04-15T16:15:36","slug":"ministro-do-stf-abre-inquerito-contra-flavio-bolsonaro-por-suposta-calunia-a-lula","status":"publish","type":"post","link":"https:\/\/noticiasbahia360.com.br\/?p=126834","title":{"rendered":"Ministro do STF abre inqu\u00e9rito contra Fl\u00e1vio Bolsonaro por suposta cal\u00fania a Lula"},"content":{"rendered":"<div>\n<div>\n<figure><img decoding=\"async\" src=\"http:\/\/noticiasbahia360.com.br\/wp-content\/uploads\/2026\/04\/Alexandre-de-Morais-7.jpg\" alt=\"Alexandre de Morais\"><figcaption>Foto: Marcelo Camargo\/Ag\u00eancia Brasil<\/figcaption><\/figure>\n<\/div>\n<p>Ag\u00eancia Brasil- <strong>O ministro Alexandre de Moraes, do Supremo Tribunal Federal (STF), determinou a abertura de um inqu\u00e9rito contra o senador Fl\u00e1vio Bolsonaro (PL-RJ), por supostamente ter caluniado o presidente da Rep\u00fablica, Luiz In\u00e1cio Lula da Silva<\/strong>.<img decoding=\"async\" src=\"https:\/\/agenciabrasil.ebc.com.br\/ebc.png?id=1686026&amp;o=node\"><img decoding=\"async\" src=\"https:\/\/agenciabrasil.ebc.com.br\/ebc.gif?id=1686026&amp;o=node\"><\/p>\n<p>O caso remonta a uma publica\u00e7\u00e3o feita por Fl\u00e1vio na rede social X no dia 3 de janeiro, em que atribui a Lula a pr\u00e1tica de diversos crimes. \u201cLula ser\u00e1 delatado. \u00c9 o fim do Foro de S\u00e3o Paulo: tr\u00e1fico internacional de drogas e armas, lavagem de dinheiro, suporte a terroristas e ditaduras, elei\u00e7\u00f5es fraudadas\u2026\u201d, diz o post.<\/p>\n<p>A publica\u00e7\u00e3o trazia ainda imagem da pris\u00e3o do ent\u00e3o presidente da Venezuela, Nicol\u00e1s Maduro, pelas For\u00e7as Armadas dos Estados Unidos, ao lado da reprodu\u00e7\u00e3o de uma reportagem com a imagem de Lula, com a manchete \u201cLula convoca reuni\u00e3o de emerg\u00eancia ap\u00f3s Trump capturar Maduro\u201d.<\/p>\n<p>A abertura do inqu\u00e9rito havia sido pedida pela Pol\u00edcia Federal (PF), com o aval da Procuradoria-Geral da Rep\u00fablica (PGR). Em parecer, o \u00f3rg\u00e3o afirmou que a medida\u00a0<strong>\u201cest\u00e1 amparada em uma publica\u00e7\u00e3o realizada em ambiente virtual p\u00fablico, acess\u00edvel a milhares de usu\u00e1rios, em que se atribui falsamente, de maneira p\u00fablica e vexat\u00f3ria, fatos delituosos ao Presidente da Rep\u00fablica\u201d.<\/strong><\/p>\n<p>Agora, a PF ter\u00e1 um prazo inicial de 60 dias para concluir as investiga\u00e7\u00f5es. Moraes determinou ainda o levantamento do sigilo do processo, \u201cuma vez que n\u00e3o se encontram presentes os elementos excepcionais que permitem o afastamento da ampla publicidade\u201d, escreveu o ministro na curta decis\u00e3o de tr\u00eas p\u00e1ginas.<\/p>\n<p>A abertura do inqu\u00e9rito contra Fl\u00e1vio Bolsonaro ocorre num momento de defini\u00e7\u00e3o das candidaturas \u00e0 Presid\u00eancia para a elei\u00e7\u00e3o de outubro. O senador foi escolhido pelo pai, o ex-presidente Jair Bolsonaro, que foi declarado ineleg\u00edvel pela Justi\u00e7a Eleitoral, como representante da fam\u00edlia na corrida presidencial.\u00a0<\/p>\n<p><em>Siga o Acorda Cidade no\u00a0<\/em><a href=\"https:\/\/news.google.com\/search?q=acorda%20cidade&amp;hl=pt-BR&amp;gl=BR&amp;ceid=BR%3Apt-419\"><strong><em>Google Not\u00edcias<\/em><\/strong><\/a><em>\u00a0e receba os principais destaques do dia. Participe tamb\u00e9m dos nossos canais no\u00a0<\/em><a href=\"https:\/\/www.whatsapp.com\/channel\/0029Va6Rb4v3WHTNnsh8WI3N\"><strong><em>WhatsApp<\/em><\/strong><\/a><em>\u00a0e\u00a0<\/em><a href=\"https:\/\/www.youtube.com\/@acordacidadenoticias\/videos\"><strong>YouTube<\/strong><\/a><em>\u00a0e grupo de\u00a0<\/em><a href=\"https:\/\/t.me\/+sSz0khrgARA0ZmRh\"><strong><em>Telegram<\/em><\/strong><\/a><em>.<\/em><\/p>\n<\/div>\n","protected":false},"excerpt":{"rendered":"<div>\n<div>\n<figure><img decoding=\"async\" src=\"https:\/\/www.acordacidade.com.br\/wp-content\/uploads\/2024\/04\/17103451\/Alexandre-de-Morais-7.jpg\" alt=\"Alexandre de Morais\"><figcaption>Foto: Marcelo Camargo\/Ag\u00eancia Brasil<\/figcaption><\/figure>\n<\/div>\n<p>O caso remonta a uma publica\u00e7\u00e3o feita por Fl\u00e1vio na rede social X no dia 3 de janeiro, em que atribui a Lula a pr\u00e1tica de diversos crimes.<\/p><\/div>\n","protected":false},"author":1,"featured_media":126835,"comment_status":"closed","ping_status":"closed","sticky":false,"template":"","format":"gallery","meta":{"footnotes":""},"categories":[8,9,6,57,56,10],"tags":[],"class_list":["post-126834","post","type-post","status-publish","format-gallery","has-post-thumbnail","hentry","category-bahia","category-brasil","category-feira-de-santana","category-mundo","category-policia","category-politica","post_format-post-format-gallery"],"featured_image_urls":{"full":["https:\/\/noticiasbahia360.com.br\/wp-content\/uploads\/2026\/04\/Alexandre-de-Morais-7.jpg",640,382,false],"thumbnail":["https:\/\/noticiasbahia360.com.br\/wp-content\/uploads\/2026\/04\/Alexandre-de-Morais-7-150x150.jpg",150,150,true],"medium":["https:\/\/noticiasbahia360.com.br\/wp-content\/uploads\/2026\/04\/Alexandre-de-Morais-7-300x179.jpg",300,179,true],"medium_large":["https:\/\/noticiasbahia360.com.br\/wp-content\/uploads\/2026\/04\/Alexandre-de-Morais-7.jpg",640,382,false],"large":["https:\/\/noticiasbahia360.com.br\/wp-content\/uploads\/2026\/04\/Alexandre-de-Morais-7.jpg",640,382,false],"1536x1536":["https:\/\/noticiasbahia360.com.br\/wp-content\/uploads\/2026\/04\/Alexandre-de-Morais-7.jpg",640,382,false],"2048x2048":["https:\/\/noticiasbahia360.com.br\/wp-content\/uploads\/2026\/04\/Alexandre-de-Morais-7.jpg",640,382,false],"chromenews-featured":["https:\/\/noticiasbahia360.com.br\/wp-content\/uploads\/2026\/04\/Alexandre-de-Morais-7.jpg",640,382,false],"chromenews-large":["https:\/\/noticiasbahia360.com.br\/wp-content\/uploads\/2026\/04\/Alexandre-de-Morais-7.jpg",640,382,false],"chromenews-medium":["https:\/\/noticiasbahia360.com.br\/wp-content\/uploads\/2026\/04\/Alexandre-de-Morais-7-590x382.jpg",590,382,true]},"author_info":{"display_name":"noticiasbahia360.com.br","author_link":"https:\/\/noticiasbahia360.com.br\/?author=1"},"category_info":"<a href=\"https:\/\/noticiasbahia360.com.br\/?cat=8\" rel=\"category\">Bahia<\/a> <a href=\"https:\/\/noticiasbahia360.com.br\/?cat=9\" rel=\"category\">Brasil<\/a> <a href=\"https:\/\/noticiasbahia360.com.br\/?cat=6\" rel=\"category\">Feira de Santana<\/a> <a href=\"https:\/\/noticiasbahia360.com.br\/?cat=57\" rel=\"category\">Mundo<\/a> <a href=\"https:\/\/noticiasbahia360.com.br\/?cat=56\" rel=\"category\">Pol\u00edcia<\/a> <a href=\"https:\/\/noticiasbahia360.com.br\/?cat=10\" rel=\"category\">Pol\u00edtica<\/a>","tag_info":"Pol\u00edtica","comment_count":"0","_links":{"self":[{"href":"https:\/\/noticiasbahia360.com.br\/index.php?rest_route=\/wp\/v2\/posts\/126834","targetHints":{"allow":["GET"]}}],"collection":[{"href":"https:\/\/noticiasbahia360.com.br\/index.php?rest_route=\/wp\/v2\/posts"}],"about":[{"href":"https:\/\/noticiasbahia360.com.br\/index.php?rest_route=\/wp\/v2\/types\/post"}],"author":[{"embeddable":true,"href":"https:\/\/noticiasbahia360.com.br\/index.php?rest_route=\/wp\/v2\/users\/1"}],"replies":[{"embeddable":true,"href":"https:\/\/noticiasbahia360.com.br\/index.php?rest_route=%2Fwp%2Fv2%2Fcomments&post=126834"}],"version-history":[{"count":0,"href":"https:\/\/noticiasbahia360.com.br\/index.php?rest_route=\/wp\/v2\/posts\/126834\/revisions"}],"wp:featuredmedia":[{"embeddable":true,"href":"https:\/\/noticiasbahia360.com.br\/index.php?rest_route=\/wp\/v2\/media\/126835"}],"wp:attachment":[{"href":"https:\/\/noticiasbahia360.com.br\/index.php?rest_route=%2Fwp%2Fv2%2Fmedia&parent=126834"}],"wp:term":[{"taxonomy":"category","embeddable":true,"href":"https:\/\/noticiasbahia360.com.br\/index.php?rest_route=%2Fwp%2Fv2%2Fcategories&post=126834"},{"taxonomy":"post_tag","embeddable":true,"href":"https:\/\/noticiasbahia360.com.br\/index.php?rest_route=%2Fwp%2Fv2%2Ftags&post=126834"}],"curies":[{"name":"wp","href":"https:\/\/api.w.org\/{rel}","templated":true}]}}