{"id":127962,"date":"2026-04-23T08:25:53","date_gmt":"2026-04-23T11:25:53","guid":{"rendered":"https:\/\/noticiasbahia360.com.br\/?p=127962"},"modified":"2026-04-23T08:25:53","modified_gmt":"2026-04-23T11:25:53","slug":"operacao-investiga-servidor-suspeito-de-cobrar-para-agilizar-servicos-no-detran-ba","status":"publish","type":"post","link":"https:\/\/noticiasbahia360.com.br\/?p=127962","title":{"rendered":"Opera\u00e7\u00e3o investiga servidor suspeito de cobrar para agilizar servi\u00e7os no Detran-BA"},"content":{"rendered":"<div>\n<div>\n<figure><img decoding=\"async\" src=\"http:\/\/noticiasbahia360.com.br\/wp-content\/uploads\/2026\/04\/Operacao-sinal-vermelho-1.webp\" alt=\"Opera\u00e7\u00e3o investiga servidor suspeito de cobrar para agilizar servi\u00e7os no Detran-BA\"><figcaption>Foto: Ascom\/PC<\/figcaption><\/figure>\n<\/div>\n<p>A Pol\u00edcia Civil da Bahia deflagrou, na manh\u00e3 desta quinta-feira (23), a Opera\u00e7\u00e3o Sinal Vermelho, com o objetivo de cumprir mandados de busca e apreens\u00e3o no curso de investiga\u00e7\u00e3o que apura poss\u00edveis irregularidades praticadas por um servidor do Departamento Estadual de Tr\u00e2nsito (Detran-BA).<\/p>\n<p>A investiga\u00e7\u00e3o foi instaurada a partir de expediente encaminhado pela Corregedoria do Detran, contendo den\u00fancia de que o investigado estaria se valendo da fun\u00e7\u00e3o p\u00fablica para solicitar vantagens indevidas de usu\u00e1rios, com a finalidade de facilitar servi\u00e7os administrativos.<\/p>\n<figure class=\"wp-block-image size-full\"><img fetchpriority=\"high\" fetchpriority=\"high\" decoding=\"async\" width=\"1200\" height=\"665\" src=\"http:\/\/noticiasbahia360.com.br\/wp-content\/uploads\/2026\/04\/Operacao-sinal-vermelho-.webp\" alt=\"Opera\u00e7\u00e3o investiga servidor suspeito de cobrar para agilizar servi\u00e7os no Detran-BA\" class=\"wp-image-649314\" srcset=\"http:\/\/noticiasbahia360.com.br\/wp-content\/uploads\/2026\/04\/Operacao-sinal-vermelho-.webp 1200w, https:\/\/uploads.acordacidade.com.br\/2026\/04\/Operacao-sinal-vermelho--750x416.webp 750w, https:\/\/uploads.acordacidade.com.br\/2026\/04\/Operacao-sinal-vermelho--1000x554.webp 1000w, https:\/\/uploads.acordacidade.com.br\/2026\/04\/Operacao-sinal-vermelho--450x249.webp 450w, https:\/\/uploads.acordacidade.com.br\/2026\/04\/Operacao-sinal-vermelho--150x83.webp 150w\" sizes=\"(max-width: 1200px) 100vw, 1200px\"><figcaption class=\"wp-element-caption\">Foto: Ascom\/PC<\/figcaption><\/figure>\n<p>De acordo com as apura\u00e7\u00f5es, h\u00e1 ind\u00edcios de cobran\u00e7a de valores para agiliza\u00e7\u00e3o de atendimentos, especialmente relacionados \u00e0 primeira habilita\u00e7\u00e3o e \u00e0 entrega de documentos veiculares, al\u00e9m de poss\u00edvel direcionamento de usu\u00e1rios a autoescolas espec\u00edficas. Os valores cobrados variavam entre R$ 100 e R$ 200.<\/p>\n<p>Os fatos investigados teriam ocorrido de forma reiterada ao longo dos anos de 2023 e 2024, motivo pelo qual foram adotadas medidas judiciais para aprofundamento das apura\u00e7\u00f5es. Durante as buscas, foram apreendidos documentos, equipamentos eletr\u00f4nicos e materiais ligados ao inqu\u00e9rito, que podem contribuir para o esclarecimento dos fatos.<\/p>\n<p>As medidas judiciais foram executadas por equipes do Departamento de Repress\u00e3o e Combate \u00e0 Corrup\u00e7\u00e3o, ao Crime Organizado e \u00e0 Lavagem de Dinheiro (DRACO), por meio da Delegacia de Crimes Econ\u00f4micos e Contra a Administra\u00e7\u00e3o P\u00fablica (DECECAP), em endere\u00e7os vinculados ao suspeito nos bairros de Coutos e Alto de Coutos, al\u00e9m de uma unidade do Detran, em Paripe, em Salvador.<\/p>\n<figure class=\"wp-block-image size-full\"><img decoding=\"async\" width=\"1200\" height=\"556\" src=\"http:\/\/noticiasbahia360.com.br\/wp-content\/uploads\/2026\/04\/Operacao-sinal-vermelho.webp\" alt=\"Opera\u00e7\u00e3o investiga servidor suspeito de cobrar para agilizar servi\u00e7os no Detran-BA\" class=\"wp-image-649315\" srcset=\"http:\/\/noticiasbahia360.com.br\/wp-content\/uploads\/2026\/04\/Operacao-sinal-vermelho.webp 1200w, https:\/\/uploads.acordacidade.com.br\/2026\/04\/Operacao-sinal-vermelho-750x348.webp 750w, https:\/\/uploads.acordacidade.com.br\/2026\/04\/Operacao-sinal-vermelho-1000x463.webp 1000w, https:\/\/uploads.acordacidade.com.br\/2026\/04\/Operacao-sinal-vermelho-450x209.webp 450w, https:\/\/uploads.acordacidade.com.br\/2026\/04\/Operacao-sinal-vermelho-150x70.webp 150w\" sizes=\"(max-width: 1200px) 100vw, 1200px\"><figcaption class=\"wp-element-caption\">Foto: Ascom\/PC<\/figcaption><\/figure>\n<p>Segundo a delegada Lara Candice Pereira, titular da DECECAP, a a\u00e7\u00e3o reafirma o compromisso da Pol\u00edcia Civil com a apura\u00e7\u00e3o rigorosa de eventuais irregularidades e com a preserva\u00e7\u00e3o da legalidade, da moralidade administrativa e do acesso igualit\u00e1rio da popula\u00e7\u00e3o aos servi\u00e7os p\u00fablicos. \u201cAs dilig\u00eancias realizadas nesta fase s\u00e3o fundamentais para o avan\u00e7o das investiga\u00e7\u00f5es, a partir da an\u00e1lise de dados e de documentos apreendidos, permitindo o completo esclarecimento dos fatos e a responsabiliza\u00e7\u00e3o dos envolvidos, caso confirmadas as irregularidades. As investiga\u00e7\u00f5es seguem em andamento\u201d, destacou.<\/p>\n<p><em>Siga o Acorda Cidade no\u00a0<\/em><a href=\"https:\/\/news.google.com\/search?q=acorda%20cidade&amp;hl=pt-BR&amp;gl=BR&amp;ceid=BR%3Apt-419\"><strong><em>Google Not\u00edcias<\/em><\/strong><\/a><em>\u00a0e receba os principais destaques do dia. Participe tamb\u00e9m dos nossos canais no\u00a0<\/em><a href=\"https:\/\/www.whatsapp.com\/channel\/0029Va6Rb4v3WHTNnsh8WI3N\"><strong><em>WhatsApp<\/em><\/strong><\/a><em>\u00a0e\u00a0<\/em><a href=\"https:\/\/www.youtube.com\/@acordacidadenoticias\/videos\"><strong>YouTube<\/strong><\/a><em>\u00a0e grupo de\u00a0<\/em><a href=\"https:\/\/t.me\/+sSz0khrgARA0ZmRh\"><strong><em>Telegram<\/em><\/strong><\/a><em>.<\/em><\/p>\n<\/div>\n","protected":false},"excerpt":{"rendered":"<div>\n<div>\n<figure><img decoding=\"async\" src=\"https:\/\/uploads.acordacidade.com.br\/2026\/04\/Operacao-sinal-vermelho-1.webp\" alt=\"Opera\u00e7\u00e3o investiga servidor suspeito de cobrar para agilizar servi\u00e7os no Detran-BA\"><figcaption>Foto: Ascom\/PC<\/figcaption><\/figure>\n<\/div>\n<p>De acordo com as apura\u00e7\u00f5es, h\u00e1 ind\u00edcios de cobran\u00e7a de valores para agiliza\u00e7\u00e3o de atendimentos praticadas por um servidor do Detran-BA.<\/p><\/div>\n","protected":false},"author":1,"featured_media":127963,"comment_status":"closed","ping_status":"closed","sticky":false,"template":"","format":"gallery","meta":{"footnotes":""},"categories":[8,9,6,57,56,10],"tags":[],"class_list":["post-127962","post","type-post","status-publish","format-gallery","has-post-thumbnail","hentry","category-bahia","category-brasil","category-feira-de-santana","category-mundo","category-policia","category-politica","post_format-post-format-gallery"],"featured_image_urls":{"full":["https:\/\/noticiasbahia360.com.br\/wp-content\/uploads\/2026\/04\/Operacao-sinal-vermelho-1.webp",1200,667,false],"thumbnail":["https:\/\/noticiasbahia360.com.br\/wp-content\/uploads\/2026\/04\/Operacao-sinal-vermelho-1-150x150.webp",150,150,true],"medium":["https:\/\/noticiasbahia360.com.br\/wp-content\/uploads\/2026\/04\/Operacao-sinal-vermelho-1-300x167.webp",300,167,true],"medium_large":["https:\/\/noticiasbahia360.com.br\/wp-content\/uploads\/2026\/04\/Operacao-sinal-vermelho-1-768x427.webp",640,356,true],"large":["https:\/\/noticiasbahia360.com.br\/wp-content\/uploads\/2026\/04\/Operacao-sinal-vermelho-1-1024x569.webp",640,356,true],"1536x1536":["https:\/\/noticiasbahia360.com.br\/wp-content\/uploads\/2026\/04\/Operacao-sinal-vermelho-1.webp",1200,667,false],"2048x2048":["https:\/\/noticiasbahia360.com.br\/wp-content\/uploads\/2026\/04\/Operacao-sinal-vermelho-1.webp",1200,667,false],"chromenews-featured":["https:\/\/noticiasbahia360.com.br\/wp-content\/uploads\/2026\/04\/Operacao-sinal-vermelho-1-1024x569.webp",1024,569,true],"chromenews-large":["https:\/\/noticiasbahia360.com.br\/wp-content\/uploads\/2026\/04\/Operacao-sinal-vermelho-1-825x575.webp",825,575,true],"chromenews-medium":["https:\/\/noticiasbahia360.com.br\/wp-content\/uploads\/2026\/04\/Operacao-sinal-vermelho-1-590x410.webp",590,410,true]},"author_info":{"display_name":"noticiasbahia360.com.br","author_link":"https:\/\/noticiasbahia360.com.br\/?author=1"},"category_info":"<a href=\"https:\/\/noticiasbahia360.com.br\/?cat=8\" rel=\"category\">Bahia<\/a> <a href=\"https:\/\/noticiasbahia360.com.br\/?cat=9\" rel=\"category\">Brasil<\/a> <a href=\"https:\/\/noticiasbahia360.com.br\/?cat=6\" rel=\"category\">Feira de Santana<\/a> <a href=\"https:\/\/noticiasbahia360.com.br\/?cat=57\" rel=\"category\">Mundo<\/a> <a href=\"https:\/\/noticiasbahia360.com.br\/?cat=56\" rel=\"category\">Pol\u00edcia<\/a> <a href=\"https:\/\/noticiasbahia360.com.br\/?cat=10\" rel=\"category\">Pol\u00edtica<\/a>","tag_info":"Pol\u00edtica","comment_count":"0","_links":{"self":[{"href":"https:\/\/noticiasbahia360.com.br\/index.php?rest_route=\/wp\/v2\/posts\/127962","targetHints":{"allow":["GET"]}}],"collection":[{"href":"https:\/\/noticiasbahia360.com.br\/index.php?rest_route=\/wp\/v2\/posts"}],"about":[{"href":"https:\/\/noticiasbahia360.com.br\/index.php?rest_route=\/wp\/v2\/types\/post"}],"author":[{"embeddable":true,"href":"https:\/\/noticiasbahia360.com.br\/index.php?rest_route=\/wp\/v2\/users\/1"}],"replies":[{"embeddable":true,"href":"https:\/\/noticiasbahia360.com.br\/index.php?rest_route=%2Fwp%2Fv2%2Fcomments&post=127962"}],"version-history":[{"count":0,"href":"https:\/\/noticiasbahia360.com.br\/index.php?rest_route=\/wp\/v2\/posts\/127962\/revisions"}],"wp:featuredmedia":[{"embeddable":true,"href":"https:\/\/noticiasbahia360.com.br\/index.php?rest_route=\/wp\/v2\/media\/127963"}],"wp:attachment":[{"href":"https:\/\/noticiasbahia360.com.br\/index.php?rest_route=%2Fwp%2Fv2%2Fmedia&parent=127962"}],"wp:term":[{"taxonomy":"category","embeddable":true,"href":"https:\/\/noticiasbahia360.com.br\/index.php?rest_route=%2Fwp%2Fv2%2Fcategories&post=127962"},{"taxonomy":"post_tag","embeddable":true,"href":"https:\/\/noticiasbahia360.com.br\/index.php?rest_route=%2Fwp%2Fv2%2Ftags&post=127962"}],"curies":[{"name":"wp","href":"https:\/\/api.w.org\/{rel}","templated":true}]}}