{"id":127966,"date":"2026-04-23T08:35:50","date_gmt":"2026-04-23T11:35:50","guid":{"rendered":"https:\/\/noticiasbahia360.com.br\/?p=127966"},"modified":"2026-04-23T08:35:50","modified_gmt":"2026-04-23T11:35:50","slug":"homem-e-morto-a-tiros-dentro-de-casa-em-santo-estevao","status":"publish","type":"post","link":"https:\/\/noticiasbahia360.com.br\/?p=127966","title":{"rendered":"Homem \u00e9 morto a tiros dentro de casa em Santo Est\u00eav\u00e3o"},"content":{"rendered":"<div>\n<div>\n<figure><img decoding=\"async\" src=\"http:\/\/noticiasbahia360.com.br\/wp-content\/uploads\/2026\/04\/operacao-duble-Delegacia-Territorial-de-Santo-Estevao-DT.jpg\" alt=\"Delegacia Territorial de Santo Est\u00eav\u00e3o - DT\"><figcaption>Foto: Pol\u00edcia Civil <\/figcaption><\/figure>\n<\/div>\n<p>Um homem ainda n\u00e3o identificado foi morto a tiros na noite de quarta-feira (22), no munic\u00edpio de <a href=\"https:\/\/www.acordacidade.com.br\/tag\/santo-estevao-2\/\" type=\"post_tag\" id=\"9515\">Santo Est\u00eav\u00e3o<\/a>.<\/p>\n<p>O crime aconteceu por volta das 20h15, em uma resid\u00eancia localizada na Rua E, em um residencial, no conjunto Lagoinha.<\/p>\n<p>Segundo informa\u00e7\u00f5es iniciais, a v\u00edtima era conhecida pelo apelido de \u201cJaca\u201d. Ele foi atingido por disparos de arma de fogo dentro da pr\u00f3pria casa.<\/p>\n<p>Equipes foram acionadas para prestar socorro, mas quando chegaram ao local, o homem j\u00e1 estava sem vida.<\/p>\n<p>Ainda n\u00e3o h\u00e1 informa\u00e7\u00f5es sobre a autoria nem a motiva\u00e7\u00e3o do crime. O Departamento de Pol\u00edcia T\u00e9cnica (DPT) foi acionado para realizar a remo\u00e7\u00e3o do corpo.<\/p>\n<p>O caso est\u00e1 sendo investigado pela pol\u00edcia, que deve apurar as circunst\u00e2ncias do homic\u00eddio.<\/p>\n<p><em>Com informa\u00e7\u00f5es do rep\u00f3rter Ed Santos, do Acorda Cidade<\/em><\/p>\n<p><em>Siga o Acorda Cidade no\u00a0<\/em><a href=\"https:\/\/news.google.com\/search?q=acorda%20cidade&amp;hl=pt-BR&amp;gl=BR&amp;ceid=BR%3Apt-419\"><strong><em>Google Not\u00edcias<\/em><\/strong><\/a><em>\u00a0e receba os principais destaques do dia. Participe tamb\u00e9m dos nossos canais no\u00a0<\/em><a href=\"https:\/\/www.whatsapp.com\/channel\/0029Va6Rb4v3WHTNnsh8WI3N\"><strong><em>WhatsApp<\/em><\/strong><\/a><em>\u00a0e\u00a0<\/em><a href=\"https:\/\/www.youtube.com\/@acordacidadenoticias\/videos\"><strong>YouTube<\/strong><\/a><em>\u00a0e grupo de\u00a0<\/em><a href=\"https:\/\/t.me\/+sSz0khrgARA0ZmRh\"><strong><em>Telegram<\/em><\/strong><\/a><em>.<\/em><\/p>\n<\/div>\n","protected":false},"excerpt":{"rendered":"<div>\n<div>\n<figure><img decoding=\"async\" src=\"https:\/\/www.acordacidade.com.br\/wp-content\/uploads\/2025\/01\/operacao-duble-Delegacia-Territorial-de-Santo-Estevao-DT.jpg\" alt=\"Delegacia Territorial de Santo Est\u00eav\u00e3o - DT\"><figcaption>Foto: Pol\u00edcia Civil <\/figcaption><\/figure>\n<\/div>\n<p>O crime aconteceu por volta das 20h15, em uma resid\u00eancia localizada na Rua E, em um residencial, no conjunto Lagoinha.<\/p><\/div>\n","protected":false},"author":1,"featured_media":127967,"comment_status":"closed","ping_status":"closed","sticky":false,"template":"","format":"gallery","meta":{"footnotes":""},"categories":[8,9,6,57,56,10],"tags":[],"class_list":["post-127966","post","type-post","status-publish","format-gallery","has-post-thumbnail","hentry","category-bahia","category-brasil","category-feira-de-santana","category-mundo","category-policia","category-politica","post_format-post-format-gallery"],"featured_image_urls":{"full":["https:\/\/noticiasbahia360.com.br\/wp-content\/uploads\/2026\/04\/operacao-duble-Delegacia-Territorial-de-Santo-Estevao-DT.jpg",640,549,false],"thumbnail":["https:\/\/noticiasbahia360.com.br\/wp-content\/uploads\/2026\/04\/operacao-duble-Delegacia-Territorial-de-Santo-Estevao-DT-150x150.jpg",150,150,true],"medium":["https:\/\/noticiasbahia360.com.br\/wp-content\/uploads\/2026\/04\/operacao-duble-Delegacia-Territorial-de-Santo-Estevao-DT-300x257.jpg",300,257,true],"medium_large":["https:\/\/noticiasbahia360.com.br\/wp-content\/uploads\/2026\/04\/operacao-duble-Delegacia-Territorial-de-Santo-Estevao-DT.jpg",640,549,false],"large":["https:\/\/noticiasbahia360.com.br\/wp-content\/uploads\/2026\/04\/operacao-duble-Delegacia-Territorial-de-Santo-Estevao-DT.jpg",640,549,false],"1536x1536":["https:\/\/noticiasbahia360.com.br\/wp-content\/uploads\/2026\/04\/operacao-duble-Delegacia-Territorial-de-Santo-Estevao-DT.jpg",640,549,false],"2048x2048":["https:\/\/noticiasbahia360.com.br\/wp-content\/uploads\/2026\/04\/operacao-duble-Delegacia-Territorial-de-Santo-Estevao-DT.jpg",640,549,false],"chromenews-featured":["https:\/\/noticiasbahia360.com.br\/wp-content\/uploads\/2026\/04\/operacao-duble-Delegacia-Territorial-de-Santo-Estevao-DT.jpg",640,549,false],"chromenews-large":["https:\/\/noticiasbahia360.com.br\/wp-content\/uploads\/2026\/04\/operacao-duble-Delegacia-Territorial-de-Santo-Estevao-DT.jpg",640,549,false],"chromenews-medium":["https:\/\/noticiasbahia360.com.br\/wp-content\/uploads\/2026\/04\/operacao-duble-Delegacia-Territorial-de-Santo-Estevao-DT-590x410.jpg",590,410,true]},"author_info":{"display_name":"noticiasbahia360.com.br","author_link":"https:\/\/noticiasbahia360.com.br\/?author=1"},"category_info":"<a href=\"https:\/\/noticiasbahia360.com.br\/?cat=8\" rel=\"category\">Bahia<\/a> <a href=\"https:\/\/noticiasbahia360.com.br\/?cat=9\" rel=\"category\">Brasil<\/a> <a href=\"https:\/\/noticiasbahia360.com.br\/?cat=6\" rel=\"category\">Feira de Santana<\/a> <a href=\"https:\/\/noticiasbahia360.com.br\/?cat=57\" rel=\"category\">Mundo<\/a> <a href=\"https:\/\/noticiasbahia360.com.br\/?cat=56\" rel=\"category\">Pol\u00edcia<\/a> <a href=\"https:\/\/noticiasbahia360.com.br\/?cat=10\" rel=\"category\">Pol\u00edtica<\/a>","tag_info":"Pol\u00edtica","comment_count":"0","_links":{"self":[{"href":"https:\/\/noticiasbahia360.com.br\/index.php?rest_route=\/wp\/v2\/posts\/127966","targetHints":{"allow":["GET"]}}],"collection":[{"href":"https:\/\/noticiasbahia360.com.br\/index.php?rest_route=\/wp\/v2\/posts"}],"about":[{"href":"https:\/\/noticiasbahia360.com.br\/index.php?rest_route=\/wp\/v2\/types\/post"}],"author":[{"embeddable":true,"href":"https:\/\/noticiasbahia360.com.br\/index.php?rest_route=\/wp\/v2\/users\/1"}],"replies":[{"embeddable":true,"href":"https:\/\/noticiasbahia360.com.br\/index.php?rest_route=%2Fwp%2Fv2%2Fcomments&post=127966"}],"version-history":[{"count":0,"href":"https:\/\/noticiasbahia360.com.br\/index.php?rest_route=\/wp\/v2\/posts\/127966\/revisions"}],"wp:featuredmedia":[{"embeddable":true,"href":"https:\/\/noticiasbahia360.com.br\/index.php?rest_route=\/wp\/v2\/media\/127967"}],"wp:attachment":[{"href":"https:\/\/noticiasbahia360.com.br\/index.php?rest_route=%2Fwp%2Fv2%2Fmedia&parent=127966"}],"wp:term":[{"taxonomy":"category","embeddable":true,"href":"https:\/\/noticiasbahia360.com.br\/index.php?rest_route=%2Fwp%2Fv2%2Fcategories&post=127966"},{"taxonomy":"post_tag","embeddable":true,"href":"https:\/\/noticiasbahia360.com.br\/index.php?rest_route=%2Fwp%2Fv2%2Ftags&post=127966"}],"curies":[{"name":"wp","href":"https:\/\/api.w.org\/{rel}","templated":true}]}}