{"id":127989,"date":"2026-04-23T10:06:08","date_gmt":"2026-04-23T13:06:08","guid":{"rendered":"https:\/\/noticiasbahia360.com.br\/?p=127989"},"modified":"2026-04-23T10:06:08","modified_gmt":"2026-04-23T13:06:08","slug":"senac-abre-cursos-de-producao-de-bolos-juninos-e-licores-na-bahia-com-vagas-em-feira-de-santana","status":"publish","type":"post","link":"https:\/\/noticiasbahia360.com.br\/?p=127989","title":{"rendered":"Senac abre cursos de produ\u00e7\u00e3o de bolos juninos e licores na Bahia, com vagas em Feira de Santana"},"content":{"rendered":"<div>\n<div>\n<figure><img decoding=\"async\" src=\"http:\/\/noticiasbahia360.com.br\/wp-content\/uploads\/2026\/04\/rotadolicor_iaraoliveira_acordacidade-3.jpeg\" alt=\"Rota do Licor\"><figcaption>Foto: Iara Oliveira\/Acorda Cidade<\/figcaption><\/figure>\n<\/div>\n<p>No embalo do clima junino, o Senac Bahia inicia novas turmas de cursos voltados \u00e0 produ\u00e7\u00e3o de alimentos t\u00edpicos do per\u00edodo do S\u00e3o Jo\u00e3o. Feira de Santana \u00e9 uma das cidades contempladas pela iniciativa, que inicia os cursos a partir de 4 de maio.<\/p>\n<p>Entre as forma\u00e7\u00f5es oferecidas est\u00e3o \u201cBolos Juninos\u201d, \u201cPrepara\u00e7\u00e3o de Iguarias Juninas\u201d e \u201cPrepara\u00e7\u00e3o de Licores Caseiros\u201d, voltadas para quem deseja aproveitar o per\u00edodo junino como oportunidade de gera\u00e7\u00e3o de renda.<\/p>\n<p>A proposta \u00e9 qualificar tanto quem j\u00e1 atua na \u00e1rea de alimenta\u00e7\u00e3o quanto pessoas que pretendem come\u00e7ar um novo neg\u00f3cio ou refor\u00e7ar o or\u00e7amento durante os festejos. As aulas ter\u00e3o car\u00e1ter pr\u00e1tico, abordando t\u00e9cnicas de produ\u00e7\u00e3o, padroniza\u00e7\u00e3o, apresenta\u00e7\u00e3o dos produtos e estrat\u00e9gias de comercializa\u00e7\u00e3o, alinhadas \u00e0s demandas do mercado.<\/p>\n<p>Al\u00e9m de Feira de Santana, as turmas tamb\u00e9m ser\u00e3o realizadas em outras cidades baianas, como Salvador, Cama\u00e7ari, Lauro de Freitas, Santo Ant\u00f4nio de Jesus, Alagoinhas, Seabra e Amargosa.<\/p>\n<p>Segundo o Senac, a iniciativa busca fortalecer o empreendedorismo local e valorizar a tradi\u00e7\u00e3o junina, oferecendo capacita\u00e7\u00e3o para quem quer transformar receitas t\u00edpicas em fonte de renda no per\u00edodo mais movimentado do calend\u00e1rio nordestino.<\/p>\n<p>Os interessados podem se matricular nos canais oficiais da institui\u00e7\u00e3o, <a href=\"https:\/\/cursos.ba.senac.br\/home\/%C3%A1reas\/gastronomia\/gastronomiapreparacao-de-licores-caseiros\/\" type=\"link\" id=\"https:\/\/cursos.ba.senac.br\/home\/%C3%A1reas\/gastronomia\/gastronomiapreparacao-de-licores-caseiros\/\">clicando aqui<\/a>. Mais informa\u00e7\u00f5es podem ser obtidas pelo telefone\/WhatsApp (71) 3186-4000.<\/p>\n<p><em>Siga o Acorda Cidade no<\/em><a href=\"https:\/\/news.google.com\/search?q=acorda%20cidade&amp;hl=pt-BR&amp;gl=BR&amp;ceid=BR%3Apt-419\" target=\"_blank\" rel=\"noreferrer noopener\"><strong><em>\u00a0Google Not\u00edcias<\/em><\/strong><\/a><em>\u00a0e receba os principais destaques do dia. Participe tamb\u00e9m dos nossos canais no\u00a0<\/em><a href=\"https:\/\/www.whatsapp.com\/channel\/0029Va6Rb4v3WHTNnsh8WI3N\" target=\"_blank\" rel=\"noreferrer noopener\"><strong><em>WhatsApp<\/em><\/strong><\/a><em>\u00a0e\u00a0<\/em><a href=\"https:\/\/www.youtube.com\/@acordacidadenoticias\/videos\" target=\"_blank\" rel=\"noreferrer noopener\"><strong>Youtube<\/strong><\/a><em>\u00a0e grupo de\u00a0<\/em><a href=\"https:\/\/t.me\/+sSz0khrgARA0ZmRh\" target=\"_blank\" rel=\"noreferrer noopener\"><strong><em>Telegram<\/em><\/strong><\/a><em>.<\/em><\/p>\n<\/div>\n","protected":false},"excerpt":{"rendered":"<div>\n<div>\n<figure><img decoding=\"async\" src=\"https:\/\/www.acordacidade.com.br\/wp-content\/uploads\/2024\/05\/rotadolicor_iaraoliveira_acordacidade-3.jpeg\" alt=\"Rota do Licor\"><figcaption>Foto: Iara Oliveira\/Acorda Cidade<\/figcaption><\/figure>\n<\/div>\n<p>Al\u00e9m de Feira de Santana, as turmas tamb\u00e9m ser\u00e3o realizadas em demais cidades baianas, como Salvador, Cama\u00e7ari, entre outras.<\/p><\/div>\n","protected":false},"author":1,"featured_media":127990,"comment_status":"closed","ping_status":"closed","sticky":false,"template":"","format":"gallery","meta":{"footnotes":""},"categories":[8,9,6,57,56,10],"tags":[],"class_list":["post-127989","post","type-post","status-publish","format-gallery","has-post-thumbnail","hentry","category-bahia","category-brasil","category-feira-de-santana","category-mundo","category-policia","category-politica","post_format-post-format-gallery"],"featured_image_urls":{"full":["https:\/\/noticiasbahia360.com.br\/wp-content\/uploads\/2026\/04\/rotadolicor_iaraoliveira_acordacidade-3.jpeg",640,354,false],"thumbnail":["https:\/\/noticiasbahia360.com.br\/wp-content\/uploads\/2026\/04\/rotadolicor_iaraoliveira_acordacidade-3-150x150.jpeg",150,150,true],"medium":["https:\/\/noticiasbahia360.com.br\/wp-content\/uploads\/2026\/04\/rotadolicor_iaraoliveira_acordacidade-3-300x166.jpeg",300,166,true],"medium_large":["https:\/\/noticiasbahia360.com.br\/wp-content\/uploads\/2026\/04\/rotadolicor_iaraoliveira_acordacidade-3.jpeg",640,354,false],"large":["https:\/\/noticiasbahia360.com.br\/wp-content\/uploads\/2026\/04\/rotadolicor_iaraoliveira_acordacidade-3.jpeg",640,354,false],"1536x1536":["https:\/\/noticiasbahia360.com.br\/wp-content\/uploads\/2026\/04\/rotadolicor_iaraoliveira_acordacidade-3.jpeg",640,354,false],"2048x2048":["https:\/\/noticiasbahia360.com.br\/wp-content\/uploads\/2026\/04\/rotadolicor_iaraoliveira_acordacidade-3.jpeg",640,354,false],"chromenews-featured":["https:\/\/noticiasbahia360.com.br\/wp-content\/uploads\/2026\/04\/rotadolicor_iaraoliveira_acordacidade-3.jpeg",640,354,false],"chromenews-large":["https:\/\/noticiasbahia360.com.br\/wp-content\/uploads\/2026\/04\/rotadolicor_iaraoliveira_acordacidade-3.jpeg",640,354,false],"chromenews-medium":["https:\/\/noticiasbahia360.com.br\/wp-content\/uploads\/2026\/04\/rotadolicor_iaraoliveira_acordacidade-3-590x354.jpeg",590,354,true]},"author_info":{"display_name":"noticiasbahia360.com.br","author_link":"https:\/\/noticiasbahia360.com.br\/?author=1"},"category_info":"<a href=\"https:\/\/noticiasbahia360.com.br\/?cat=8\" rel=\"category\">Bahia<\/a> <a href=\"https:\/\/noticiasbahia360.com.br\/?cat=9\" rel=\"category\">Brasil<\/a> <a href=\"https:\/\/noticiasbahia360.com.br\/?cat=6\" rel=\"category\">Feira de Santana<\/a> <a href=\"https:\/\/noticiasbahia360.com.br\/?cat=57\" rel=\"category\">Mundo<\/a> <a href=\"https:\/\/noticiasbahia360.com.br\/?cat=56\" rel=\"category\">Pol\u00edcia<\/a> <a href=\"https:\/\/noticiasbahia360.com.br\/?cat=10\" rel=\"category\">Pol\u00edtica<\/a>","tag_info":"Pol\u00edtica","comment_count":"0","_links":{"self":[{"href":"https:\/\/noticiasbahia360.com.br\/index.php?rest_route=\/wp\/v2\/posts\/127989","targetHints":{"allow":["GET"]}}],"collection":[{"href":"https:\/\/noticiasbahia360.com.br\/index.php?rest_route=\/wp\/v2\/posts"}],"about":[{"href":"https:\/\/noticiasbahia360.com.br\/index.php?rest_route=\/wp\/v2\/types\/post"}],"author":[{"embeddable":true,"href":"https:\/\/noticiasbahia360.com.br\/index.php?rest_route=\/wp\/v2\/users\/1"}],"replies":[{"embeddable":true,"href":"https:\/\/noticiasbahia360.com.br\/index.php?rest_route=%2Fwp%2Fv2%2Fcomments&post=127989"}],"version-history":[{"count":0,"href":"https:\/\/noticiasbahia360.com.br\/index.php?rest_route=\/wp\/v2\/posts\/127989\/revisions"}],"wp:featuredmedia":[{"embeddable":true,"href":"https:\/\/noticiasbahia360.com.br\/index.php?rest_route=\/wp\/v2\/media\/127990"}],"wp:attachment":[{"href":"https:\/\/noticiasbahia360.com.br\/index.php?rest_route=%2Fwp%2Fv2%2Fmedia&parent=127989"}],"wp:term":[{"taxonomy":"category","embeddable":true,"href":"https:\/\/noticiasbahia360.com.br\/index.php?rest_route=%2Fwp%2Fv2%2Fcategories&post=127989"},{"taxonomy":"post_tag","embeddable":true,"href":"https:\/\/noticiasbahia360.com.br\/index.php?rest_route=%2Fwp%2Fv2%2Ftags&post=127989"}],"curies":[{"name":"wp","href":"https:\/\/api.w.org\/{rel}","templated":true}]}}