{"id":127991,"date":"2026-04-23T10:06:08","date_gmt":"2026-04-23T13:06:08","guid":{"rendered":"https:\/\/noticiasbahia360.com.br\/?p=127991"},"modified":"2026-04-23T10:06:08","modified_gmt":"2026-04-23T13:06:08","slug":"transito-intenso-na-avenida-ayrton-senna-gera-insatisfacao-de-condutores-em-feira-de-santana","status":"publish","type":"post","link":"https:\/\/noticiasbahia360.com.br\/?p=127991","title":{"rendered":"Tr\u00e2nsito intenso na Avenida Ayrton Senna gera insatisfa\u00e7\u00e3o de condutores em Feira de Santana"},"content":{"rendered":"<div>\n<div>\n<figure><img decoding=\"async\" src=\"http:\/\/noticiasbahia360.com.br\/wp-content\/uploads\/2026\/04\/avenida-ayrton-senna-foto-redes-sociais.jpg\" alt=\"Avenida Ayrton Senna\"><figcaption>Foto: Redes Sociais<\/figcaption><\/figure>\n<\/div>\n<p>O tr\u00e2nsito na Avenida Ayrton Senna, em Feira de Santana, voltou a apresentar congestionamento intenso nas primeiras horas da manh\u00e3 desta quinta-feira (23). Por volta das 7h, motoristas enfrentaram lentid\u00e3o no trecho que d\u00e1 acesso ao viaduto que liga \u00e0 Avenida Jo\u00e3o Durval Carneiro.<\/p>\n<p>De acordo com condutores que trafegam diariamente pela regi\u00e3o, o principal motivo para o engarrafamento \u00e9 a estrutura do viaduto, que possui apenas uma faixa e n\u00e3o \u00e9 duplicado. A limita\u00e7\u00e3o acaba provocando reten\u00e7\u00f5es, especialmente nos hor\u00e1rios de pico.<\/p>\n<p>A situa\u00e7\u00e3o se agrava no in\u00edcio da manh\u00e3, quando h\u00e1 grande fluxo de ve\u00edculos de pessoas que seguem para o trabalho, al\u00e9m de pais e respons\u00e1veis que levam crian\u00e7as para a escola. O resultado \u00e9 um tr\u00e1fego lento e, em alguns momentos, praticamente parado.<\/p>\n<p>Ainda segundo relatos, esse cen\u00e1rio \u00e9 recorrente e faz parte da rotina de quem precisa passar pelo local todos os dias. A exce\u00e7\u00e3o recente foi registrada na \u00faltima segunda-feira (20), v\u00e9spera do feriado de Tiradentes, quando o movimento foi menor devido ao ponto facultativo em reparti\u00e7\u00f5es p\u00fablicas e \u00e0 suspens\u00e3o de aulas em algumas institui\u00e7\u00f5es, o que deixou a cidade com aspecto mais vazio.<\/p>\n<p>Nos demais dias, no entanto, o congestionamento segue como um problema constante, impactando diretamente a mobilidade urbana na regi\u00e3o.<\/p>\n<p><em>Siga o Acorda Cidade no<\/em><a href=\"https:\/\/news.google.com\/search?q=acorda%20cidade&amp;hl=pt-BR&amp;gl=BR&amp;ceid=BR%3Apt-419\"><strong><em> Google Not\u00edcias<\/em><\/strong><\/a><em> e receba os principais destaques do dia. Participe tamb\u00e9m dos nossos canais no <\/em><a href=\"https:\/\/www.whatsapp.com\/channel\/0029Va6Rb4v3WHTNnsh8WI3N\"><strong><em>WhatsApp<\/em><\/strong><\/a><em> e <\/em><a href=\"https:\/\/www.youtube.com\/@acordacidadenoticias\/videos\"><strong>YouTube<\/strong><\/a><em> e grupo de <\/em><a href=\"https:\/\/t.me\/+sSz0khrgARA0ZmRh\"><strong><em>Telegram<\/em><\/strong><\/a><em>.<\/em><\/p>\n<\/div>\n","protected":false},"excerpt":{"rendered":"<div>\n<div>\n<figure><img decoding=\"async\" src=\"https:\/\/uploads.acordacidade.com.br\/2026\/04\/avenida-ayrton-senna-foto-redes-sociais.jpg\" alt=\"Avenida Ayrton Senna\"><figcaption>Foto: Redes Sociais<\/figcaption><\/figure>\n<\/div>\n<p>A situa\u00e7\u00e3o se agrava no in\u00edcio da manh\u00e3, quando h\u00e1 grande fluxo de ve\u00edculos de pessoas que seguem para o trabalho.<\/p><\/div>\n","protected":false},"author":1,"featured_media":127992,"comment_status":"closed","ping_status":"closed","sticky":false,"template":"","format":"gallery","meta":{"footnotes":""},"categories":[8,9,6,57,56,10],"tags":[],"class_list":["post-127991","post","type-post","status-publish","format-gallery","has-post-thumbnail","hentry","category-bahia","category-brasil","category-feira-de-santana","category-mundo","category-policia","category-politica","post_format-post-format-gallery"],"featured_image_urls":{"full":["https:\/\/noticiasbahia360.com.br\/wp-content\/uploads\/2026\/04\/avenida-ayrton-senna-foto-redes-sociais.jpg",1200,633,false],"thumbnail":["https:\/\/noticiasbahia360.com.br\/wp-content\/uploads\/2026\/04\/avenida-ayrton-senna-foto-redes-sociais-150x150.jpg",150,150,true],"medium":["https:\/\/noticiasbahia360.com.br\/wp-content\/uploads\/2026\/04\/avenida-ayrton-senna-foto-redes-sociais-300x158.jpg",300,158,true],"medium_large":["https:\/\/noticiasbahia360.com.br\/wp-content\/uploads\/2026\/04\/avenida-ayrton-senna-foto-redes-sociais-768x405.jpg",640,338,true],"large":["https:\/\/noticiasbahia360.com.br\/wp-content\/uploads\/2026\/04\/avenida-ayrton-senna-foto-redes-sociais-1024x540.jpg",640,338,true],"1536x1536":["https:\/\/noticiasbahia360.com.br\/wp-content\/uploads\/2026\/04\/avenida-ayrton-senna-foto-redes-sociais.jpg",1200,633,false],"2048x2048":["https:\/\/noticiasbahia360.com.br\/wp-content\/uploads\/2026\/04\/avenida-ayrton-senna-foto-redes-sociais.jpg",1200,633,false],"chromenews-featured":["https:\/\/noticiasbahia360.com.br\/wp-content\/uploads\/2026\/04\/avenida-ayrton-senna-foto-redes-sociais-1024x540.jpg",1024,540,true],"chromenews-large":["https:\/\/noticiasbahia360.com.br\/wp-content\/uploads\/2026\/04\/avenida-ayrton-senna-foto-redes-sociais-825x575.jpg",825,575,true],"chromenews-medium":["https:\/\/noticiasbahia360.com.br\/wp-content\/uploads\/2026\/04\/avenida-ayrton-senna-foto-redes-sociais-590x410.jpg",590,410,true]},"author_info":{"display_name":"noticiasbahia360.com.br","author_link":"https:\/\/noticiasbahia360.com.br\/?author=1"},"category_info":"<a href=\"https:\/\/noticiasbahia360.com.br\/?cat=8\" rel=\"category\">Bahia<\/a> <a href=\"https:\/\/noticiasbahia360.com.br\/?cat=9\" rel=\"category\">Brasil<\/a> <a href=\"https:\/\/noticiasbahia360.com.br\/?cat=6\" rel=\"category\">Feira de Santana<\/a> <a href=\"https:\/\/noticiasbahia360.com.br\/?cat=57\" rel=\"category\">Mundo<\/a> <a href=\"https:\/\/noticiasbahia360.com.br\/?cat=56\" rel=\"category\">Pol\u00edcia<\/a> <a href=\"https:\/\/noticiasbahia360.com.br\/?cat=10\" rel=\"category\">Pol\u00edtica<\/a>","tag_info":"Pol\u00edtica","comment_count":"0","_links":{"self":[{"href":"https:\/\/noticiasbahia360.com.br\/index.php?rest_route=\/wp\/v2\/posts\/127991","targetHints":{"allow":["GET"]}}],"collection":[{"href":"https:\/\/noticiasbahia360.com.br\/index.php?rest_route=\/wp\/v2\/posts"}],"about":[{"href":"https:\/\/noticiasbahia360.com.br\/index.php?rest_route=\/wp\/v2\/types\/post"}],"author":[{"embeddable":true,"href":"https:\/\/noticiasbahia360.com.br\/index.php?rest_route=\/wp\/v2\/users\/1"}],"replies":[{"embeddable":true,"href":"https:\/\/noticiasbahia360.com.br\/index.php?rest_route=%2Fwp%2Fv2%2Fcomments&post=127991"}],"version-history":[{"count":0,"href":"https:\/\/noticiasbahia360.com.br\/index.php?rest_route=\/wp\/v2\/posts\/127991\/revisions"}],"wp:featuredmedia":[{"embeddable":true,"href":"https:\/\/noticiasbahia360.com.br\/index.php?rest_route=\/wp\/v2\/media\/127992"}],"wp:attachment":[{"href":"https:\/\/noticiasbahia360.com.br\/index.php?rest_route=%2Fwp%2Fv2%2Fmedia&parent=127991"}],"wp:term":[{"taxonomy":"category","embeddable":true,"href":"https:\/\/noticiasbahia360.com.br\/index.php?rest_route=%2Fwp%2Fv2%2Fcategories&post=127991"},{"taxonomy":"post_tag","embeddable":true,"href":"https:\/\/noticiasbahia360.com.br\/index.php?rest_route=%2Fwp%2Fv2%2Ftags&post=127991"}],"curies":[{"name":"wp","href":"https:\/\/api.w.org\/{rel}","templated":true}]}} 