{"id":128378,"date":"2026-04-26T06:50:55","date_gmt":"2026-04-26T09:50:55","guid":{"rendered":"https:\/\/noticiasbahia360.com.br\/?p=128378"},"modified":"2026-04-26T06:50:55","modified_gmt":"2026-04-26T09:50:55","slug":"autismo-na-vida-adulta-psicologa-explica-como-o-diagnostico-tardio-afeta-emocoes-e-relacoes","status":"publish","type":"post","link":"https:\/\/noticiasbahia360.com.br\/?p=128378","title":{"rendered":"Autismo na vida adulta: psic\u00f3loga explica como o diagn\u00f3stico tardio afeta emo\u00e7\u00f5es e rela\u00e7\u00f5es"},"content":{"rendered":"<div>\n<div>\n<figure><img decoding=\"async\" src=\"http:\/\/noticiasbahia360.com.br\/wp-content\/uploads\/2026\/04\/autismo-adulto-freepik.jpg\" alt=\"autismo adulto\"><figcaption>Foto: Freepik<\/figcaption><\/figure>\n<\/div>\n<p>Receber um diagn\u00f3stico de autismo na vida adulta pode despertar uma combina\u00e7\u00e3o de sentimentos. Algumas pessoas relatam al\u00edvio por encontrarem uma explica\u00e7\u00e3o para dificuldades antigas, enquanto outras sentem tristeza e at\u00e9 um certo luto pela trajet\u00f3ria vivida sem esse reconhecimento. H\u00e1 tamb\u00e9m quem experimente valida\u00e7\u00e3o e redu\u00e7\u00e3o da autocobran\u00e7a, j\u00e1 que o <a href=\"https:\/\/www.acordacidade.com.br\/tag\/diagnostico\/\" type=\"post_tag\" id=\"40902\">diagn\u00f3stico <\/a>funciona como uma nova lente para compreender a pr\u00f3pria hist\u00f3ria.<\/p>\n<p>A psic\u00f3loga Carol Fran\u00e7a explica que o diagn\u00f3stico funciona como uma verdadeira \u201cchave de leitura\u201d, com experi\u00eancias passadas, como desafios sociais, sensoriais ou emocionais, que deixam de ser vistas como falhas pessoais e passam a ser entendidas dentro de um contexto neurol\u00f3gico. Com isso, ela afirma que o autoconhecimento se torna mais profundo.<\/p>\n<p>A psic\u00f3loga destaca que, no impacto emocional inicial, algumas estrat\u00e9gias ajudam bastante. \u201cBuscar informa\u00e7\u00e3o de qualidade sobre o TEA, iniciar acompanhamento psicol\u00f3gico, conectar-se com outras pessoas autistas e desenvolver estrat\u00e9gias de autorregula\u00e7\u00e3o s\u00e3o caminhos importantes e respaldados pela literatura\u201d.<\/p>\n<h2 class=\"wp-block-heading\" id=\"h-impacto-na-saude-mental-e-transformacao-nas-relacoes\">Impacto na sa\u00fade mental e transforma\u00e7\u00e3o nas rela\u00e7\u00f5es<\/h2>\n<p>De acordo com Carol Fran\u00e7a, que \u00e9 coordenadora do curso de Psicologia da Est\u00e1cio, estudos mostram taxas mais elevadas de <a href=\"https:\/\/www.acordacidade.com.br\/tag\/ansiedade\/\" type=\"post_tag\" id=\"37598\">ansiedade <\/a>e depress\u00e3o em adultos autistas, muitas vezes relacionadas a anos de adapta\u00e7\u00e3o social intensa, sobrecarga sensorial e experi\u00eancias de incompreens\u00e3o.<\/p>\n<p>Por outro lado, ela afirma que o diagn\u00f3stico tardio tamb\u00e9m pode transformar rela\u00e7\u00f5es, por meio de maior compreens\u00e3o. \u201cPode melhorar a qualidade das rela\u00e7\u00f5es, ao favorecer comunica\u00e7\u00e3o mais clara sobre necessidades e limites. Tamb\u00e9m ajuda parceiros, familiares e colegas a compreenderem melhor comportamentos antes interpretados de forma equivocada\u201d.<\/p>\n<p>Com rela\u00e7\u00e3o \u00e0s terapias indicadas ap\u00f3s o diagn\u00f3stico, a psic\u00f3loga destaca a Terapia Cognitivo-Comportamental adaptada para TEA, interven\u00e7\u00f5es voltadas para habilidades sociais e pr\u00e1ticas focadas na regula\u00e7\u00e3o emocional. Ainda assim, ela salienta que \u00e9 fundamental o acompanhamento individualizado, respeitando a singularidade de cada adulto autista.<\/p>\n<p><em>Siga o Acorda Cidade no\u00a0<\/em><a href=\"https:\/\/news.google.com\/search?q=acorda%20cidade&amp;hl=pt-BR&amp;gl=BR&amp;ceid=BR%3Apt-419\"><strong><em>Google Not\u00edcias<\/em><\/strong><\/a><em>\u00a0e receba os principais destaques do dia. Participe tamb\u00e9m dos nossos canais no\u00a0<\/em><a href=\"https:\/\/www.whatsapp.com\/channel\/0029Va6Rb4v3WHTNnsh8WI3N\"><strong><em>WhatsApp<\/em><\/strong><\/a><em>\u00a0e\u00a0<\/em><a href=\"https:\/\/www.youtube.com\/@acordacidadenoticias\/videos\"><strong>YouTube<\/strong><\/a><em>\u00a0e grupo de\u00a0<\/em><a href=\"https:\/\/t.me\/+sSz0khrgARA0ZmRh\"><strong><em>Telegram<\/em><\/strong><\/a><em>.<\/em><\/p>\n<\/div>\n","protected":false},"excerpt":{"rendered":"<div>\n<div>\n<figure><img decoding=\"async\" src=\"https:\/\/uploads.acordacidade.com.br\/2026\/04\/autismo-adulto-freepik.jpg\" alt=\"autismo adulto\"><figcaption>Foto: Freepik<\/figcaption><\/figure>\n<\/div>\n<p>Entre as terapias indicadas ap\u00f3s o diagn\u00f3stico do autismo est\u00e1 a Terapia Cognitivo-Comportamental adaptada para TEA.<\/p><\/div>\n","protected":false},"author":1,"featured_media":128379,"comment_status":"closed","ping_status":"closed","sticky":false,"template":"","format":"gallery","meta":{"footnotes":""},"categories":[8,9,6,57,56,10],"tags":[],"class_list":["post-128378","post","type-post","status-publish","format-gallery","has-post-thumbnail","hentry","category-bahia","category-brasil","category-feira-de-santana","category-mundo","category-policia","category-politica","post_format-post-format-gallery"],"featured_image_urls":{"full":["https:\/\/noticiasbahia360.com.br\/wp-content\/uploads\/2026\/04\/autismo-adulto-freepik.jpg",1200,800,false],"thumbnail":["https:\/\/noticiasbahia360.com.br\/wp-content\/uploads\/2026\/04\/autismo-adulto-freepik-150x150.jpg",150,150,true],"medium":["https:\/\/noticiasbahia360.com.br\/wp-content\/uploads\/2026\/04\/autismo-adulto-freepik-300x200.jpg",300,200,true],"medium_large":["https:\/\/noticiasbahia360.com.br\/wp-content\/uploads\/2026\/04\/autismo-adulto-freepik-768x512.jpg",640,427,true],"large":["https:\/\/noticiasbahia360.com.br\/wp-content\/uploads\/2026\/04\/autismo-adulto-freepik-1024x683.jpg",640,427,true],"1536x1536":["https:\/\/noticiasbahia360.com.br\/wp-content\/uploads\/2026\/04\/autismo-adulto-freepik.jpg",1200,800,false],"2048x2048":["https:\/\/noticiasbahia360.com.br\/wp-content\/uploads\/2026\/04\/autismo-adulto-freepik.jpg",1200,800,false],"chromenews-featured":["https:\/\/noticiasbahia360.com.br\/wp-content\/uploads\/2026\/04\/autismo-adulto-freepik-1024x683.jpg",1024,683,true],"chromenews-large":["https:\/\/noticiasbahia360.com.br\/wp-content\/uploads\/2026\/04\/autismo-adulto-freepik-825x575.jpg",825,575,true],"chromenews-medium":["https:\/\/noticiasbahia360.com.br\/wp-content\/uploads\/2026\/04\/autismo-adulto-freepik-590x410.jpg",590,410,true]},"author_info":{"display_name":"noticiasbahia360.com.br","author_link":"https:\/\/noticiasbahia360.com.br\/?author=1"},"category_info":"<a href=\"https:\/\/noticiasbahia360.com.br\/?cat=8\" rel=\"category\">Bahia<\/a> <a href=\"https:\/\/noticiasbahia360.com.br\/?cat=9\" rel=\"category\">Brasil<\/a> <a href=\"https:\/\/noticiasbahia360.com.br\/?cat=6\" rel=\"category\">Feira de Santana<\/a> <a href=\"https:\/\/noticiasbahia360.com.br\/?cat=57\" rel=\"category\">Mundo<\/a> <a href=\"https:\/\/noticiasbahia360.com.br\/?cat=56\" rel=\"category\">Pol\u00edcia<\/a> <a href=\"https:\/\/noticiasbahia360.com.br\/?cat=10\" rel=\"category\">Pol\u00edtica<\/a>","tag_info":"Pol\u00edtica","comment_count":"0","_links":{"self":[{"href":"https:\/\/noticiasbahia360.com.br\/index.php?rest_route=\/wp\/v2\/posts\/128378","targetHints":{"allow":["GET"]}}],"collection":[{"href":"https:\/\/noticiasbahia360.com.br\/index.php?rest_route=\/wp\/v2\/posts"}],"about":[{"href":"https:\/\/noticiasbahia360.com.br\/index.php?rest_route=\/wp\/v2\/types\/post"}],"author":[{"embeddable":true,"href":"https:\/\/noticiasbahia360.com.br\/index.php?rest_route=\/wp\/v2\/users\/1"}],"replies":[{"embeddable":true,"href":"https:\/\/noticiasbahia360.com.br\/index.php?rest_route=%2Fwp%2Fv2%2Fcomments&post=128378"}],"version-history":[{"count":0,"href":"https:\/\/noticiasbahia360.com.br\/index.php?rest_route=\/wp\/v2\/posts\/128378\/revisions"}],"wp:featuredmedia":[{"embeddable":true,"href":"https:\/\/noticiasbahia360.com.br\/index.php?rest_route=\/wp\/v2\/media\/128379"}],"wp:attachment":[{"href":"https:\/\/noticiasbahia360.com.br\/index.php?rest_route=%2Fwp%2Fv2%2Fmedia&parent=128378"}],"wp:term":[{"taxonomy":"category","embeddable":true,"href":"https:\/\/noticiasbahia360.com.br\/index.php?rest_route=%2Fwp%2Fv2%2Fcategories&post=128378"},{"taxonomy":"post_tag","embeddable":true,"href":"https:\/\/noticiasbahia360.com.br\/index.php?rest_route=%2Fwp%2Fv2%2Ftags&post=128378"}],"curies":[{"name":"wp","href":"https:\/\/api.w.org\/{rel}","templated":true}]}}