{"id":128380,"date":"2026-04-26T07:06:06","date_gmt":"2026-04-26T10:06:06","guid":{"rendered":"https:\/\/noticiasbahia360.com.br\/?p=128380"},"modified":"2026-04-26T07:06:06","modified_gmt":"2026-04-26T10:06:06","slug":"sem-dar-sinais-hipertensao-compromete-a-circulacao-e-aumenta-risco-cardiovascular","status":"publish","type":"post","link":"https:\/\/noticiasbahia360.com.br\/?p=128380","title":{"rendered":"Sem dar sinais, hipertens\u00e3o compromete a circula\u00e7\u00e3o e aumenta risco cardiovascular"},"content":{"rendered":"<div>\n<div>\n<figure><img decoding=\"async\" src=\"http:\/\/noticiasbahia360.com.br\/wp-content\/uploads\/2026\/04\/pressao-arterial.jpg\" alt=\"press\u00e3o arterial\"><figcaption>Foto: Ag\u00eancia Einstein<\/figcaption><\/figure>\n<\/div>\n<p>A hipertens\u00e3o arterial, conhecida como press\u00e3o alta, \u00e9 uma das respons\u00e1veis por danos \u00e0 circula\u00e7\u00e3o sangu\u00ednea e segue como um dos maiores fatores de risco para doen\u00e7as cardiovasculares. A condi\u00e7\u00e3o pode comprometer progressivamente as art\u00e9rias e afetar \u00f3rg\u00e3os vitais ao longo do tempo.<\/p>\n<p>No Dia Nacional de Preven\u00e7\u00e3o e Combate \u00e0 Hipertens\u00e3o Arterial, celebrado em 26 de abril, o alerta se volta especialmente para a rela\u00e7\u00e3o direta entre a press\u00e3o elevada e a sa\u00fade vascular, muitas vezes negligenciada at\u00e9 o surgimento de complica\u00e7\u00f5es.<\/p>\n<p>De acordo com a Organiza\u00e7\u00e3o Mundial da Sa\u00fade (OMS), mais de 40% das pessoas hipertensas no mundo n\u00e3o sabem que t\u00eam a doen\u00e7a. O dado refor\u00e7a a import\u00e2ncia da medi\u00e7\u00e3o regular da press\u00e3o arterial como principal forma de diagn\u00f3stico.<\/p>\n<p>O m\u00e9dico e cirurgi\u00e3o vascular, membro da Sociedade Brasileira de Angiologia e de Cirurgia Vascular \u2013 Regional S\u00e3o Paulo (SBACV-SP), Dr. Cesar Navarro Morales, explica que a aus\u00eancia de sintomas \u00e9 um dos principais desafios no controle da doen\u00e7a. \u201cO aumento da press\u00e3o evolui de forma silenciosa e, por isso, muitas pessoas s\u00f3 descobrem quando j\u00e1 h\u00e1 algum tipo de les\u00e3o em \u00f3rg\u00e3os ou comprometimento da circula\u00e7\u00e3o\u201d, afirma.<\/p>\n<p>A press\u00e3o elevada exerce um impacto sist\u00eamico sobre todo o sistema vascular. O aumento cont\u00ednuo da press\u00e3o provoca desgaste na parede das art\u00e9rias, levando \u00e0 perda de elasticidade e ao enrijecimento dos vasos. <\/p>\n<p>Esse processo favorece o desenvolvimento da aterosclerose e acelera o envelhecimento vascular, tornando as art\u00e9rias mais r\u00edgidas e menos responsivas \u00e0s necessidades do organismo. Como consequ\u00eancia, h\u00e1 redu\u00e7\u00e3o do fluxo sangu\u00edneo e da irriga\u00e7\u00e3o de \u00f3rg\u00e3os como c\u00e9rebro, cora\u00e7\u00e3o e rins, al\u00e9m do aumento do risco de doen\u00e7as como infarto, acidente vascular cerebral (AVC), doen\u00e7a arterial perif\u00e9rica, aneurismas e dissec\u00e7\u00f5es da aorta.<\/p>\n<h3 class=\"wp-block-heading\" id=\"h-diretriz-brasileira-de-hipertensao-arterial-de-2025\">Diretriz Brasileira de Hipertens\u00e3o Arterial de 2025<\/h3>\n<p>As recomenda\u00e7\u00f5es cl\u00ednicas mais recentes elevaram a import\u00e2ncia na vigil\u00e2ncia cardiovascular. Atualmente, valores de 120\/80 mmHg (o popular 12 por 8) n\u00e3o s\u00e3o mais vistos apenas como normais, e sim como um sinal de alerta. <\/p>\n<p>A faixa agora \u00e9 classificada como pr\u00e9-hipertens\u00e3o ou press\u00e3o elevada, indicando um risco significativamente maior de progress\u00e3o para a hipertens\u00e3o cr\u00f4nica e complica\u00e7\u00f5es futuras.<\/p>\n<h3 class=\"wp-block-heading\" id=\"h-prevencao-e-mudanca-de-habito-e-o-caminho-para-o-controle\">Preven\u00e7\u00e3o e mudan\u00e7a de h\u00e1bito \u00e9 o caminho para o controle<\/h3>\n<p>Mesmo sem sintomas aparentes, a hipertens\u00e3o pode causar danos importantes. Quando sinais como dor de cabe\u00e7a, tontura, vis\u00e3o borrada ou falta de ar surgem, geralmente indicam n\u00edveis mais elevados de press\u00e3o ou alguma repercuss\u00e3o cl\u00ednica. Por isso, a preven\u00e7\u00e3o e o controle s\u00e3o fundamentais. <\/p>\n<p>Medir a press\u00e3o regularmente \u00e9 uma das principais estrat\u00e9gias para diagn\u00f3stico precoce, especialmente considerando que uma parcela significativa da popula\u00e7\u00e3o desconhece o pr\u00f3prio quadro.<\/p>\n<p>Fatores como sedentarismo, alimenta\u00e7\u00e3o rica em s\u00f3dio, obesidade, estresse e consumo de \u00e1lcool est\u00e3o entre os principais respons\u00e1veis pelo aumento da press\u00e3o arterial. Nos \u00faltimos anos, esses h\u00e1bitos tamb\u00e9m elevaram os \u00edndices entre pessoas mais jovens.<\/p>\n<p>Para o m\u00e9dico, a mudan\u00e7a de comportamento tem papel decisivo na redu\u00e7\u00e3o dos riscos. \u201cMesmo em pessoas com predisposi\u00e7\u00e3o, um estilo de vida saud\u00e1vel pode retardar ou evitar a progress\u00e3o da doen\u00e7a\u201d, refor\u00e7a.<\/p>\n<p>A boa not\u00edcia \u00e9 que a condi\u00e7\u00e3o pode ser controlada. Unir novos h\u00e1bitos ao acompanhamento m\u00e9dico e ao uso de medicamentos, quando indicados, reduz significativamente o risco de complica\u00e7\u00f5es. \u201cO controle da press\u00e3o alta \u00e9 poss\u00edvel e faz toda a diferen\u00e7a na preven\u00e7\u00e3o de eventos graves. Monitorar a press\u00e3o regularmente \u00e9 uma medida simples e essencial\u201d, conclui.<\/p>\n<p><em>Siga o Acorda Cidade no\u00a0<\/em><a href=\"https:\/\/news.google.com\/search?q=acorda%20cidade&amp;hl=pt-BR&amp;gl=BR&amp;ceid=BR%3Apt-419\"><strong><em>Google Not\u00edcias<\/em><\/strong><\/a><em>e receba os principais destaques do dia. Participe tamb\u00e9m dos nossos canais no\u00a0<\/em><a href=\"https:\/\/whatsapp.com\/channel\/0029Va6Rb4v3WHTNnsh8WI3N\"><strong><em>WhatsApp<\/em><\/strong><\/a><em>e\u00a0<\/em><a href=\"https:\/\/www.youtube.com\/@acordacidadenoticias\/videos\"><strong>YouTube<\/strong><\/a><em>e do grupo no\u00a0<\/em><a href=\"https:\/\/t.me\/+sSz0khrgARA0ZmRh\"><strong><em>Telegram<\/em><\/strong><\/a><em>.<\/em><\/p>\n<\/div>\n","protected":false},"excerpt":{"rendered":"<div>\n<div>\n<figure><img decoding=\"async\" src=\"https:\/\/www.acordacidade.com.br\/wp-content\/uploads\/2025\/01\/pressao-arterial.jpg\" alt=\"press\u00e3o arterial\"><figcaption>Foto: Ag\u00eancia Einstein<\/figcaption><\/figure>\n<\/div>\n<p>De acordo com a Organiza\u00e7\u00e3o Mundial da Sa\u00fade (OMS), mais de 40% das pessoas hipertensas no mundo n\u00e3o sabem que t\u00eam a doen\u00e7a.<\/p><\/div>\n","protected":false},"author":1,"featured_media":128381,"comment_status":"closed","ping_status":"closed","sticky":false,"template":"","format":"gallery","meta":{"footnotes":""},"categories":[8,9,6,57,56,10],"tags":[],"class_list":["post-128380","post","type-post","status-publish","format-gallery","has-post-thumbnail","hentry","category-bahia","category-brasil","category-feira-de-santana","category-mundo","category-policia","category-politica","post_format-post-format-gallery"],"featured_image_urls":{"full":["https:\/\/noticiasbahia360.com.br\/wp-content\/uploads\/2026\/04\/pressao-arterial.jpg",640,430,false],"thumbnail":["https:\/\/noticiasbahia360.com.br\/wp-content\/uploads\/2026\/04\/pressao-arterial-150x150.jpg",150,150,true],"medium":["https:\/\/noticiasbahia360.com.br\/wp-content\/uploads\/2026\/04\/pressao-arterial-300x202.jpg",300,202,true],"medium_large":["https:\/\/noticiasbahia360.com.br\/wp-content\/uploads\/2026\/04\/pressao-arterial.jpg",640,430,false],"large":["https:\/\/noticiasbahia360.com.br\/wp-content\/uploads\/2026\/04\/pressao-arterial.jpg",640,430,false],"1536x1536":["https:\/\/noticiasbahia360.com.br\/wp-content\/uploads\/2026\/04\/pressao-arterial.jpg",640,430,false],"2048x2048":["https:\/\/noticiasbahia360.com.br\/wp-content\/uploads\/2026\/04\/pressao-arterial.jpg",640,430,false],"chromenews-featured":["https:\/\/noticiasbahia360.com.br\/wp-content\/uploads\/2026\/04\/pressao-arterial.jpg",640,430,false],"chromenews-large":["https:\/\/noticiasbahia360.com.br\/wp-content\/uploads\/2026\/04\/pressao-arterial.jpg",640,430,false],"chromenews-medium":["https:\/\/noticiasbahia360.com.br\/wp-content\/uploads\/2026\/04\/pressao-arterial-590x410.jpg",590,410,true]},"author_info":{"display_name":"noticiasbahia360.com.br","author_link":"https:\/\/noticiasbahia360.com.br\/?author=1"},"category_info":"<a href=\"https:\/\/noticiasbahia360.com.br\/?cat=8\" rel=\"category\">Bahia<\/a> <a href=\"https:\/\/noticiasbahia360.com.br\/?cat=9\" rel=\"category\">Brasil<\/a> <a href=\"https:\/\/noticiasbahia360.com.br\/?cat=6\" rel=\"category\">Feira de Santana<\/a> <a href=\"https:\/\/noticiasbahia360.com.br\/?cat=57\" rel=\"category\">Mundo<\/a> <a href=\"https:\/\/noticiasbahia360.com.br\/?cat=56\" rel=\"category\">Pol\u00edcia<\/a> <a href=\"https:\/\/noticiasbahia360.com.br\/?cat=10\" rel=\"category\">Pol\u00edtica<\/a>","tag_info":"Pol\u00edtica","comment_count":"0","_links":{"self":[{"href":"https:\/\/noticiasbahia360.com.br\/index.php?rest_route=\/wp\/v2\/posts\/128380","targetHints":{"allow":["GET"]}}],"collection":[{"href":"https:\/\/noticiasbahia360.com.br\/index.php?rest_route=\/wp\/v2\/posts"}],"about":[{"href":"https:\/\/noticiasbahia360.com.br\/index.php?rest_route=\/wp\/v2\/types\/post"}],"author":[{"embeddable":true,"href":"https:\/\/noticiasbahia360.com.br\/index.php?rest_route=\/wp\/v2\/users\/1"}],"replies":[{"embeddable":true,"href":"https:\/\/noticiasbahia360.com.br\/index.php?rest_route=%2Fwp%2Fv2%2Fcomments&post=128380"}],"version-history":[{"count":0,"href":"https:\/\/noticiasbahia360.com.br\/index.php?rest_route=\/wp\/v2\/posts\/128380\/revisions"}],"wp:featuredmedia":[{"embeddable":true,"href":"https:\/\/noticiasbahia360.com.br\/index.php?rest_route=\/wp\/v2\/media\/128381"}],"wp:attachment":[{"href":"https:\/\/noticiasbahia360.com.br\/index.php?rest_route=%2Fwp%2Fv2%2Fmedia&parent=128380"}],"wp:term":[{"taxonomy":"category","embeddable":true,"href":"https:\/\/noticiasbahia360.com.br\/index.php?rest_route=%2Fwp%2Fv2%2Fcategories&post=128380"},{"taxonomy":"post_tag","embeddable":true,"href":"https:\/\/noticiasbahia360.com.br\/index.php?rest_route=%2Fwp%2Fv2%2Ftags&post=128380"}],"curies":[{"name":"wp","href":"https:\/\/api.w.org\/{rel}","templated":true}]}}