{"id":128382,"date":"2026-04-26T08:01:02","date_gmt":"2026-04-26T11:01:02","guid":{"rendered":"https:\/\/noticiasbahia360.com.br\/?p=128382"},"modified":"2026-04-26T08:01:02","modified_gmt":"2026-04-26T11:01:02","slug":"voce-sabe-desembaracar-o-cabelo-corretamente","status":"publish","type":"post","link":"https:\/\/noticiasbahia360.com.br\/?p=128382","title":{"rendered":"Voc\u00ea sabe desembara\u00e7ar o cabelo corretamente?"},"content":{"rendered":"<div>\n<div>\n<figure><img decoding=\"async\" src=\"http:\/\/noticiasbahia360.com.br\/wp-content\/uploads\/2026\/04\/Mulher-desembaracando-o-cabelo-penteando-o-cabelo-Foto-Divulgacao-Jacques-Janine.jpg\" alt=\"Mulher desembara\u00e7ando o cabelo penteando o cabelo\"><figcaption>Foto: Divulga\u00e7\u00e3o\/ Jacques Janine<\/figcaption><\/figure>\n<\/div>\n<p>Pentear o cabelo \u00e9 um gesto autom\u00e1tico para a maioria das pessoas, repetido diariamente sem muita reflex\u00e3o. No entanto, a forma como os fios s\u00e3o desembara\u00e7ados pode influenciar diretamente na sa\u00fade capilar. Quebra, frizz excessivo, opacidade e dificuldade de finaliza\u00e7\u00e3o muitas vezes n\u00e3o est\u00e3o ligados apenas a qu\u00edmicas ou ferramentas t\u00e9rmicas, mas a h\u00e1bitos simples realizados de maneira inadequada.<\/p>\n<p>Embora pare\u00e7a um cuidado b\u00e1sico, o desembara\u00e7o precisa considerar textura, densidade e momento da rotina. Cabelos lisos, ondulados, cacheados ou crespos respondem de formas diferentes ao contato com escovas e pentes, e adaptar o processo faz toda a diferen\u00e7a no resultado.<\/p>\n<p>Segundo Maur\u00edcio Pina, hairstylist e diretor art\u00edstico da rede Jacques Janine, grande parte dos danos capilares acontece justamente nesse momento. \u201cO desembara\u00e7o \u00e9 uma etapa de cuidado. Quando respeitamos o tipo de cabelo e utilizamos o acess\u00f3rio correto, conseguimos reduzir a quebra, controlar o frizz e melhorar a apar\u00eancia geral dos fios\u201d, explica.<\/p>\n<p>A seguir, o especialista aponta cinco situa\u00e7\u00f5es comuns e como desembara\u00e7ar corretamente em cada uma delas.<\/p>\n<p><strong>1. Cabelos lisos, finos ou ralos pedem leveza no desembara\u00e7o di\u00e1rio<\/strong><\/p>\n<p>Fios lisos e de menor densidade costumam embara\u00e7ar facilmente ao acordar ou ap\u00f3s exposi\u00e7\u00e3o ao vento e ao atrito com roupas. Nesses casos, o desembara\u00e7o deve ser suave e realizado apenas quando necess\u00e1rio, evitando escova\u00e7\u00f5es repetidas ao longo do dia. O ideal \u00e9 alinhar os fios com movimentos leves, come\u00e7ando sempre pelas pontas e subindo gradualmente at\u00e9 a raiz. \u201cCabelos finos sofrem muito com excesso de tra\u00e7\u00e3o. Escovar v\u00e1rias vezes ao dia n\u00e3o fortalece o fio, apenas aumenta o desgaste mec\u00e2nico\u201d, explica o profissional.<\/p>\n<p><strong>Sugest\u00e3o de produto:<\/strong>\u00a0Escova Easy Flexi, da ProArt.<\/p>\n<p><strong>2. Cabelos ondulados funcionam melhor quando desembara\u00e7ados ap\u00f3s a lavagem<\/strong><\/p>\n<p>Nos cabelos ondulados, o momento logo ap\u00f3s o banho costuma ser o mais indicado para desembara\u00e7ar. Com os fios ainda \u00famidos e protegidos por leave-in, o atrito diminui e as ondas mant\u00eam seu movimento natural. Esse cuidado ajuda a evitar frizz e facilita a finaliza\u00e7\u00e3o, seja com secagem natural ou difusor. \u201cO ondulado precisa de organiza\u00e7\u00e3o sem perder textura. Quando o desembara\u00e7o acontece com o fio \u00famido e com produto, o resultado fica mais definido e leve\u201d, afirma o hairstylist.<\/p>\n<p><strong>Sugest\u00e3o de produto:<\/strong>\u00a0Pente Desembara\u00e7ante Dentes Largos, da ProArt; Mousse Desembara\u00e7ante Eu Amo Charming.\u00a0<\/p>\n<p><strong>3. Cabelos cacheados e crespos devem ser desembara\u00e7ados no banho ou na finaliza\u00e7\u00e3o<\/strong><\/p>\n<p>Para fios cacheados e crespos, desembara\u00e7ar o cabelo seco \u00e9 um dos erros mais comuns. O ideal \u00e9 realizar o processo durante o banho, com condicionador, ou logo ap\u00f3s a lavagem, utilizando creme de pentear para garantir emoli\u00eancia e preservar a curvatura natural. Nesse caso, o desembara\u00e7o j\u00e1 faz parte da pr\u00f3pria defini\u00e7\u00e3o dos cachos. \u201cQuando o cabelo texturizado \u00e9 desembara\u00e7ado corretamente, ele seca mais alinhado, com menos frizz e melhor forma\u00e7\u00e3o dos cachos\u201d, explica Pina.<\/p>\n<p><strong>Sugest\u00e3o de produto:<\/strong>\u00a0Pente Triplo Extraordin\u00e1rio e Escova Polvo Wonder Curly, da ProArt.<\/p>\n<p><strong>4. Antes de dormir, o desembara\u00e7o ajuda a preservar qualquer tipo de cabelo<\/strong><\/p>\n<p>Independentemente da textura, desembara\u00e7ar suavemente o cabelo antes de dormir evita a forma\u00e7\u00e3o de n\u00f3s e reduz o atrito prolongado com o travesseiro durante a noite. Esse cuidado \u00e9 especialmente importante para cabelos m\u00e9dios, longos e volumosos. O uso de acess\u00f3rios que diminuem a fric\u00e7\u00e3o tamb\u00e9m contribui para manter o alinhamento dos fios at\u00e9 o dia seguinte. \u201cA noite \u00e9 um per\u00edodo longo de movimento e atrito. Preparar o cabelo antes de dormir ajuda a preservar a fibra capilar e facilita muito a rotina da manh\u00e3\u201d, orienta o especialista.<\/p>\n<p><strong>Sugest\u00e3o de produto:<\/strong>\u00a0Touca de cetim dupla, da ProArt; Blend \u00d3leo de Coco Salon Opus.\u00a0<\/p>\n<p><strong>5. Cabelos molhados exigem ferramentas espec\u00edficas para evitar quebra<\/strong><\/p>\n<p>Independentemente do tipo de cabelo, o momento em que os fios est\u00e3o molhados \u00e9 o mais sens\u00edvel da rotina capilar. A fibra fica mais el\u00e1stica e vulner\u00e1vel, exigindo acess\u00f3rios flex\u00edveis e movimentos delicados. O ideal \u00e9 retirar o excesso de \u00e1gua pressionando a toalha suavemente, sem esfregar, e iniciar o desembara\u00e7o pelas pontas. \u201cO cabelo molhado nunca deve ser puxado. A escova precisa acompanhar o movimento do fio para evitar ruptura\u201d, destaca Mauricio Pina.<\/p>\n<p><strong>Sugest\u00e3o de produto:<\/strong>\u00a0Escova Flex Heaven, da ProArt.<\/p>\n<h2 class=\"wp-block-heading\" id=\"h-sobre-o-jacques-janine\"><strong>Sobre o Jacques Janine<\/strong><\/h2>\n<p>Com mais de 60 unidades espalhadas pelo Brasil e 2 nos Estados Unidos, o Jacques Janine est\u00e1 no mercado h\u00e1 68 anos e se tornou a primeira rede de sal\u00f5es de beleza da Am\u00e9rica Latina. Fundada pelo casal franc\u00eas Jacques e Janine Goossens, a marca \u00e9 refer\u00eancia em servi\u00e7os de beleza. Com a Acad\u00e9mie Jacques Janine, a empresa destacou-se pela sua conex\u00e3o e capacidade em desenvolver profissionais de excel\u00eancia com projetos educacionais que transformam vidas e fortalecem o setor.\u00a0<\/p>\n<p><em>Siga o Acorda Cidade no\u00a0<\/em><a href=\"https:\/\/news.google.com\/search?q=acorda%20cidade&amp;hl=pt-BR&amp;gl=BR&amp;ceid=BR%3Apt-419\"><strong><em>Google Not\u00edcias<\/em><\/strong><\/a><em>\u00a0e receba os principais destaques do dia. Participe tamb\u00e9m dos nossos canais no\u00a0<\/em><a href=\"https:\/\/www.whatsapp.com\/channel\/0029Va6Rb4v3WHTNnsh8WI3N\"><strong><em>WhatsApp<\/em><\/strong><\/a><em>\u00a0e\u00a0<\/em><a href=\"https:\/\/www.youtube.com\/@acordacidadenoticias\/videos\"><strong>YouTube<\/strong><\/a><em>\u00a0e grupo de\u00a0<\/em><a href=\"https:\/\/t.me\/+sSz0khrgARA0ZmRh\"><strong><em>Telegram<\/em><\/strong><\/a><em>.<\/em><\/p>\n<\/div>\n","protected":false},"excerpt":{"rendered":"<div>\n<div>\n<figure><img decoding=\"async\" src=\"https:\/\/uploads.acordacidade.com.br\/2026\/04\/Mulher-desembaracando-o-cabelo-penteando-o-cabelo-Foto-Divulgacao-Jacques-Janine.jpg\" alt=\"Mulher desembara\u00e7ando o cabelo penteando o cabelo\"><figcaption>Foto: Divulga\u00e7\u00e3o\/ Jacques Janine<\/figcaption><\/figure>\n<\/div>\n<p>Especialista explica como adaptar o desembara\u00e7o ao tipo de fio e evitar quebra, frizz e danos invis\u00edveis na rotina di\u00e1ria.<\/p><\/div>\n","protected":false},"author":1,"featured_media":128383,"comment_status":"closed","ping_status":"closed","sticky":false,"template":"","format":"gallery","meta":{"footnotes":""},"categories":[8,9,6,57,56,10],"tags":[],"class_list":["post-128382","post","type-post","status-publish","format-gallery","has-post-thumbnail","hentry","category-bahia","category-brasil","category-feira-de-santana","category-mundo","category-policia","category-politica","post_format-post-format-gallery"],"featured_image_urls":{"full":["https:\/\/noticiasbahia360.com.br\/wp-content\/uploads\/2026\/04\/Mulher-desembaracando-o-cabelo-penteando-o-cabelo-Foto-Divulgacao-Jacques-Janine.jpg",1200,800,false],"thumbnail":["https:\/\/noticiasbahia360.com.br\/wp-content\/uploads\/2026\/04\/Mulher-desembaracando-o-cabelo-penteando-o-cabelo-Foto-Divulgacao-Jacques-Janine-150x150.jpg",150,150,true],"medium":["https:\/\/noticiasbahia360.com.br\/wp-content\/uploads\/2026\/04\/Mulher-desembaracando-o-cabelo-penteando-o-cabelo-Foto-Divulgacao-Jacques-Janine-300x200.jpg",300,200,true],"medium_large":["https:\/\/noticiasbahia360.com.br\/wp-content\/uploads\/2026\/04\/Mulher-desembaracando-o-cabelo-penteando-o-cabelo-Foto-Divulgacao-Jacques-Janine-768x512.jpg",640,427,true],"large":["https:\/\/noticiasbahia360.com.br\/wp-content\/uploads\/2026\/04\/Mulher-desembaracando-o-cabelo-penteando-o-cabelo-Foto-Divulgacao-Jacques-Janine-1024x683.jpg",640,427,true],"1536x1536":["https:\/\/noticiasbahia360.com.br\/wp-content\/uploads\/2026\/04\/Mulher-desembaracando-o-cabelo-penteando-o-cabelo-Foto-Divulgacao-Jacques-Janine.jpg",1200,800,false],"2048x2048":["https:\/\/noticiasbahia360.com.br\/wp-content\/uploads\/2026\/04\/Mulher-desembaracando-o-cabelo-penteando-o-cabelo-Foto-Divulgacao-Jacques-Janine.jpg",1200,800,false],"chromenews-featured":["https:\/\/noticiasbahia360.com.br\/wp-content\/uploads\/2026\/04\/Mulher-desembaracando-o-cabelo-penteando-o-cabelo-Foto-Divulgacao-Jacques-Janine-1024x683.jpg",1024,683,true],"chromenews-large":["https:\/\/noticiasbahia360.com.br\/wp-content\/uploads\/2026\/04\/Mulher-desembaracando-o-cabelo-penteando-o-cabelo-Foto-Divulgacao-Jacques-Janine-825x575.jpg",825,575,true],"chromenews-medium":["https:\/\/noticiasbahia360.com.br\/wp-content\/uploads\/2026\/04\/Mulher-desembaracando-o-cabelo-penteando-o-cabelo-Foto-Divulgacao-Jacques-Janine-590x410.jpg",590,410,true]},"author_info":{"display_name":"noticiasbahia360.com.br","author_link":"https:\/\/noticiasbahia360.com.br\/?author=1"},"category_info":"<a href=\"https:\/\/noticiasbahia360.com.br\/?cat=8\" rel=\"category\">Bahia<\/a> <a href=\"https:\/\/noticiasbahia360.com.br\/?cat=9\" rel=\"category\">Brasil<\/a> <a href=\"https:\/\/noticiasbahia360.com.br\/?cat=6\" rel=\"category\">Feira de Santana<\/a> <a href=\"https:\/\/noticiasbahia360.com.br\/?cat=57\" rel=\"category\">Mundo<\/a> <a href=\"https:\/\/noticiasbahia360.com.br\/?cat=56\" rel=\"category\">Pol\u00edcia<\/a> <a href=\"https:\/\/noticiasbahia360.com.br\/?cat=10\" rel=\"category\">Pol\u00edtica<\/a>","tag_info":"Pol\u00edtica","comment_count":"0","_links":{"self":[{"href":"https:\/\/noticiasbahia360.com.br\/index.php?rest_route=\/wp\/v2\/posts\/128382","targetHints":{"allow":["GET"]}}],"collection":[{"href":"https:\/\/noticiasbahia360.com.br\/index.php?rest_route=\/wp\/v2\/posts"}],"about":[{"href":"https:\/\/noticiasbahia360.com.br\/index.php?rest_route=\/wp\/v2\/types\/post"}],"author":[{"embeddable":true,"href":"https:\/\/noticiasbahia360.com.br\/index.php?rest_route=\/wp\/v2\/users\/1"}],"replies":[{"embeddable":true,"href":"https:\/\/noticiasbahia360.com.br\/index.php?rest_route=%2Fwp%2Fv2%2Fcomments&post=128382"}],"version-history":[{"count":0,"href":"https:\/\/noticiasbahia360.com.br\/index.php?rest_route=\/wp\/v2\/posts\/128382\/revisions"}],"wp:featuredmedia":[{"embeddable":true,"href":"https:\/\/noticiasbahia360.com.br\/index.php?rest_route=\/wp\/v2\/media\/128383"}],"wp:attachment":[{"href":"https:\/\/noticiasbahia360.com.br\/index.php?rest_route=%2Fwp%2Fv2%2Fmedia&parent=128382"}],"wp:term":[{"taxonomy":"category","embeddable":true,"href":"https:\/\/noticiasbahia360.com.br\/index.php?rest_route=%2Fwp%2Fv2%2Fcategories&post=128382"},{"taxonomy":"post_tag","embeddable":true,"href":"https:\/\/noticiasbahia360.com.br\/index.php?rest_route=%2Fwp%2Fv2%2Ftags&post=128382"}],"curies":[{"name":"wp","href":"https:\/\/api.w.org\/{rel}","templated":true}]}} 