{"id":128384,"date":"2026-04-26T08:21:07","date_gmt":"2026-04-26T11:21:07","guid":{"rendered":"https:\/\/noticiasbahia360.com.br\/?p=128384"},"modified":"2026-04-26T08:21:07","modified_gmt":"2026-04-26T11:21:07","slug":"bahia-registra-mais-de-22-mil-obitos-em-2025-por-infarto-insuficiencia-cardiaca-e-avc","status":"publish","type":"post","link":"https:\/\/noticiasbahia360.com.br\/?p=128384","title":{"rendered":"Bahia registra mais de 22 mil \u00f3bitos, em 2025, por infarto, insufici\u00eancia card\u00edaca e AVC"},"content":{"rendered":"<div>\n<div>\n<figure><img decoding=\"async\" src=\"http:\/\/noticiasbahia360.com.br\/wp-content\/uploads\/2026\/04\/Pessoa-verificando-pressao-arterial-Foto-Reproducao-Freepik.jpg\" alt=\"Pessoa verificando press\u00e3o arterial\"><figcaption>Foto: Reprodu\u00e7\u00e3o\/ Freepik<\/figcaption><\/figure>\n<\/div>\n<p>Silenciosa, comum e muitas vezes negligenciada, a hipertens\u00e3o arterial segue como um dos principais gatilhos para duas das doen\u00e7as que mais matam no pa\u00eds: infarto e Acidente Vascular Cerebral (AVC).<\/p>\n<p>S\u00f3 em 2025, o Brasil registrou 177.810 mortes por infarto e 104.363 mil por AVC, segundo levantamento da Organiza\u00e7\u00e3o Nacional de Acredita\u00e7\u00e3o (ONA), com base no Sistema de Informa\u00e7\u00f5es sobre Mortalidade (SIM), do Minist\u00e9rio da Sa\u00fade (DATASUS).<\/p>\n<p>Os dados incluem diferentes tipos de eventos cardiovasculares e refor\u00e7am o tamanho do problema: foram ainda 64.133 \u00f3bitos por insufici\u00eancia card\u00edaca. Para 2026, os n\u00fameros ainda est\u00e3o em consolida\u00e7\u00e3o, mas j\u00e1 indicam a continuidade do cen\u00e1rio preocupante. Total de 346.306 \u00f3bitos por infarto, AVC e insufici\u00eancia card\u00edaca.<\/p>\n<p>Na Bahia, foram registrados 10.556 \u00f3bitos por infarto; 8.054 por AVC e 4.005 por insufici\u00eancia card\u00edaca, totalizando 22.615 mortes.<\/p>\n<p><strong>Uma doen\u00e7a silenciosa e perigosa \u2013\u00a0<\/strong>A hipertens\u00e3o \u00e9 considerada uma doen\u00e7a silenciosa justamente porque, na maioria dos casos, n\u00e3o apresenta sintomas. \u00c9 um dos principais fatores de risco para doen\u00e7as cardiovasculares no mundo, como infarto e AVC. \u201cEla pode causar les\u00f5es progressivas nos \u00f3rg\u00e3os-alvo, como\u00a0<strong>cora\u00e7\u00e3o e c\u00e9rebro<\/strong>, mesmo antes do surgimento de sintomas. Infelizmente, muitos pacientes desconhecem que s\u00e3o hipertensos e acabam recebendo o diagn\u00f3stico apenas ap\u00f3s um evento mais grave\u201d, alerta o cardiologista e membro da ONA, dr. Paulo Meirelles.<\/p>\n<p>O especialista ressalta, no entanto, que a hipertens\u00e3o arterial \u00e9 considerada um fator de risco modific\u00e1vel. \u201cQuando identificada precocemente e devidamente acompanhada, \u00e9 poss\u00edvel reduzir de forma significativa o risco de complica\u00e7\u00f5es ao longo do tempo, mas n\u00e3o deve ser subestimada justamente por seu car\u00e1ter silencioso\u201d.\u00a0<\/p>\n<p>Para o doutor, a identifica\u00e7\u00e3o precoce \u00e9 uma das estrat\u00e9gias mais importantes para prevenir eventos cardiovasculares graves e reduzir mortes evit\u00e1veis. \u201cQuando o paciente descobre a hipertens\u00e3o tardiamente, muitas vezes j\u00e1 existe algum grau de comprometimento cardiovascular. Por isso, o diagn\u00f3stico precoce faz toda a diferen\u00e7a\u201d.<\/p>\n<p><strong>Como identificar um AVC precoce?<\/strong>\u00a0O SAMU destaca a escala de Cincinatti utilizada como uma ferramenta de reconhecimento precoce. \u201c\u00c9 importante sempre pedir para a pessoa sorrir, levantar os bra\u00e7os e falar. Qualquer sintoma novo como assimetria na face durante um sorriso, perda de for\u00e7a em um dos bra\u00e7os ou fala enrolada, o indiv\u00edduo dever\u00e1 procurar atendimento de urg\u00eancia\u201d, alerta o doutor.<\/p>\n<p><strong>Quando come\u00e7ar a tratar \u2013\u00a0<\/strong>As Diretrizes Brasileiras de Hipertens\u00e3o Arterial, atualizadas em 2025 por sociedades m\u00e9dicas (Cardiologia, Hipertens\u00e3o e Nefrologia), refor\u00e7am que n\u00edveis de press\u00e3o arterial acima de 120 por 80 mmHg j\u00e1 s\u00e3o associadas ao aumento do risco cardiovascular, inclusive em indiv\u00edduos aparentemente saud\u00e1veis. \u201cA aferi\u00e7\u00e3o da press\u00e3o arterial \u00e9 fundamental, mesmo na aus\u00eancia de sintomas. A preven\u00e7\u00e3o come\u00e7a com acompanhamento, mudan\u00e7a de h\u00e1bitos e controle dos fatores de risco\u201d, explica o doutor.<\/p>\n<p><strong>AVC: fatores de risco e sinais de alerta \u2013\u00a0<\/strong>O AVC est\u00e1 diretamente associado a fatores como envelhecimento, hipertens\u00e3o, diabetes, tabagismo, sedentarismo, estresse, colesterol elevado e hist\u00f3rico familiar. Pessoas acima de 55 anos t\u00eam maior risco, especialmente quando acumulam essas condi\u00e7\u00f5es.<\/p>\n<p>\u201c\u00c9 uma soma de fatores. A hipertens\u00e3o, sozinha, j\u00e1 \u00e9 um risco importante, mas quando combinada com outros h\u00e1bitos e doen\u00e7as, o perigo aumenta exponencialmente\u201d, destaca o dr. Paulo.<\/p>\n<p>Os sinais de alerta exigem aten\u00e7\u00e3o imediata: altera\u00e7\u00e3o no equil\u00edbrio e coordena\u00e7\u00e3o; dificuldade para falar ou compreender; altera\u00e7\u00e3o na vis\u00e3o; dor de cabe\u00e7a s\u00fabita e intensa; e fraqueza ou paralisia em um lado do corpo. \u201cDiante de qualquer um desses sintomas, n\u00e3o se deve esperar. O tempo de resposta \u00e9 determinante para evitar sequelas e at\u00e9 a morte\u201d, refor\u00e7a o cardiologista.<\/p>\n<p><strong>Tipos de AVC \u2013\u00a0<\/strong>Existem dois tipos principais de AVC:<\/p>\n<ul class=\"wp-block-list\">\n<li><strong>Isqu\u00eamico<\/strong>: causado pela obstru\u00e7\u00e3o de uma art\u00e9ria, impedindo a chegada de oxig\u00eanio ao c\u00e9rebro (cerca de 85% dos casos)<\/li>\n<li><strong>Hemorr\u00e1gico<\/strong>: ocorre quando h\u00e1 rompimento de um vaso cerebral, com sangramento (mais grave e com maior risco de morte)<\/li>\n<\/ul>\n<p><strong>Falhas no atendimento ainda agravam casos de AVC \u2013\u00a0<\/strong>Apesar de ser uma condi\u00e7\u00e3o trat\u00e1vel, o AVC ainda enfrenta falhas importantes no cuidado em sa\u00fade e muitas delas evit\u00e1veis.<\/p>\n<p>Na fase inicial, \u00e9 comum a dificuldade em reconhecer os sinais ou at\u00e9 a sua subestima\u00e7\u00e3o, al\u00e9m da confus\u00e3o com outras condi\u00e7\u00f5es, como enxaqueca ou vertigem. Tamb\u00e9m h\u00e1 atrasos na realiza\u00e7\u00e3o de exames essenciais, como a tomografia, o que compromete decis\u00f5es r\u00e1pidas.<\/p>\n<p>Durante o atendimento, um dos principais problemas \u00e9 a perda do tempo ideal para uso de medicamentos que dissolvem o co\u00e1gulo, al\u00e9m do controle inadequado da press\u00e3o arterial e da falta de encaminhamento para procedimentos que podem retirar o co\u00e1gulo do vaso, quando indicados.<\/p>\n<p>\u201cCada minuto perdido no AVC significa perda de fun\u00e7\u00e3o cerebral. Quando o atendimento falha, o impacto pode ser irrevers\u00edvel\u201d, alerta o cardiologista.<\/p>\n<p>Na interna\u00e7\u00e3o, persistem falhas como erros de medica\u00e7\u00e3o, monitoramento insuficiente e problemas na comunica\u00e7\u00e3o entre equipes, al\u00e9m da preven\u00e7\u00e3o inadequada de complica\u00e7\u00f5es, como pneumonia e trombose.<\/p>\n<p>Ap\u00f3s a alta, a aus\u00eancia de um plano estruturado de reabilita\u00e7\u00e3o e a investiga\u00e7\u00e3o incompleta da causa do AVC aumentam significativamente o risco de novos epis\u00f3dios.<\/p>\n<p><strong>Infarto: sinais que n\u00e3o podem ser ignorados \u2013\u00a0<\/strong>Os principais sintomas de infarto incluem dor ou press\u00e3o no peito \u2014 que pode irradiar para bra\u00e7o, mand\u00edbula ou costas \u2014 al\u00e9m de falta de ar, suor frio, n\u00e1useas e tontura.<\/p>\n<p>Em alguns casos, os sinais podem ser confundidos com problemas digestivos, o que atrasa a busca por atendimento. \u201cDesconfortos abdominais, como n\u00e1useas e indigest\u00e3o, tamb\u00e9m podem indicar infarto e n\u00e3o devem ser ignorados\u201d, alerta o cardiologista. \u201cMuitos pacientes ainda chegam tarde ao hospital porque n\u00e3o reconhecem os sinais. Isso reduz drasticamente as chances de recupera\u00e7\u00e3o\u201d, complementa.<\/p>\n<p><strong>Erros evit\u00e1veis no cuidado ao infarto \u2013\u00a0<\/strong>Entre as falhas mais comuns est\u00e3o o atraso no atendimento, problemas no uso de medicamentos, diagn\u00f3stico tardio e falta de continuidade do cuidado ap\u00f3s a alta hospitalar.<\/p>\n<p>Esses fatores impactam diretamente a evolu\u00e7\u00e3o do paciente e aumentam o risco de complica\u00e7\u00f5es e morte. \u201cN\u00e3o basta tratar o evento agudo. \u00c9 fundamental garantir continuidade do cuidado para evitar novos epis\u00f3dios\u201d, destaca.<\/p>\n<p><strong>Acredita\u00e7\u00e3o: organiza\u00e7\u00e3o que salva vidas \u2013\u00a0<\/strong>A ado\u00e7\u00e3o de processos estruturados de qualidade e seguran\u00e7a \u2014 como os modelos de acredita\u00e7\u00e3o em sa\u00fade, a exemplo da Organiza\u00e7\u00e3o Nacional de Acredita\u00e7\u00e3o \u2014 tem impacto direto na preven\u00e7\u00e3o de eventos graves, como infarto e AVC.<\/p>\n<p>Institui\u00e7\u00f5es acreditadas operam com protocolos rigorosos que permitem identificar precocemente pacientes de risco e agir com rapidez em situa\u00e7\u00f5es cr\u00edticas. Isso se traduz em monitoramento mais eficiente, atendimento padronizado, redu\u00e7\u00e3o de erros e maior integra\u00e7\u00e3o entre equipes.<\/p>\n<p>Mais do que processos, a acredita\u00e7\u00e3o fortalece uma cultura de seguran\u00e7a, na qual sinais n\u00e3o s\u00e3o ignorados e decis\u00f5es s\u00e3o baseadas em evid\u00eancias.<\/p>\n<p>\u201cQuando falamos de infarto e AVC, tempo e precis\u00e3o fazem toda a diferen\u00e7a. Servi\u00e7os organizados conseguem agir mais r\u00e1pido, reduzir complica\u00e7\u00f5es e salvar vidas\u201d, conclui.<\/p>\n<figure class=\"wp-block-image size-full\"><img fetchpriority=\"high\" fetchpriority=\"high\" decoding=\"async\" width=\"1200\" height=\"1803\" src=\"http:\/\/noticiasbahia360.com.br\/wp-content\/uploads\/2026\/04\/Sinais-de-infarto-Foto-Divulgacao.jpg\" alt=\"Sinais de infarto\" class=\"wp-image-650087\" srcset=\"http:\/\/noticiasbahia360.com.br\/wp-content\/uploads\/2026\/04\/Sinais-de-infarto-Foto-Divulgacao.jpg 1200w, https:\/\/uploads.acordacidade.com.br\/2026\/04\/Sinais-de-infarto-Foto-Divulgacao-750x1127.jpg 750w, https:\/\/uploads.acordacidade.com.br\/2026\/04\/Sinais-de-infarto-Foto-Divulgacao-1000x1503.jpg 1000w, https:\/\/uploads.acordacidade.com.br\/2026\/04\/Sinais-de-infarto-Foto-Divulgacao-1022x1536.jpg 1022w, https:\/\/uploads.acordacidade.com.br\/2026\/04\/Sinais-de-infarto-Foto-Divulgacao-450x676.jpg 450w, https:\/\/uploads.acordacidade.com.br\/2026\/04\/Sinais-de-infarto-Foto-Divulgacao-150x225.jpg 150w\" sizes=\"(max-width: 1200px) 100vw, 1200px\"><figcaption class=\"wp-element-caption\">Foto: Divulga\u00e7\u00e3o<\/figcaption><\/figure>\n<p><em>Siga o Acorda Cidade no\u00a0<\/em><a href=\"https:\/\/news.google.com\/search?q=acorda%20cidade&amp;hl=pt-BR&amp;gl=BR&amp;ceid=BR%3Apt-419\"><strong><em>Google Not\u00edcias<\/em><\/strong><\/a><em>\u00a0e receba os principais destaques do dia. Participe tamb\u00e9m dos nossos canais no\u00a0<\/em><a href=\"https:\/\/www.whatsapp.com\/channel\/0029Va6Rb4v3WHTNnsh8WI3N\"><strong><em>WhatsApp<\/em><\/strong><\/a><em>\u00a0e\u00a0<\/em><a href=\"https:\/\/www.youtube.com\/@acordacidadenoticias\/videos\"><strong>YouTube<\/strong><\/a><em>\u00a0e grupo de\u00a0<\/em><a href=\"https:\/\/t.me\/+sSz0khrgARA0ZmRh\"><strong><em>Telegram<\/em><\/strong><\/a><em>.<\/em><\/p>\n<\/div>\n","protected":false},"excerpt":{"rendered":"<div>\n<div>\n<figure><img decoding=\"async\" src=\"https:\/\/uploads.acordacidade.com.br\/2026\/04\/Pessoa-verificando-pressao-arterial-Foto-Reproducao-Freepik.jpg\" alt=\"Pessoa verificando press\u00e3o arterial\"><figcaption>Foto: Reprodu\u00e7\u00e3o\/ Freepik<\/figcaption><\/figure>\n<\/div>\n<p>S\u00f3 em 2025, o Brasil registrou 177.810 mortes por infarto e 104.363 mil por AVC, segundo levantamento da Organiza\u00e7\u00e3o Nacional de Acredita\u00e7\u00e3o.<\/p><\/div>\n","protected":false},"author":1,"featured_media":128385,"comment_status":"closed","ping_status":"closed","sticky":false,"template":"","format":"gallery","meta":{"footnotes":""},"categories":[8,9,6,57,56,10],"tags":[],"class_list":["post-128384","post","type-post","status-publish","format-gallery","has-post-thumbnail","hentry","category-bahia","category-brasil","category-feira-de-santana","category-mundo","category-policia","category-politica","post_format-post-format-gallery"],"featured_image_urls":{"full":["https:\/\/noticiasbahia360.com.br\/wp-content\/uploads\/2026\/04\/Pessoa-verificando-pressao-arterial-Foto-Reproducao-Freepik.jpg",1200,960,false],"thumbnail":["https:\/\/noticiasbahia360.com.br\/wp-content\/uploads\/2026\/04\/Pessoa-verificando-pressao-arterial-Foto-Reproducao-Freepik-150x150.jpg",150,150,true],"medium":["https:\/\/noticiasbahia360.com.br\/wp-content\/uploads\/2026\/04\/Pessoa-verificando-pressao-arterial-Foto-Reproducao-Freepik-300x240.jpg",300,240,true],"medium_large":["https:\/\/noticiasbahia360.com.br\/wp-content\/uploads\/2026\/04\/Pessoa-verificando-pressao-arterial-Foto-Reproducao-Freepik-768x614.jpg",640,512,true],"large":["https:\/\/noticiasbahia360.com.br\/wp-content\/uploads\/2026\/04\/Pessoa-verificando-pressao-arterial-Foto-Reproducao-Freepik-1024x819.jpg",640,512,true],"1536x1536":["https:\/\/noticiasbahia360.com.br\/wp-content\/uploads\/2026\/04\/Pessoa-verificando-pressao-arterial-Foto-Reproducao-Freepik.jpg",1200,960,false],"2048x2048":["https:\/\/noticiasbahia360.com.br\/wp-content\/uploads\/2026\/04\/Pessoa-verificando-pressao-arterial-Foto-Reproducao-Freepik.jpg",1200,960,false],"chromenews-featured":["https:\/\/noticiasbahia360.com.br\/wp-content\/uploads\/2026\/04\/Pessoa-verificando-pressao-arterial-Foto-Reproducao-Freepik-1024x819.jpg",1024,819,true],"chromenews-large":["https:\/\/noticiasbahia360.com.br\/wp-content\/uploads\/2026\/04\/Pessoa-verificando-pressao-arterial-Foto-Reproducao-Freepik-825x575.jpg",825,575,true],"chromenews-medium":["https:\/\/noticiasbahia360.com.br\/wp-content\/uploads\/2026\/04\/Pessoa-verificando-pressao-arterial-Foto-Reproducao-Freepik-590x410.jpg",590,410,true]},"author_info":{"display_name":"noticiasbahia360.com.br","author_link":"https:\/\/noticiasbahia360.com.br\/?author=1"},"category_info":"<a href=\"https:\/\/noticiasbahia360.com.br\/?cat=8\" rel=\"category\">Bahia<\/a> <a href=\"https:\/\/noticiasbahia360.com.br\/?cat=9\" rel=\"category\">Brasil<\/a> <a href=\"https:\/\/noticiasbahia360.com.br\/?cat=6\" rel=\"category\">Feira de Santana<\/a> <a href=\"https:\/\/noticiasbahia360.com.br\/?cat=57\" rel=\"category\">Mundo<\/a> <a href=\"https:\/\/noticiasbahia360.com.br\/?cat=56\" rel=\"category\">Pol\u00edcia<\/a> <a href=\"https:\/\/noticiasbahia360.com.br\/?cat=10\" rel=\"category\">Pol\u00edtica<\/a>","tag_info":"Pol\u00edtica","comment_count":"0","_links":{"self":[{"href":"https:\/\/noticiasbahia360.com.br\/index.php?rest_route=\/wp\/v2\/posts\/128384","targetHints":{"allow":["GET"]}}],"collection":[{"href":"https:\/\/noticiasbahia360.com.br\/index.php?rest_route=\/wp\/v2\/posts"}],"about":[{"href":"https:\/\/noticiasbahia360.com.br\/index.php?rest_route=\/wp\/v2\/types\/post"}],"author":[{"embeddable":true,"href":"https:\/\/noticiasbahia360.com.br\/index.php?rest_route=\/wp\/v2\/users\/1"}],"replies":[{"embeddable":true,"href":"https:\/\/noticiasbahia360.com.br\/index.php?rest_route=%2Fwp%2Fv2%2Fcomments&post=128384"}],"version-history":[{"count":0,"href":"https:\/\/noticiasbahia360.com.br\/index.php?rest_route=\/wp\/v2\/posts\/128384\/revisions"}],"wp:featuredmedia":[{"embeddable":true,"href":"https:\/\/noticiasbahia360.com.br\/index.php?rest_route=\/wp\/v2\/media\/128385"}],"wp:attachment":[{"href":"https:\/\/noticiasbahia360.com.br\/index.php?rest_route=%2Fwp%2Fv2%2Fmedia&parent=128384"}],"wp:term":[{"taxonomy":"category","embeddable":true,"href":"https:\/\/noticiasbahia360.com.br\/index.php?rest_route=%2Fwp%2Fv2%2Fcategories&post=128384"},{"taxonomy":"post_tag","embeddable":true,"href":"https:\/\/noticiasbahia360.com.br\/index.php?rest_route=%2Fwp%2Fv2%2Ftags&post=128384"}],"curies":[{"name":"wp","href":"https:\/\/api.w.org\/{rel}","templated":true}]}} 