{"id":128389,"date":"2026-04-26T10:01:11","date_gmt":"2026-04-26T13:01:11","guid":{"rendered":"https:\/\/noticiasbahia360.com.br\/?p=128389"},"modified":"2026-04-26T10:01:11","modified_gmt":"2026-04-26T13:01:11","slug":"5-superalimentos-que-reforcam-o-papel-da-alimentacao-equilibrada-no-dia-a-dia","status":"publish","type":"post","link":"https:\/\/noticiasbahia360.com.br\/?p=128389","title":{"rendered":"5 superalimentos que refor\u00e7am o papel da alimenta\u00e7\u00e3o equilibrada no dia a dia"},"content":{"rendered":"<div>\n<div>\n<figure><img decoding=\"async\" src=\"http:\/\/noticiasbahia360.com.br\/wp-content\/uploads\/2026\/04\/7-graos-com-uva-passa-e-frango-defumado-Foto-Divulgacao-Tio-Joao.jpg\" alt=\"7 gr\u00e3os com uva passa e frango defumado\"><figcaption>Foto: Divulga\u00e7\u00e3o\/ Tio Jo\u00e3o<\/figcaption><\/figure>\n<\/div>\n<p>Segundo a Organiza\u00e7\u00e3o Mundial da Sa\u00fade (OMS), uma dieta baseada em alimentos in natura e minimamente processados reduz o risco de condi\u00e7\u00f5es cr\u00f4nicas, como diabetes, problemas cardiovasculares e alguns tipos de c\u00e2ncer. Nesse sentido, escolhas simples e di\u00e1rias, como refei\u00e7\u00f5es compostas por cereais, leguminosas, vegetais, frutas, prote\u00ednas e gorduras boas, seguem atuais justamente por oferecerem esse equil\u00edbrio nutricional.<\/p>\n<p>Atenta a esse cen\u00e1rio, a Josapar \u2014 detentora das marcas Tio Jo\u00e3o, Meu Biju, SupraSoy e Azeite Nova Oliva \u2014 destaca o papel de alimentos tradicionais na constru\u00e7\u00e3o de uma rotina alimentar mais saud\u00e1vel e consultou a nutricionista Dra. Aline Maldonado para comentar como essas escolhas podem impactar o bem-estar no curto e no longo prazo.<\/p>\n<p><strong>Para a nutricionista, a base da alimenta\u00e7\u00e3o saud\u00e1vel n\u00e3o est\u00e1 em restri\u00e7\u00f5es, mas na consist\u00eancia.<\/strong><\/p>\n<p>\u201cDo ponto de vista fisiol\u00f3gico, o organismo precisa de um conjunto de nutrientes que atuam de forma complementar. Quando a alimenta\u00e7\u00e3o \u00e9 muito restritiva ou monotem\u00e1tica, h\u00e1 maior risco de defici\u00eancias nutricionais e desequil\u00edbrios metab\u00f3licos. J\u00e1 uma alimenta\u00e7\u00e3o equilibrada, com diferentes grupos alimentares, favorece desde o funcionamento intestinal at\u00e9 a regula\u00e7\u00e3o hormonal e inflamat\u00f3ria\u201d, explica Dra. Aline Maldonado. Segundo a Organiza\u00e7\u00e3o Pan-Americana da Sa\u00fade, padr\u00f5es alimentares baseados na diversidade de alimentos naturais contribuem diretamente para a promo\u00e7\u00e3o da sa\u00fade e preven\u00e7\u00e3o de doen\u00e7as. Al\u00e9m disso, evid\u00eancias cient\u00edficas indicam que dietas ricas em gr\u00e3os integrais, fibras e gorduras de boa qualidade est\u00e3o associadas \u00e0 redu\u00e7\u00e3o de doen\u00e7as cardiovasculares e metab\u00f3licas.<\/p>\n<h2 class=\"wp-block-heading\" id=\"h-5-superalimentos-para-incluir-na-rotina\"><strong>5 superalimentos para incluir na rotina<\/strong><\/h2>\n<p><strong>1. Arroz preto: a\u00e7\u00e3o antioxidante e prote\u00e7\u00e3o celular<\/strong><\/p>\n<p>Rico em antocianinas, al\u00e9m de vitaminas e minerais como o ferro, o arroz preto possui a\u00e7\u00e3o antioxidante e anti-inflamat\u00f3ria. \u201cEsses compostos ajudam a combater o estresse oxidativo, que est\u00e1 associado ao envelhecimento precoce e ao desenvolvimento de doen\u00e7as cr\u00f4nicas. Al\u00e9m disso, o maior teor de fibras contribui para o controle glic\u00eamico e maior saciedade\u201d, explica a nutricionista.<\/p>\n<p><strong>2. Arroz vermelho: suporte \u00e0 sa\u00fade cardiovascular<\/strong><\/p>\n<p>Tamb\u00e9m considerado um superalimento devido suas propriedades nutricionais, o arroz vermelho cont\u00e9m compostos que auxiliam no controle do colesterol, al\u00e9m de ser fonte de fibras e minerais. \u201cEle pode contribuir para a melhora do perfil lip\u00eddico e para a sa\u00fade cardiovascular. A presen\u00e7a de fibras tamb\u00e9m favorece o funcionamento intestinal e o equil\u00edbrio metab\u00f3lico\u201d, destaca.<\/p>\n<p><strong>3. Prote\u00ednas vegetais: equil\u00edbrio nutricional e sa\u00fade metab\u00f3lica<\/strong><\/p>\n<p>De acordo com Dra. Aline, as prote\u00ednas vegetais s\u00e3o associadas a benef\u00edcios importantes, como melhor controle glic\u00eamico e redu\u00e7\u00e3o do risco cardiovascular. \u201cElas apresentam um perfil nutricional interessante porque, al\u00e9m da prote\u00edna, geralmente v\u00eam acompanhadas de fibras e menor teor de gordura saturada. Isso favorece a sa\u00fade intestinal e contribui para uma resposta metab\u00f3lica mais equilibrada ao longo do dia\u201d, explica.<\/p>\n<p><strong>4. Azeite de oliva: gordura boa com efeito anti-inflamat\u00f3rio<\/strong><\/p>\n<p>O azeite de oliva extravirgem \u00e9 reconhecido por seu efeito cardioprotetor e anti-inflamat\u00f3rio. \u201cAlguns compostos presentes no azeite de oliva ajudam a modular processos inflamat\u00f3rios e est\u00e3o associados \u00e0 redu\u00e7\u00e3o do risco de doen\u00e7as cardiovasculares. A substitui\u00e7\u00e3o de gorduras saturadas por fontes insaturadas \u00e9 uma estrat\u00e9gia importante para a qualidade da dieta\u201d, afirma.<\/p>\n<p><strong>5. Mix de gr\u00e3os: diversidade nutricional como estrat\u00e9gia<\/strong><\/p>\n<p>Para variar o card\u00e1pio do dia a dia, a nutricionista aponta para a combina\u00e7\u00e3o de diferentes gr\u00e3os e sementes, que ajudam a ampliar o aporte de nutrientes e favorece a sa\u00fade intestinal e metab\u00f3lica. \u201cA diversidade alimentar \u00e9 um dos pilares da nutri\u00e7\u00e3o. Quando combinamos diferentes gr\u00e3os, conseguimos oferecer ao organismo uma variedade maior de fibras, vitaminas e minerais, o que impacta diretamente na microbiota intestinal e na imunidade\u201d, explica.<\/p>\n<h2 class=\"wp-block-heading\" id=\"h-equilibrio-e-regularidade-o-que-realmente-faz-diferenca\">Equil\u00edbrio e regularidade: o que realmente faz diferen\u00e7a<\/h2>\n<p>Mais do que alimentos isolados, o padr\u00e3o alimentar \u00e9 o principal fator de impacto na sa\u00fade. \u201cA consist\u00eancia alimentar \u00e9 mais relevante do que escolhas pontuais. Uma rotina baseada em alimentos variados, minimamente processados e nutricionalmente equilibrados contribui para preven\u00e7\u00e3o de doen\u00e7as e promo\u00e7\u00e3o da sa\u00fade ao longo da vida\u201d, conclui a nutricionista.<\/p>\n<p>Para refor\u00e7ar esse compromisso com a alimenta\u00e7\u00e3o equilibrada no dia a dia, a Josapar re\u00fane em seu portf\u00f3lio diferentes op\u00e7\u00f5es alinhadas a esses h\u00e1bitos. Por meio da marca Tio Jo\u00e3o, na linha Variedades Mundiais, a companhia disponibiliza os arrozes preto e vermelho, enquanto os mixes de gr\u00e3os e cereais podem ser encontrados tanto em Tio Jo\u00e3o quanto em Meu Biju, ampliando a diversidade nutricional das refei\u00e7\u00f5es.<\/p>\n<p>No segmento de prote\u00ednas vegetais, SupraSoy se apresenta como uma alternativa pr\u00e1tica e vers\u00e1til para o consumo di\u00e1rio, podendo ser incorporada a prepara\u00e7\u00f5es doces e salgadas. J\u00e1 para o consumo de gorduras de boa qualidade, a empresa oferece o azeite extravirgem por meio da marca Azeite Nova Oliva, complementando o portf\u00f3lio com op\u00e7\u00f5es que contribuem para uma alimenta\u00e7\u00e3o equilibrada e acess\u00edvel.<\/p>\n<p><em>Siga o Acorda Cidade no\u00a0<\/em><a href=\"https:\/\/news.google.com\/search?q=acorda%20cidade&amp;hl=pt-BR&amp;gl=BR&amp;ceid=BR%3Apt-419\"><strong><em>Google Not\u00edcias<\/em><\/strong><\/a><em>\u00a0e receba os principais destaques do dia. Participe tamb\u00e9m dos nossos canais no\u00a0<\/em><a href=\"https:\/\/www.whatsapp.com\/channel\/0029Va6Rb4v3WHTNnsh8WI3N\"><strong><em>WhatsApp<\/em><\/strong><\/a><em>\u00a0e\u00a0<\/em><a href=\"https:\/\/www.youtube.com\/@acordacidadenoticias\/videos\"><strong>YouTube<\/strong><\/a><em>\u00a0e grupo de\u00a0<\/em><a href=\"https:\/\/t.me\/+sSz0khrgARA0ZmRh\"><strong><em>Telegram<\/em><\/strong><\/a><em>.<\/em><\/p>\n<\/div>\n","protected":false},"excerpt":{"rendered":"<div>\n<div>\n<figure><img decoding=\"async\" src=\"https:\/\/uploads.acordacidade.com.br\/2026\/04\/7-graos-com-uva-passa-e-frango-defumado-Foto-Divulgacao-Tio-Joao.jpg\" alt=\"7 gr\u00e3os com uva passa e frango defumado\"><figcaption>Foto: Divulga\u00e7\u00e3o\/ Tio Jo\u00e3o<\/figcaption><\/figure>\n<\/div>\n<p>De acordo com uma nutricionista, a base da alimenta\u00e7\u00e3o saud\u00e1vel n\u00e3o est\u00e1 em restri\u00e7\u00f5es, mas na consist\u00eancia.<\/p><\/div>\n","protected":false},"author":1,"featured_media":128390,"comment_status":"closed","ping_status":"closed","sticky":false,"template":"","format":"gallery","meta":{"footnotes":""},"categories":[8,9,6,57,56,10],"tags":[],"class_list":["post-128389","post","type-post","status-publish","format-gallery","has-post-thumbnail","hentry","category-bahia","category-brasil","category-feira-de-santana","category-mundo","category-policia","category-politica","post_format-post-format-gallery"],"featured_image_urls":{"full":["https:\/\/noticiasbahia360.com.br\/wp-content\/uploads\/2026\/04\/7-graos-com-uva-passa-e-frango-defumado-Foto-Divulgacao-Tio-Joao.jpg",1200,759,false],"thumbnail":["https:\/\/noticiasbahia360.com.br\/wp-content\/uploads\/2026\/04\/7-graos-com-uva-passa-e-frango-defumado-Foto-Divulgacao-Tio-Joao-150x150.jpg",150,150,true],"medium":["https:\/\/noticiasbahia360.com.br\/wp-content\/uploads\/2026\/04\/7-graos-com-uva-passa-e-frango-defumado-Foto-Divulgacao-Tio-Joao-300x190.jpg",300,190,true],"medium_large":["https:\/\/noticiasbahia360.com.br\/wp-content\/uploads\/2026\/04\/7-graos-com-uva-passa-e-frango-defumado-Foto-Divulgacao-Tio-Joao-768x486.jpg",640,405,true],"large":["https:\/\/noticiasbahia360.com.br\/wp-content\/uploads\/2026\/04\/7-graos-com-uva-passa-e-frango-defumado-Foto-Divulgacao-Tio-Joao-1024x648.jpg",640,405,true],"1536x1536":["https:\/\/noticiasbahia360.com.br\/wp-content\/uploads\/2026\/04\/7-graos-com-uva-passa-e-frango-defumado-Foto-Divulgacao-Tio-Joao.jpg",1200,759,false],"2048x2048":["https:\/\/noticiasbahia360.com.br\/wp-content\/uploads\/2026\/04\/7-graos-com-uva-passa-e-frango-defumado-Foto-Divulgacao-Tio-Joao.jpg",1200,759,false],"chromenews-featured":["https:\/\/noticiasbahia360.com.br\/wp-content\/uploads\/2026\/04\/7-graos-com-uva-passa-e-frango-defumado-Foto-Divulgacao-Tio-Joao-1024x648.jpg",1024,648,true],"chromenews-large":["https:\/\/noticiasbahia360.com.br\/wp-content\/uploads\/2026\/04\/7-graos-com-uva-passa-e-frango-defumado-Foto-Divulgacao-Tio-Joao-825x575.jpg",825,575,true],"chromenews-medium":["https:\/\/noticiasbahia360.com.br\/wp-content\/uploads\/2026\/04\/7-graos-com-uva-passa-e-frango-defumado-Foto-Divulgacao-Tio-Joao-590x410.jpg",590,410,true]},"author_info":{"display_name":"noticiasbahia360.com.br","author_link":"https:\/\/noticiasbahia360.com.br\/?author=1"},"category_info":"<a href=\"https:\/\/noticiasbahia360.com.br\/?cat=8\" rel=\"category\">Bahia<\/a> <a href=\"https:\/\/noticiasbahia360.com.br\/?cat=9\" rel=\"category\">Brasil<\/a> <a href=\"https:\/\/noticiasbahia360.com.br\/?cat=6\" rel=\"category\">Feira de Santana<\/a> <a href=\"https:\/\/noticiasbahia360.com.br\/?cat=57\" rel=\"category\">Mundo<\/a> <a href=\"https:\/\/noticiasbahia360.com.br\/?cat=56\" rel=\"category\">Pol\u00edcia<\/a> <a href=\"https:\/\/noticiasbahia360.com.br\/?cat=10\" rel=\"category\">Pol\u00edtica<\/a>","tag_info":"Pol\u00edtica","comment_count":"0","_links":{"self":[{"href":"https:\/\/noticiasbahia360.com.br\/index.php?rest_route=\/wp\/v2\/posts\/128389","targetHints":{"allow":["GET"]}}],"collection":[{"href":"https:\/\/noticiasbahia360.com.br\/index.php?rest_route=\/wp\/v2\/posts"}],"about":[{"href":"https:\/\/noticiasbahia360.com.br\/index.php?rest_route=\/wp\/v2\/types\/post"}],"author":[{"embeddable":true,"href":"https:\/\/noticiasbahia360.com.br\/index.php?rest_route=\/wp\/v2\/users\/1"}],"replies":[{"embeddable":true,"href":"https:\/\/noticiasbahia360.com.br\/index.php?rest_route=%2Fwp%2Fv2%2Fcomments&post=128389"}],"version-history":[{"count":0,"href":"https:\/\/noticiasbahia360.com.br\/index.php?rest_route=\/wp\/v2\/posts\/128389\/revisions"}],"wp:featuredmedia":[{"embeddable":true,"href":"https:\/\/noticiasbahia360.com.br\/index.php?rest_route=\/wp\/v2\/media\/128390"}],"wp:attachment":[{"href":"https:\/\/noticiasbahia360.com.br\/index.php?rest_route=%2Fwp%2Fv2%2Fmedia&parent=128389"}],"wp:term":[{"taxonomy":"category","embeddable":true,"href":"https:\/\/noticiasbahia360.com.br\/index.php?rest_route=%2Fwp%2Fv2%2Fcategories&post=128389"},{"taxonomy":"post_tag","embeddable":true,"href":"https:\/\/noticiasbahia360.com.br\/index.php?rest_route=%2Fwp%2Fv2%2Ftags&post=128389"}],"curies":[{"name":"wp","href":"https:\/\/api.w.org\/{rel}","templated":true}]}}