{"id":128391,"date":"2026-04-26T10:06:05","date_gmt":"2026-04-26T13:06:05","guid":{"rendered":"https:\/\/noticiasbahia360.com.br\/?p=128391"},"modified":"2026-04-26T10:06:05","modified_gmt":"2026-04-26T13:06:05","slug":"violencia-sexual-eleva-em-74-o-risco-de-doencas-cardiacas-e-reforca-alerta-sobre-hipertensao","status":"publish","type":"post","link":"https:\/\/noticiasbahia360.com.br\/?p=128391","title":{"rendered":"Viol\u00eancia sexual eleva em 74% o risco de doen\u00e7as card\u00edacas e refor\u00e7a alerta sobre hipertens\u00e3o"},"content":{"rendered":"<div>\n<div>\n<figure><img decoding=\"async\" src=\"http:\/\/noticiasbahia360.com.br\/wp-content\/uploads\/2026\/04\/Violencia-contra-a-mulher-Foto-Reproducao-Freepik.jpg\" alt=\"Viol\u00eancia contra a mulher - viol\u00eancia sexual\"><figcaption>Foto: Reprodu\u00e7\u00e3o\/ Freepik<\/figcaption><\/figure>\n<\/div>\n<p>Mulheres v\u00edtimas de viol\u00eancia sexual t\u00eam 74% mais chance de desenvolver doen\u00e7as cardiovasculares, como infarto e arritmias, segundo estudo baseado na Pesquisa Nacional de Sa\u00fade, do Instituto Brasileiro de Geografia e Estat\u00edstica (IBGE). O dado amplia o debate sobre os impactos da viol\u00eancia na sa\u00fade e refor\u00e7a a necessidade de olhar para fatores menos vis\u00edveis no controle da hipertens\u00e3o arterial.<\/p>\n<p>Com a proximidade do Dia Nacional de Preven\u00e7\u00e3o e Combate \u00e0 Hipertens\u00e3o Arterial, celebrado em 26 de abril, especialistas alertam que o risco cardiovascular vai al\u00e9m de fatores tradicionais, como alimenta\u00e7\u00e3o inadequada e sedentarismo, e tamb\u00e9m est\u00e1 relacionado ao estresse cr\u00f4nico e a experi\u00eancias traum\u00e1ticas.<\/p>\n<p>De acordo com o cardiologista da Hapvida, Railton Cordeiro, o estresse atua como fator decisivo nesse processo. \u201cEle n\u00e3o substitui os fatores cl\u00e1ssicos, mas funciona como um amplificador de risco. Quando a pessoa vive em estado de alerta constante, h\u00e1 libera\u00e7\u00e3o de horm\u00f4nios como adrenalina, noradrenalina e cortisol, o que aumenta a frequ\u00eancia card\u00edaca, contrai os vasos e pode elevar a press\u00e3o arterial ao longo do tempo\u201d, explica.<\/p>\n<p>O especialista destaca que o impacto do trauma vai al\u00e9m do aspecto emocional e provoca altera\u00e7\u00f5es fisiol\u00f3gicas importantes. \u201cO corpo passa a funcionar como se estivesse sob amea\u00e7a permanente. Isso leva \u00e0 ativa\u00e7\u00e3o do sistema nervoso simp\u00e1tico, ao aumento da inflama\u00e7\u00e3o, \u00e0 piora do sono e a altera\u00e7\u00f5es de press\u00e3o, glicose e ritmo card\u00edaco\u201d, afirma.<\/p>\n<p>Al\u00e9m das respostas biol\u00f3gicas, h\u00e1 tamb\u00e9m mudan\u00e7as comportamentais que agravam o risco. \u201cMuitas pessoas passam a dormir pior, se alimentar mal, praticar menos atividade f\u00edsica e, em alguns casos, aumentam o consumo de \u00e1lcool ou cigarro. Ou seja, o trauma atinge o cora\u00e7\u00e3o por m\u00faltiplas vias, ao mesmo tempo\u201d, pontua o cardiologista.<\/p>\n<p>Segundo o m\u00e9dico, a rela\u00e7\u00e3o entre sa\u00fade mental e hipertens\u00e3o \u00e9 direta e n\u00e3o deve ser negligenciada. \u201cAnsiedade, estresse persistente e esgotamento est\u00e3o associados ao aumento da press\u00e3o, \u00e0 inflama\u00e7\u00e3o e \u00e0 pior ades\u00e3o ao tratamento. Na pr\u00e1tica, vemos pacientes que at\u00e9 t\u00eam acesso \u00e0 medica\u00e7\u00e3o, mas n\u00e3o conseguem manter uma rotina de autocuidado, o que compromete o controle da doen\u00e7a\u201d, ressalta.<\/p>\n<p>O impacto tende a ser ainda mais significativo entre mulheres. Al\u00e9m de fatores hormonais, o ac\u00famulo de responsabilidades contribui para maior exposi\u00e7\u00e3o ao estresse cr\u00f4nico. \u201cMuitas mulheres acumulam m\u00faltiplas jornadas e acabam priorizando o cuidado com os outros, deixando a pr\u00f3pria sa\u00fade em segundo plano. Isso cobra um pre\u00e7o na press\u00e3o e no cora\u00e7\u00e3o\u201d, observa.<\/p>\n<figure class=\"wp-block-image size-full\"><img fetchpriority=\"high\" fetchpriority=\"high\" decoding=\"async\" width=\"1200\" height=\"798\" src=\"http:\/\/noticiasbahia360.com.br\/wp-content\/uploads\/2026\/04\/Hipertensao-Foto-Reproducao-Freepik.jpg\" alt=\"Hipertens\u00e3o\" class=\"wp-image-649545\" srcset=\"http:\/\/noticiasbahia360.com.br\/wp-content\/uploads\/2026\/04\/Hipertensao-Foto-Reproducao-Freepik.jpg 1200w, https:\/\/uploads.acordacidade.com.br\/2026\/04\/Hipertensao-Foto-Reproducao-Freepik-750x499.jpg 750w, https:\/\/uploads.acordacidade.com.br\/2026\/04\/Hipertensao-Foto-Reproducao-Freepik-1000x665.jpg 1000w, https:\/\/uploads.acordacidade.com.br\/2026\/04\/Hipertensao-Foto-Reproducao-Freepik-450x299.jpg 450w, https:\/\/uploads.acordacidade.com.br\/2026\/04\/Hipertensao-Foto-Reproducao-Freepik-150x100.jpg 150w\" sizes=\"(max-width: 1200px) 100vw, 1200px\"><figcaption class=\"wp-element-caption\">Foto: Reprodu\u00e7\u00e3o\/ Freepik<\/figcaption><\/figure>\n<p>Embora seja considerada uma doen\u00e7a silenciosa, a hipertens\u00e3o pode apresentar sinais de alerta, especialmente em contextos de estresse intenso. \u201cDor de cabe\u00e7a frequente, palpita\u00e7\u00f5es, tontura, falta de ar, vis\u00e3o emba\u00e7ada e sensa\u00e7\u00e3o de press\u00e3o na nuca n\u00e3o devem ser ignoradas. N\u00e3o significam necessariamente hipertens\u00e3o, mas merecem investiga\u00e7\u00e3o\u201d, orienta.<\/p>\n<p>A longo prazo, o descontrole da press\u00e3o arterial pode levar a complica\u00e7\u00f5es graves. \u201cO dano \u00e9 progressivo e cumulativo. Aumenta o risco de infarto, AVC, insufici\u00eancia card\u00edaca, doen\u00e7a renal e at\u00e9 dem\u00eancia vascular. Quando o estresse entra nesse contexto, ele dificulta o controle e acelera esse processo\u201d, alerta.<\/p>\n<p>Para reduzir os riscos, o cuidado precisa ser integral, segundo o especialista. \u201cAl\u00e9m de alimenta\u00e7\u00e3o adequada e atividade f\u00edsica, \u00e9 fundamental cuidar do sono, reduzir o consumo de \u00e1lcool, parar de fumar, adotar t\u00e9cnicas de respira\u00e7\u00e3o e, quando necess\u00e1rio, buscar apoio psicol\u00f3gico. N\u00e3o adianta tratar s\u00f3 com rem\u00e9dio e ignorar o ambiente emocional\u201d, afirma.<\/p>\n<p>O acompanhamento m\u00e9dico regular tamb\u00e9m \u00e9 essencial, especialmente para pessoas expostas a estresse cont\u00ednuo. \u201cMuitas vezes, o paciente acredita que \u00e9 apenas estresse, mas j\u00e1 apresenta press\u00e3o descontrolada, altera\u00e7\u00f5es metab\u00f3licas e sinais de sobrecarga. A preven\u00e7\u00e3o passa por identificar cedo e agir antes que venham complica\u00e7\u00f5es como infarto ou AVC\u201d, conclui o cardiologista.<\/p>\n<h2 class=\"wp-block-heading\" id=\"h-sobre-a-hapvida\"><strong>Sobre a Hapvida<\/strong><\/h2>\n<p>Com mais de 80 anos de experi\u00eancia, a Hapvida \u00e9 hoje a maior empresa de sa\u00fade integrada da Am\u00e9rica Latina. A companhia, que possui mais de 77 mil colaboradores, atende quase 16 milh\u00f5es de benefici\u00e1rios de sa\u00fade e odontologia espalhados pelas cinco regi\u00f5es do Brasil.<\/p>\n<p>Todo o aparato foi constru\u00eddo a partir de uma vis\u00e3o voltada ao cuidado de ponta a ponta, a partir de 85 hospitais, 74 prontos atendimentos, 364 cl\u00ednicas m\u00e9dicas e 309 centros de diagn\u00f3stico por imagem e coleta laboratorial, al\u00e9m de unidades especificamente voltadas ao cuidado preventivo e cr\u00f4nico. Dessa combina\u00e7\u00e3o de neg\u00f3cios, apoiada em qualidade m\u00e9dica e inova\u00e7\u00e3o, resulta uma empresa com os melhores recursos humanos e tecnol\u00f3gicos para os seus clientes.<\/p>\n<p><em>Siga o Acorda Cidade no\u00a0<\/em><a href=\"https:\/\/news.google.com\/search?q=acorda%20cidade&amp;hl=pt-BR&amp;gl=BR&amp;ceid=BR%3Apt-419\"><strong><em>Google Not\u00edcias<\/em><\/strong><\/a><em>\u00a0e receba os principais destaques do dia. Participe tamb\u00e9m dos nossos canais no\u00a0<\/em><a href=\"https:\/\/www.whatsapp.com\/channel\/0029Va6Rb4v3WHTNnsh8WI3N\"><strong><em>WhatsApp<\/em><\/strong><\/a><em>\u00a0e\u00a0<\/em><a href=\"https:\/\/www.youtube.com\/@acordacidadenoticias\/videos\"><strong>YouTube<\/strong><\/a><em>\u00a0e grupo de\u00a0<\/em><a href=\"https:\/\/t.me\/+sSz0khrgARA0ZmRh\"><strong><em>Telegram<\/em><\/strong><\/a><em>.<\/em><\/p>\n<\/div>\n","protected":false},"excerpt":{"rendered":"<div>\n<div>\n<figure><img decoding=\"async\" src=\"https:\/\/uploads.acordacidade.com.br\/2026\/04\/Violencia-contra-a-mulher-Foto-Reproducao-Freepik.jpg\" alt=\"Viol\u00eancia contra a mulher - viol\u00eancia sexual\"><figcaption>Foto: Reprodu\u00e7\u00e3o\/ Freepik<\/figcaption><\/figure>\n<\/div>\n<p>Especialistas alertam que o risco cardiovascular vai al\u00e9m de fatores tradicionais, como alimenta\u00e7\u00e3o inadequada e sedentarismo.<\/p><\/div>\n","protected":false},"author":1,"featured_media":128392,"comment_status":"closed","ping_status":"closed","sticky":false,"template":"","format":"gallery","meta":{"footnotes":""},"categories":[8,9,6,57,56,10],"tags":[],"class_list":["post-128391","post","type-post","status-publish","format-gallery","has-post-thumbnail","hentry","category-bahia","category-brasil","category-feira-de-santana","category-mundo","category-policia","category-politica","post_format-post-format-gallery"],"featured_image_urls":{"full":["https:\/\/noticiasbahia360.com.br\/wp-content\/uploads\/2026\/04\/Violencia-contra-a-mulher-Foto-Reproducao-Freepik.jpg",1200,802,false],"thumbnail":["https:\/\/noticiasbahia360.com.br\/wp-content\/uploads\/2026\/04\/Violencia-contra-a-mulher-Foto-Reproducao-Freepik-150x150.jpg",150,150,true],"medium":["https:\/\/noticiasbahia360.com.br\/wp-content\/uploads\/2026\/04\/Violencia-contra-a-mulher-Foto-Reproducao-Freepik-300x201.jpg",300,201,true],"medium_large":["https:\/\/noticiasbahia360.com.br\/wp-content\/uploads\/2026\/04\/Violencia-contra-a-mulher-Foto-Reproducao-Freepik-768x513.jpg",640,428,true],"large":["https:\/\/noticiasbahia360.com.br\/wp-content\/uploads\/2026\/04\/Violencia-contra-a-mulher-Foto-Reproducao-Freepik-1024x684.jpg",640,428,true],"1536x1536":["https:\/\/noticiasbahia360.com.br\/wp-content\/uploads\/2026\/04\/Violencia-contra-a-mulher-Foto-Reproducao-Freepik.jpg",1200,802,false],"2048x2048":["https:\/\/noticiasbahia360.com.br\/wp-content\/uploads\/2026\/04\/Violencia-contra-a-mulher-Foto-Reproducao-Freepik.jpg",1200,802,false],"chromenews-featured":["https:\/\/noticiasbahia360.com.br\/wp-content\/uploads\/2026\/04\/Violencia-contra-a-mulher-Foto-Reproducao-Freepik-1024x684.jpg",1024,684,true],"chromenews-large":["https:\/\/noticiasbahia360.com.br\/wp-content\/uploads\/2026\/04\/Violencia-contra-a-mulher-Foto-Reproducao-Freepik-825x575.jpg",825,575,true],"chromenews-medium":["https:\/\/noticiasbahia360.com.br\/wp-content\/uploads\/2026\/04\/Violencia-contra-a-mulher-Foto-Reproducao-Freepik-590x410.jpg",590,410,true]},"author_info":{"display_name":"noticiasbahia360.com.br","author_link":"https:\/\/noticiasbahia360.com.br\/?author=1"},"category_info":"<a href=\"https:\/\/noticiasbahia360.com.br\/?cat=8\" rel=\"category\">Bahia<\/a> <a href=\"https:\/\/noticiasbahia360.com.br\/?cat=9\" rel=\"category\">Brasil<\/a> <a href=\"https:\/\/noticiasbahia360.com.br\/?cat=6\" rel=\"category\">Feira de Santana<\/a> <a href=\"https:\/\/noticiasbahia360.com.br\/?cat=57\" rel=\"category\">Mundo<\/a> <a href=\"https:\/\/noticiasbahia360.com.br\/?cat=56\" rel=\"category\">Pol\u00edcia<\/a> <a href=\"https:\/\/noticiasbahia360.com.br\/?cat=10\" rel=\"category\">Pol\u00edtica<\/a>","tag_info":"Pol\u00edtica","comment_count":"0","_links":{"self":[{"href":"https:\/\/noticiasbahia360.com.br\/index.php?rest_route=\/wp\/v2\/posts\/128391","targetHints":{"allow":["GET"]}}],"collection":[{"href":"https:\/\/noticiasbahia360.com.br\/index.php?rest_route=\/wp\/v2\/posts"}],"about":[{"href":"https:\/\/noticiasbahia360.com.br\/index.php?rest_route=\/wp\/v2\/types\/post"}],"author":[{"embeddable":true,"href":"https:\/\/noticiasbahia360.com.br\/index.php?rest_route=\/wp\/v2\/users\/1"}],"replies":[{"embeddable":true,"href":"https:\/\/noticiasbahia360.com.br\/index.php?rest_route=%2Fwp%2Fv2%2Fcomments&post=128391"}],"version-history":[{"count":0,"href":"https:\/\/noticiasbahia360.com.br\/index.php?rest_route=\/wp\/v2\/posts\/128391\/revisions"}],"wp:featuredmedia":[{"embeddable":true,"href":"https:\/\/noticiasbahia360.com.br\/index.php?rest_route=\/wp\/v2\/media\/128392"}],"wp:attachment":[{"href":"https:\/\/noticiasbahia360.com.br\/index.php?rest_route=%2Fwp%2Fv2%2Fmedia&parent=128391"}],"wp:term":[{"taxonomy":"category","embeddable":true,"href":"https:\/\/noticiasbahia360.com.br\/index.php?rest_route=%2Fwp%2Fv2%2Fcategories&post=128391"},{"taxonomy":"post_tag","embeddable":true,"href":"https:\/\/noticiasbahia360.com.br\/index.php?rest_route=%2Fwp%2Fv2%2Ftags&post=128391"}],"curies":[{"name":"wp","href":"https:\/\/api.w.org\/{rel}","templated":true}]}} 