{"id":128394,"date":"2026-04-26T10:31:08","date_gmt":"2026-04-26T13:31:08","guid":{"rendered":"https:\/\/noticiasbahia360.com.br\/?p=128394"},"modified":"2026-04-26T10:31:08","modified_gmt":"2026-04-26T13:31:08","slug":"casal-e-conduzido-a-delegacia-apos-mulher-denunciar-agressao-esposo-alega-que-tambem-foi-agredido","status":"publish","type":"post","link":"https:\/\/noticiasbahia360.com.br\/?p=128394","title":{"rendered":"Casal \u00e9 conduzido a delegacia ap\u00f3s mulher denunciar agress\u00e3o; esposo alega que tamb\u00e9m foi agredido"},"content":{"rendered":"<div>\n<div>\n<figure><img decoding=\"async\" src=\"http:\/\/noticiasbahia360.com.br\/wp-content\/uploads\/2026\/04\/Deam-Foto-Ney-Silva-Acorda-Cidade-1.jpg\" alt=\"Deam\"><figcaption>Foto: Ney Silva\/ Acorda Cidade<\/figcaption><\/figure>\n<\/div>\n<p>Na madrugada deste domingo (26), por volta de 1h30, uma unidade da Pol\u00edcia Militar foi acionada por uma den\u00fancia de agress\u00e3o \u00e0 uma mulher na Rua Itamb\u00e9, no bairro Jardim Cruzeiro em Feira de Santana. <\/p>\n<p>No local, a v\u00edtima, que fez a den\u00fancia, relatou ter sido agredida com socos no rosto pelo marido. Ele negou a a\u00e7\u00e3o e alegou tamb\u00e9m ter sido agredido pela esposa. <\/p>\n<p>Com ambos os relatos, a guarni\u00e7\u00e3o conduziu os dois para a Delegacia Especializada de Atendimento \u00e0 Mulher (Deam) para a ado\u00e7\u00e3o das medidas legais. <\/p>\n<p><em>Com informa\u00e7\u00f5es do rep\u00f3rter Ed Santos, do Acorda Cidade<\/em><\/p>\n<p><strong>Leia tamb\u00e9m:<\/strong><\/p>\n<p><a href=\"https:\/\/www.acordacidade.com.br\/policia\/delegado-explica-o-que-teria-motivado-agressao-que-terminou-em-morte-no-bairro-calumbi\/\">Delegado aponta ci\u00fames como motiva\u00e7\u00e3o de agress\u00e3o que terminou em morte em Feira de Santana<\/a><\/p>\n<p><em>Siga o Acorda Cidade no\u00a0<\/em><a href=\"https:\/\/news.google.com\/search?q=acorda%20cidade&amp;hl=pt-BR&amp;gl=BR&amp;ceid=BR%3Apt-419\"><strong><em>Google Not\u00edcias<\/em><\/strong><\/a><em>\u00a0e receba os principais destaques do dia. Participe tamb\u00e9m dos nossos canais no\u00a0<\/em><a href=\"https:\/\/www.whatsapp.com\/channel\/0029Va6Rb4v3WHTNnsh8WI3N\"><strong><em>WhatsApp<\/em><\/strong><\/a><em>\u00a0e\u00a0<\/em><a href=\"https:\/\/www.youtube.com\/@acordacidadenoticias\/videos\"><strong>YouTube<\/strong><\/a><em>\u00a0e grupo de\u00a0<\/em><a href=\"https:\/\/t.me\/+sSz0khrgARA0ZmRh\"><strong><em>Telegram<\/em><\/strong><\/a><em>.<\/em><\/p>\n<\/div>\n","protected":false},"excerpt":{"rendered":"<div>\n<div>\n<figure><img decoding=\"async\" src=\"https:\/\/www.acordacidade.com.br\/wp-content\/uploads\/2026\/03\/Deam-Foto-Ney-Silva-Acorda-Cidade-1.jpg\" alt=\"Deam\"><figcaption>Foto: Ney Silva\/ Acorda Cidade<\/figcaption><\/figure>\n<\/div>\n<p>A v\u00edtima relatou que a agress\u00e3o aconteceu com socos no rosto. O marido negou a a\u00e7\u00e3o e alegou tamb\u00e9m ter sido agredido pela esposa.<\/p><\/div>\n","protected":false},"author":1,"featured_media":128395,"comment_status":"closed","ping_status":"closed","sticky":false,"template":"","format":"gallery","meta":{"footnotes":""},"categories":[8,9,6,57,56,10],"tags":[],"class_list":["post-128394","post","type-post","status-publish","format-gallery","has-post-thumbnail","hentry","category-bahia","category-brasil","category-feira-de-santana","category-mundo","category-policia","category-politica","post_format-post-format-gallery"],"featured_image_urls":{"full":["https:\/\/noticiasbahia360.com.br\/wp-content\/uploads\/2026\/04\/Deam-Foto-Ney-Silva-Acorda-Cidade-1.jpg",1200,900,false],"thumbnail":["https:\/\/noticiasbahia360.com.br\/wp-content\/uploads\/2026\/04\/Deam-Foto-Ney-Silva-Acorda-Cidade-1-150x150.jpg",150,150,true],"medium":["https:\/\/noticiasbahia360.com.br\/wp-content\/uploads\/2026\/04\/Deam-Foto-Ney-Silva-Acorda-Cidade-1-300x225.jpg",300,225,true],"medium_large":["https:\/\/noticiasbahia360.com.br\/wp-content\/uploads\/2026\/04\/Deam-Foto-Ney-Silva-Acorda-Cidade-1-768x576.jpg",640,480,true],"large":["https:\/\/noticiasbahia360.com.br\/wp-content\/uploads\/2026\/04\/Deam-Foto-Ney-Silva-Acorda-Cidade-1-1024x768.jpg",640,480,true],"1536x1536":["https:\/\/noticiasbahia360.com.br\/wp-content\/uploads\/2026\/04\/Deam-Foto-Ney-Silva-Acorda-Cidade-1.jpg",1200,900,false],"2048x2048":["https:\/\/noticiasbahia360.com.br\/wp-content\/uploads\/2026\/04\/Deam-Foto-Ney-Silva-Acorda-Cidade-1.jpg",1200,900,false],"chromenews-featured":["https:\/\/noticiasbahia360.com.br\/wp-content\/uploads\/2026\/04\/Deam-Foto-Ney-Silva-Acorda-Cidade-1-1024x768.jpg",1024,768,true],"chromenews-large":["https:\/\/noticiasbahia360.com.br\/wp-content\/uploads\/2026\/04\/Deam-Foto-Ney-Silva-Acorda-Cidade-1-825x575.jpg",825,575,true],"chromenews-medium":["https:\/\/noticiasbahia360.com.br\/wp-content\/uploads\/2026\/04\/Deam-Foto-Ney-Silva-Acorda-Cidade-1-590x410.jpg",590,410,true]},"author_info":{"display_name":"noticiasbahia360.com.br","author_link":"https:\/\/noticiasbahia360.com.br\/?author=1"},"category_info":"<a href=\"https:\/\/noticiasbahia360.com.br\/?cat=8\" rel=\"category\">Bahia<\/a> <a href=\"https:\/\/noticiasbahia360.com.br\/?cat=9\" rel=\"category\">Brasil<\/a> <a href=\"https:\/\/noticiasbahia360.com.br\/?cat=6\" rel=\"category\">Feira de Santana<\/a> <a href=\"https:\/\/noticiasbahia360.com.br\/?cat=57\" rel=\"category\">Mundo<\/a> <a href=\"https:\/\/noticiasbahia360.com.br\/?cat=56\" rel=\"category\">Pol\u00edcia<\/a> <a href=\"https:\/\/noticiasbahia360.com.br\/?cat=10\" rel=\"category\">Pol\u00edtica<\/a>","tag_info":"Pol\u00edtica","comment_count":"0","_links":{"self":[{"href":"https:\/\/noticiasbahia360.com.br\/index.php?rest_route=\/wp\/v2\/posts\/128394","targetHints":{"allow":["GET"]}}],"collection":[{"href":"https:\/\/noticiasbahia360.com.br\/index.php?rest_route=\/wp\/v2\/posts"}],"about":[{"href":"https:\/\/noticiasbahia360.com.br\/index.php?rest_route=\/wp\/v2\/types\/post"}],"author":[{"embeddable":true,"href":"https:\/\/noticiasbahia360.com.br\/index.php?rest_route=\/wp\/v2\/users\/1"}],"replies":[{"embeddable":true,"href":"https:\/\/noticiasbahia360.com.br\/index.php?rest_route=%2Fwp%2Fv2%2Fcomments&post=128394"}],"version-history":[{"count":0,"href":"https:\/\/noticiasbahia360.com.br\/index.php?rest_route=\/wp\/v2\/posts\/128394\/revisions"}],"wp:featuredmedia":[{"embeddable":true,"href":"https:\/\/noticiasbahia360.com.br\/index.php?rest_route=\/wp\/v2\/media\/128395"}],"wp:attachment":[{"href":"https:\/\/noticiasbahia360.com.br\/index.php?rest_route=%2Fwp%2Fv2%2Fmedia&parent=128394"}],"wp:term":[{"taxonomy":"category","embeddable":true,"href":"https:\/\/noticiasbahia360.com.br\/index.php?rest_route=%2Fwp%2Fv2%2Fcategories&post=128394"},{"taxonomy":"post_tag","embeddable":true,"href":"https:\/\/noticiasbahia360.com.br\/index.php?rest_route=%2Fwp%2Fv2%2Ftags&post=128394"}],"curies":[{"name":"wp","href":"https:\/\/api.w.org\/{rel}","templated":true}]}} 