{"id":128396,"date":"2026-04-26T12:05:58","date_gmt":"2026-04-26T15:05:58","guid":{"rendered":"https:\/\/noticiasbahia360.com.br\/?p=128396"},"modified":"2026-04-26T12:05:58","modified_gmt":"2026-04-26T15:05:58","slug":"presidente-da-upb-convoca-prefeitos-para-marcha-a-brasilia-em-defesa-dos-municipios","status":"publish","type":"post","link":"https:\/\/noticiasbahia360.com.br\/?p=128396","title":{"rendered":"Presidente da UPB convoca prefeitos para Marcha a Bras\u00edlia em Defesa dos Munic\u00edpios"},"content":{"rendered":"<div>\n<div>\n<figure><img decoding=\"async\" src=\"http:\/\/noticiasbahia360.com.br\/wp-content\/uploads\/2026\/04\/Wilson-Cardoso-Foto-Lay-Amorim-Achei-Sudoeste.jpg\" alt=\"Wilson Cardoso\"><figcaption>Wilson Cardoso | Foto: Lay Amorim\/ Achei Sudoeste<\/figcaption><\/figure>\n<\/div>\n<p>Na \u00faltima sexta (24), o presidente da Uni\u00e3o dos Munic\u00edpios da Bahia (UPB), Wilson Cardoso esteve em Brumado, acompanhando o governador da Bahia, Jer\u00f4nimo Rodrigues, em uma visita t\u00e9cnica ao munic\u00edpio para o an\u00fancio de novas unidades habitacionais do programa Minha Casa, Minha Vida.<\/p>\n<p>Em entrevista ao Achei Sudoeste, parceiro do Acorda Cidade, o presidente falou sobre a Marcha dos Prefeitos, chamada XXVII Marcha a Bras\u00edlia em Defesa dos Munic\u00edpios, que acontecer\u00e1 de 18 a 21 de maio deste ano, e reune gestores p\u00fablicos de todo Brasil. <\/p>\n<p id=\"isPasted\">Cardoso destacou que neste evento, ser\u00e3o discutidas pautas importantes para os munic\u00edpios, como a redu\u00e7\u00e3o da al\u00edquota do INSS com base na capacidade per capita de cada cidade. Al\u00e9m disso, defendeu que os pequenos munic\u00edpios n\u00e3o t\u00eam condi\u00e7\u00f5es financeiras de pagar os valores atuais, portanto, essa redu\u00e7\u00e3o \u00e9 necess\u00e1ria. <\/p>\n<p>\u201cDependemos muito dos senadores, dos deputados e da nossa uni\u00e3o\u201d, ressaltou o presidente, convocando todos os munic\u00edpios a participarem dessa mobiliza\u00e7\u00e3o.<\/p>\n<p>Ainda segundo o Achei Sudoeste, Wilson Cardoso pediu, em carta endere\u00e7ada ao governador, a uni\u00e3o do Governo do Estado com os prefeitos, para que os desejos dos munic\u00edpios sejam atendidos e os cons\u00f3cios p\u00fablicos sejam fortalecidos. De acordo com o  presidente da UPB, Jer\u00f4nimo foi receptivo \u00e0 demanda. <\/p>\n<p><em>Siga o Acorda Cidade no\u00a0<\/em><a href=\"https:\/\/news.google.com\/search?q=acorda%20cidade&amp;hl=pt-BR&amp;gl=BR&amp;ceid=BR%3Apt-419\"><strong><em>Google Not\u00edcias<\/em><\/strong><\/a><em>\u00a0e receba os principais destaques do dia. Participe tamb\u00e9m dos nossos canais no\u00a0<\/em><a href=\"https:\/\/www.whatsapp.com\/channel\/0029Va6Rb4v3WHTNnsh8WI3N\"><strong><em>WhatsApp<\/em><\/strong><\/a><em>\u00a0e\u00a0<\/em><a href=\"https:\/\/www.youtube.com\/@acordacidadenoticias\/videos\"><strong>YouTube<\/strong><\/a><em>\u00a0e grupo de\u00a0<\/em><a href=\"https:\/\/t.me\/+sSz0khrgARA0ZmRh\"><strong><em>Telegram<\/em><\/strong><\/a><em>.<\/em><\/p>\n<\/div>\n","protected":false},"excerpt":{"rendered":"<div>\n<div>\n<figure><img decoding=\"async\" src=\"https:\/\/uploads.acordacidade.com.br\/2026\/04\/Wilson-Cardoso-Foto-Lay-Amorim-Achei-Sudoeste.jpg\" alt=\"Wilson Cardoso\"><figcaption>Wilson Cardoso | Foto: Lay Amorim\/ Achei Sudoeste<\/figcaption><\/figure>\n<\/div>\n<p>Wilson Cardoso destacou a import\u00e2ncia da presen\u00e7a dos prefeitos nesse evento, no qual ser\u00e3o discutidas pautas importantes para os munic\u00edpios.<\/p><\/div>\n","protected":false},"author":1,"featured_media":128397,"comment_status":"closed","ping_status":"closed","sticky":false,"template":"","format":"gallery","meta":{"footnotes":""},"categories":[8,9,6,57,56,10],"tags":[],"class_list":["post-128396","post","type-post","status-publish","format-gallery","has-post-thumbnail","hentry","category-bahia","category-brasil","category-feira-de-santana","category-mundo","category-policia","category-politica","post_format-post-format-gallery"],"featured_image_urls":{"full":["https:\/\/noticiasbahia360.com.br\/wp-content\/uploads\/2026\/04\/Wilson-Cardoso-Foto-Lay-Amorim-Achei-Sudoeste.jpg",1200,800,false],"thumbnail":["https:\/\/noticiasbahia360.com.br\/wp-content\/uploads\/2026\/04\/Wilson-Cardoso-Foto-Lay-Amorim-Achei-Sudoeste-150x150.jpg",150,150,true],"medium":["https:\/\/noticiasbahia360.com.br\/wp-content\/uploads\/2026\/04\/Wilson-Cardoso-Foto-Lay-Amorim-Achei-Sudoeste-300x200.jpg",300,200,true],"medium_large":["https:\/\/noticiasbahia360.com.br\/wp-content\/uploads\/2026\/04\/Wilson-Cardoso-Foto-Lay-Amorim-Achei-Sudoeste-768x512.jpg",640,427,true],"large":["https:\/\/noticiasbahia360.com.br\/wp-content\/uploads\/2026\/04\/Wilson-Cardoso-Foto-Lay-Amorim-Achei-Sudoeste-1024x683.jpg",640,427,true],"1536x1536":["https:\/\/noticiasbahia360.com.br\/wp-content\/uploads\/2026\/04\/Wilson-Cardoso-Foto-Lay-Amorim-Achei-Sudoeste.jpg",1200,800,false],"2048x2048":["https:\/\/noticiasbahia360.com.br\/wp-content\/uploads\/2026\/04\/Wilson-Cardoso-Foto-Lay-Amorim-Achei-Sudoeste.jpg",1200,800,false],"chromenews-featured":["https:\/\/noticiasbahia360.com.br\/wp-content\/uploads\/2026\/04\/Wilson-Cardoso-Foto-Lay-Amorim-Achei-Sudoeste-1024x683.jpg",1024,683,true],"chromenews-large":["https:\/\/noticiasbahia360.com.br\/wp-content\/uploads\/2026\/04\/Wilson-Cardoso-Foto-Lay-Amorim-Achei-Sudoeste-825x575.jpg",825,575,true],"chromenews-medium":["https:\/\/noticiasbahia360.com.br\/wp-content\/uploads\/2026\/04\/Wilson-Cardoso-Foto-Lay-Amorim-Achei-Sudoeste-590x410.jpg",590,410,true]},"author_info":{"display_name":"noticiasbahia360.com.br","author_link":"https:\/\/noticiasbahia360.com.br\/?author=1"},"category_info":"<a href=\"https:\/\/noticiasbahia360.com.br\/?cat=8\" rel=\"category\">Bahia<\/a> <a href=\"https:\/\/noticiasbahia360.com.br\/?cat=9\" rel=\"category\">Brasil<\/a> <a href=\"https:\/\/noticiasbahia360.com.br\/?cat=6\" rel=\"category\">Feira de Santana<\/a> <a href=\"https:\/\/noticiasbahia360.com.br\/?cat=57\" rel=\"category\">Mundo<\/a> <a href=\"https:\/\/noticiasbahia360.com.br\/?cat=56\" rel=\"category\">Pol\u00edcia<\/a> <a href=\"https:\/\/noticiasbahia360.com.br\/?cat=10\" rel=\"category\">Pol\u00edtica<\/a>","tag_info":"Pol\u00edtica","comment_count":"0","_links":{"self":[{"href":"https:\/\/noticiasbahia360.com.br\/index.php?rest_route=\/wp\/v2\/posts\/128396","targetHints":{"allow":["GET"]}}],"collection":[{"href":"https:\/\/noticiasbahia360.com.br\/index.php?rest_route=\/wp\/v2\/posts"}],"about":[{"href":"https:\/\/noticiasbahia360.com.br\/index.php?rest_route=\/wp\/v2\/types\/post"}],"author":[{"embeddable":true,"href":"https:\/\/noticiasbahia360.com.br\/index.php?rest_route=\/wp\/v2\/users\/1"}],"replies":[{"embeddable":true,"href":"https:\/\/noticiasbahia360.com.br\/index.php?rest_route=%2Fwp%2Fv2%2Fcomments&post=128396"}],"version-history":[{"count":0,"href":"https:\/\/noticiasbahia360.com.br\/index.php?rest_route=\/wp\/v2\/posts\/128396\/revisions"}],"wp:featuredmedia":[{"embeddable":true,"href":"https:\/\/noticiasbahia360.com.br\/index.php?rest_route=\/wp\/v2\/media\/128397"}],"wp:attachment":[{"href":"https:\/\/noticiasbahia360.com.br\/index.php?rest_route=%2Fwp%2Fv2%2Fmedia&parent=128396"}],"wp:term":[{"taxonomy":"category","embeddable":true,"href":"https:\/\/noticiasbahia360.com.br\/index.php?rest_route=%2Fwp%2Fv2%2Fcategories&post=128396"},{"taxonomy":"post_tag","embeddable":true,"href":"https:\/\/noticiasbahia360.com.br\/index.php?rest_route=%2Fwp%2Fv2%2Ftags&post=128396"}],"curies":[{"name":"wp","href":"https:\/\/api.w.org\/{rel}","templated":true}]}}