{"id":128398,"date":"2026-04-26T12:32:12","date_gmt":"2026-04-26T15:32:12","guid":{"rendered":"https:\/\/noticiasbahia360.com.br\/?p=128398"},"modified":"2026-04-26T12:32:12","modified_gmt":"2026-04-26T15:32:12","slug":"isencao-para-quem-ganha-r-5-mil-e-valida-para-declaracao-do-imposto-de-renda-2026","status":"publish","type":"post","link":"https:\/\/noticiasbahia360.com.br\/?p=128398","title":{"rendered":"Isen\u00e7\u00e3o para quem ganha R$ 5 mil \u00e9 v\u00e1lida para declara\u00e7\u00e3o do Imposto de Renda 2026?"},"content":{"rendered":"<div>\n<div>\n<figure><img decoding=\"async\" src=\"http:\/\/noticiasbahia360.com.br\/wp-content\/uploads\/2026\/04\/Imposto-de-Renda-1-1.webp\" alt=\"Imposto de Renda\"><figcaption>Foto: Rafa Neddermeyer\/Ag\u00eancia Brasil<\/figcaption><\/figure>\n<\/div>\n<p>Ag\u00eancia Brasil \u2014\u00a0Aprovada pelo Congresso e sancionada pelo governo em 2025, a\u00a0isen\u00e7\u00e3o do Imposto de Renda para pessoas que ganham at\u00e9 R$ 5 mil mensais est\u00e1 em vigor na folha de pagamento desde o dia 1\u00ba de janeiro de 2026.\u00a0<img decoding=\"async\" src=\"https:\/\/agenciabrasil.ebc.com.br\/ebc.png?id=1687204&amp;o=node\"><img decoding=\"async\" src=\"https:\/\/agenciabrasil.ebc.com.br\/ebc.gif?id=1687204&amp;o=node\"><\/p>\n<p>Para quem n\u00e3o sabe, desde o in\u00edcio do ano, pessoas que recebem menos de R$ 5 mil mensais n\u00e3o est\u00e3o mais sujeitas a pagar o Imposto de Renda. Al\u00e9m disso,\u00a0h\u00e1 um desconto progressivo para quem recebe um sal\u00e1rio de at\u00e9 R$ 7.350.<\/p>\n<p><strong>O efeito pr\u00e1tico causou uma d\u00favida: e para a declara\u00e7\u00e3o do Imposto de Renda? O desconto vale? A resposta \u00e9: ainda n\u00e3o.\u00a0<\/strong><\/p>\n<p>Apesar de o benef\u00edcio j\u00e1 estar valendo na folha de pagamento, quem declara o Imposto de Renda agora precisa ter aten\u00e7\u00e3o: a isen\u00e7\u00e3o n\u00e3o vale para a declara\u00e7\u00e3o deste ano.<\/p>\n<p><strong>E o motivo \u00e9 simples: contribuintes obrigados a prestar contas com o Fisco est\u00e3o tratando do exerc\u00edcio do ano calend\u00e1rio de 2025<\/strong>.\u00a0<\/p>\n<blockquote class=\"wp-block-quote is-layout-flow wp-block-quote-is-layout-flow\">\n<p>\u201cA declara\u00e7\u00e3o que voc\u00ea entrega no ano de 2026 n\u00e3o reflete o presente. Ela \u00e9 uma presta\u00e7\u00e3o de contas do passado, tudo o que voc\u00ea recebeu ao longo do ano de 2025. A nova isen\u00e7\u00e3o de R$ 5 mil existe, sim. Mas ela s\u00f3 passou a produzir efeitos a partir de 1\u00ba de janeiro de 2026\u2033, explica o professor de Ci\u00eancias Cont\u00e1beis da Universidade Federal do Cear\u00e1, Eduardo Linhares.\u00a0<\/p>\n<\/blockquote>\n<p>\u201cIsso decorre de um princ\u00edpio b\u00e1sico do direito tribut\u00e1rio chamado de anterioridade, em que uma lei que cria ou amplia benef\u00edcio fiscal n\u00e3o pode retroagir para alcan\u00e7ar fatos j\u00e1 ocorridos. A boa not\u00edcia \u00e9 que esse olhar para tr\u00e1s ser\u00e1 diferente no ano de 2027. Na declara\u00e7\u00e3o do pr\u00f3ximo ano, referente a tudo que voc\u00ea recebeu ao longo de 2026, a nova faixa estar\u00e1 plenamente incorporada. \u00c9 l\u00e1 que a reforma do IR aparece completa para a maioria dos contribuintes\u201d, diz.<\/p>\n<p>Vale apontar que\u00a0\u00e9 poss\u00edvel que mesmo quem ganhe menos de R$ 5 mil tenha que declarar no ano que vem, segunda a professora\u00a0de Ci\u00eancias Cont\u00e1beis da Unime, Ahiram Cardoso.\u00a0<\/p>\n<p>\u201cH\u00e1 uma confus\u00e3o referente a esse recebimento de at\u00e9 R$ 5 mil em 2026. Ele est\u00e1 dispensado a pagar o Imposto de Renda, mas n\u00e3o necessariamente dispensado a declarar em 2027, porque tem que estar observando o limite de\u00a0obrigatoriedade do recebimento de rendimentos tribut\u00e1veis no ano. Ent\u00e3o, a gente vai ter que\u00a0observar esse limite da obrigatoriedade\u201d, aponta.\u00a0<\/p>\n<p><strong>Neste ano,\u00a0est\u00e1 isento de declarar o Imposto de Renda quem recebeu em m\u00e9dia at\u00e9 R$ 2.428,80 no ano passado\u00a0e n\u00e3o se encaixa em outros crit\u00e9rios que obrigue a declarar.<\/strong>\u00a0<\/p>\n<p>\u00c9 bom lembrar que h\u00e1, ainda, um desconto simplificado mensal de R$ 607,20. Isso faz com que na pr\u00e1tica, quem receba at\u00e9 R$ 3.036 esteja isento de pagar o Imposto de Renda.<\/p>\n<p><em>Siga o Acorda Cidade no\u00a0<\/em><a href=\"https:\/\/news.google.com\/search?q=acorda%20cidade&amp;hl=pt-BR&amp;gl=BR&amp;ceid=BR%3Apt-419\"><strong><em>Google Not\u00edcias<\/em><\/strong><\/a><em>\u00a0e receba os principais destaques do dia. Participe tamb\u00e9m dos nossos canais no\u00a0<\/em><a href=\"https:\/\/www.whatsapp.com\/channel\/0029Va6Rb4v3WHTNnsh8WI3N\"><strong><em>WhatsApp<\/em><\/strong><\/a><em>\u00a0e\u00a0<\/em><a href=\"https:\/\/www.youtube.com\/@acordacidadenoticias\/videos\"><strong>YouTube<\/strong><\/a><em>\u00a0e grupo de\u00a0<\/em><a href=\"https:\/\/t.me\/+sSz0khrgARA0ZmRh\"><strong><em>Telegram<\/em><\/strong><\/a><em>.<\/em><\/p>\n<\/div>\n","protected":false},"excerpt":{"rendered":"<div>\n<div>\n<figure><img decoding=\"async\" src=\"https:\/\/www.acordacidade.com.br\/wp-content\/uploads\/2026\/03\/Imposto-de-Renda-.webp\" alt=\"Imposto de Renda\"><figcaption>Foto: Rafa Neddermeyer\/Ag\u00eancia Brasil<\/figcaption><\/figure>\n<\/div>\n<p>Desde o in\u00edcio do ano, pessoas que recebem menos de R$ 5 mil mensais n\u00e3o est\u00e3o mais sujeitas a pagar o Imposto de Renda.<\/p><\/div>\n","protected":false},"author":1,"featured_media":128399,"comment_status":"closed","ping_status":"closed","sticky":false,"template":"","format":"gallery","meta":{"footnotes":""},"categories":[8,9,6,57,56,10],"tags":[],"class_list":["post-128398","post","type-post","status-publish","format-gallery","has-post-thumbnail","hentry","category-bahia","category-brasil","category-feira-de-santana","category-mundo","category-policia","category-politica","post_format-post-format-gallery"],"featured_image_urls":{"full":["https:\/\/noticiasbahia360.com.br\/wp-content\/uploads\/2026\/04\/Imposto-de-Renda-1-1.webp",1200,718,false],"thumbnail":["https:\/\/noticiasbahia360.com.br\/wp-content\/uploads\/2026\/04\/Imposto-de-Renda-1-1-150x150.webp",150,150,true],"medium":["https:\/\/noticiasbahia360.com.br\/wp-content\/uploads\/2026\/04\/Imposto-de-Renda-1-1-300x180.webp",300,180,true],"medium_large":["https:\/\/noticiasbahia360.com.br\/wp-content\/uploads\/2026\/04\/Imposto-de-Renda-1-1-768x460.webp",640,383,true],"large":["https:\/\/noticiasbahia360.com.br\/wp-content\/uploads\/2026\/04\/Imposto-de-Renda-1-1-1024x613.webp",640,383,true],"1536x1536":["https:\/\/noticiasbahia360.com.br\/wp-content\/uploads\/2026\/04\/Imposto-de-Renda-1-1.webp",1200,718,false],"2048x2048":["https:\/\/noticiasbahia360.com.br\/wp-content\/uploads\/2026\/04\/Imposto-de-Renda-1-1.webp",1200,718,false],"chromenews-featured":["https:\/\/noticiasbahia360.com.br\/wp-content\/uploads\/2026\/04\/Imposto-de-Renda-1-1-1024x613.webp",1024,613,true],"chromenews-large":["https:\/\/noticiasbahia360.com.br\/wp-content\/uploads\/2026\/04\/Imposto-de-Renda-1-1-825x575.webp",825,575,true],"chromenews-medium":["https:\/\/noticiasbahia360.com.br\/wp-content\/uploads\/2026\/04\/Imposto-de-Renda-1-1-590x410.webp",590,410,true]},"author_info":{"display_name":"noticiasbahia360.com.br","author_link":"https:\/\/noticiasbahia360.com.br\/?author=1"},"category_info":"<a href=\"https:\/\/noticiasbahia360.com.br\/?cat=8\" rel=\"category\">Bahia<\/a> <a href=\"https:\/\/noticiasbahia360.com.br\/?cat=9\" rel=\"category\">Brasil<\/a> <a href=\"https:\/\/noticiasbahia360.com.br\/?cat=6\" rel=\"category\">Feira de Santana<\/a> <a href=\"https:\/\/noticiasbahia360.com.br\/?cat=57\" rel=\"category\">Mundo<\/a> <a href=\"https:\/\/noticiasbahia360.com.br\/?cat=56\" rel=\"category\">Pol\u00edcia<\/a> <a href=\"https:\/\/noticiasbahia360.com.br\/?cat=10\" rel=\"category\">Pol\u00edtica<\/a>","tag_info":"Pol\u00edtica","comment_count":"0","_links":{"self":[{"href":"https:\/\/noticiasbahia360.com.br\/index.php?rest_route=\/wp\/v2\/posts\/128398","targetHints":{"allow":["GET"]}}],"collection":[{"href":"https:\/\/noticiasbahia360.com.br\/index.php?rest_route=\/wp\/v2\/posts"}],"about":[{"href":"https:\/\/noticiasbahia360.com.br\/index.php?rest_route=\/wp\/v2\/types\/post"}],"author":[{"embeddable":true,"href":"https:\/\/noticiasbahia360.com.br\/index.php?rest_route=\/wp\/v2\/users\/1"}],"replies":[{"embeddable":true,"href":"https:\/\/noticiasbahia360.com.br\/index.php?rest_route=%2Fwp%2Fv2%2Fcomments&post=128398"}],"version-history":[{"count":0,"href":"https:\/\/noticiasbahia360.com.br\/index.php?rest_route=\/wp\/v2\/posts\/128398\/revisions"}],"wp:featuredmedia":[{"embeddable":true,"href":"https:\/\/noticiasbahia360.com.br\/index.php?rest_route=\/wp\/v2\/media\/128399"}],"wp:attachment":[{"href":"https:\/\/noticiasbahia360.com.br\/index.php?rest_route=%2Fwp%2Fv2%2Fmedia&parent=128398"}],"wp:term":[{"taxonomy":"category","embeddable":true,"href":"https:\/\/noticiasbahia360.com.br\/index.php?rest_route=%2Fwp%2Fv2%2Fcategories&post=128398"},{"taxonomy":"post_tag","embeddable":true,"href":"https:\/\/noticiasbahia360.com.br\/index.php?rest_route=%2Fwp%2Fv2%2Ftags&post=128398"}],"curies":[{"name":"wp","href":"https:\/\/api.w.org\/{rel}","templated":true}]}} 