{"id":128408,"date":"2026-04-26T15:06:13","date_gmt":"2026-04-26T18:06:13","guid":{"rendered":"https:\/\/noticiasbahia360.com.br\/?p=128408"},"modified":"2026-04-26T15:06:13","modified_gmt":"2026-04-26T18:06:13","slug":"vereador-se-manifesta-apos-defender-eutanasia-em-animais-de-rua-fala-infeliz","status":"publish","type":"post","link":"https:\/\/noticiasbahia360.com.br\/?p=128408","title":{"rendered":"Vereador se manifesta ap\u00f3s defender eutan\u00e1sia em animais de rua: \u201cFala infeliz\u201d"},"content":{"rendered":"<div>\n<div>\n<figure><img decoding=\"async\" src=\"http:\/\/noticiasbahia360.com.br\/wp-content\/uploads\/2026\/04\/Vereador-se-manifesta-apos-defender-eutanasia-em-animais-de-rua-Foto-Reproducao-Blog-Marcos-Frahm.jpg\" alt=\"Vereador se manifesta ap\u00f3s defender eutan\u00e1sia em animais de rua\"><figcaption>Foto: Reprodu\u00e7\u00e3o\/ Blog Marcos Frahm<\/figcaption><\/figure>\n<\/div>\n<p>Na \u00faltima quinta-feira (23), o vereador de Marac\u00e1s Heug\u00eanio Meira (PSD) viralizou nas redes sociais ap\u00f3s defender, durante a sess\u00e3o da C\u00e2mara, o procedimento de eutan\u00e1sia em animais de rua. A eutan\u00e1sia \u00e9 usada em animais que est\u00e3o em sofrimento e s\u00e3o submetidos a esse procedimento para garantir uma morte r\u00e1pida e indolor.<\/p>\n<p>Segundo informa\u00e7\u00f5es do Blog Marcos Frahm, parceiro do Acorda Cidade, o parlamentar disse que estava chateado com a situa\u00e7\u00e3o dos animais abandonados na cidade, e que havia acabado de chegar de uma visita de fiscaliza\u00e7\u00e3o no lix\u00e3o. Em um v\u00eddeo publicado para explicar sua fala, Heug\u00eanio Meira mostra animais feridos e a \u00e1rea onde o lixo coletado na cidade \u00e9 descartado.<\/p>\n<blockquote class=\"wp-block-quote is-layout-flow wp-block-quote-is-layout-flow\">\n<p>Vim aqui falar com voc\u00eas, de certa forma retratar, mas tamb\u00e9m explicar tudo. A gente vinha de uma fiscaliza\u00e7\u00e3o no lix\u00e3o de Marac\u00e1s, n\u00f3s encontramos com moradores que nos chamaram e disseram que n\u00e3o estava mais tendo condi\u00e7\u00f5es, que os cachorros est\u00e3o atacando animais, ovelhas e tudo. A\u00ed, esse assunto n\u00f3s levamos pra c\u00e2mara para ser abordado, onde todos tem essa vontade do canil municipal, eu estava nervoso, consternado, chateado com muita coisa errada que eu vi no nosso munic\u00edpio pio, uma cidade que \u00e9 conhecida como Cidade das Flores, voc\u00ea vai pra um lix\u00e3o daquele, tem animais abandonados, houve aquela fala infeliz\u201d, explicou o vereador.<\/p>\n<\/blockquote>\n<p>Ele tamb\u00e9m convidou a imprensa regional para conhecer o lix\u00e3o a c\u00e9u aberto e acompanhar a situa\u00e7\u00e3o dos animais, bem como acusou a gest\u00e3o p\u00fablica de utilizar herbicida nos servi\u00e7os de ro\u00e7agem nas ruas, o que, de acordo com ele, estaria provocando a morte de gatos e cachorros. Confira o v\u00eddeo: <\/p>\n<figure class=\"wp-block-embed is-type-rich is-provider-instagram wp-block-embed-instagram\">\n<div class=\"wp-block-embed__wrapper\"><iframe title=\"Instagram frame\" loading=\"lazy\" height=\"628\" class=\"instagram-embed-iframe\" src=\"https:\/\/www.instagram.com\/reel\/DXhwj5JErKJ\/embed\/\" allowtransparency=\"true\" frameborder=\"0\" scrolling=\"no\" onload=\"(function(o){window.instagramIframe = window.instagramIframe || []; window.instagramIframe.push(o);})(this)\" style=\"border: 0px; margin: 0 auto; max-width: 658px; width: calc(100% - 2px); border-radius: 4px; box-shadow: rgba(0, 0, 0, 0.498039) 0px 0px 1px 0px, rgba(0, 0, 0, 0.14902) 0px 1px 10px 0px; display: block; padding: 0px; background: rgb(255, 255, 255);\"><\/iframe><\/div>\n<\/figure>\n<h2 class=\"wp-block-heading\" id=\"h-posicionamento-da-prefeitura\">Posicionamento da Prefeitura<\/h2>\n<p>A Prefeitura de Marac\u00e1s se manifestou nas redes sociais, e publicou uma nota de rep\u00fadio contra as declara\u00e7\u00f5es de Heug\u00eanio Meira. Al\u00e9m disso, tamb\u00e9m negou o abandono de animais e informou que a gest\u00e3o atua em parceria com institui\u00e7\u00f5es e volunt\u00e1rios para acolher animais na cidade. <\/p>\n<p>Tamb\u00e9m por meio das redes sociais, o prefeito de Marac\u00e1s, Nelson Portela (PT), publicou um v\u00eddeo, repudiado as declara\u00e7\u00f5es do vereador. Ele destacou que est\u00e1 dialogando sobre a situa\u00e7\u00e3o dos animais na cidade e falou sobre adquirir, atrav\u00e9s do Cons\u00f3rcio do Vale do Jiquiri\u00e7\u00e1, que ele mesmo preside, um castra m\u00f3vel. <\/p>\n<blockquote class=\"wp-block-quote is-layout-flow wp-block-quote-is-layout-flow\">\n<p>Todos est\u00e3o acompanhando a\u00ed, a fala irrespons\u00e1vel do vereador, propondo eutan\u00e1sia para os animais, aqui de nossa cidade. \u00c9 um tema que envolve sa\u00fade p\u00fablica, bem-estar animal e responsabilidade com a vida. \u00c9 importante deixar claro que eutan\u00e1sia \u00e9 crime. Em um ano e quatro meses, estamos dialogando com a associa\u00e7\u00e3o, buscando resolver os problemas, inclusive, j\u00e1 fiz um pedido a Secretaria de Agricultura, para aquisi\u00e7\u00e3o, pelo Cons\u00f3rcio do Vale do Jiquiri\u00e7\u00e1 para o castra m\u00f3vel. E tenham certeza, a eutan\u00e1sia nunca ser\u00e1 o caminho\u201d, disse o prefeito. <\/p>\n<\/blockquote>\n<p>Confira a publica\u00e7\u00e3o:<\/p>\n<figure class=\"wp-block-embed is-type-rich is-provider-instagram wp-block-embed-instagram\">\n<div class=\"wp-block-embed__wrapper\"><iframe title=\"Instagram frame\" loading=\"lazy\" height=\"628\" class=\"instagram-embed-iframe\" src=\"https:\/\/www.instagram.com\/reel\/DXkNN1giZMF\/embed\/\" allowtransparency=\"true\" frameborder=\"0\" scrolling=\"no\" onload=\"(function(o){window.instagramIframe = window.instagramIframe || []; window.instagramIframe.push(o);})(this)\" style=\"border: 0px; margin: 0 auto; max-width: 658px; width: calc(100% - 2px); border-radius: 4px; box-shadow: rgba(0, 0, 0, 0.498039) 0px 0px 1px 0px, rgba(0, 0, 0, 0.14902) 0px 1px 10px 0px; display: block; padding: 0px; background: rgb(255, 255, 255);\"><\/iframe><\/div>\n<\/figure>\n<p><em>Siga o Acorda Cidade no\u00a0<\/em><a href=\"https:\/\/news.google.com\/search?q=acorda%20cidade&amp;hl=pt-BR&amp;gl=BR&amp;ceid=BR%3Apt-419\"><strong><em>Google Not\u00edcias<\/em><\/strong><\/a><em>\u00a0e receba os principais destaques do dia. Participe tamb\u00e9m dos nossos canais no\u00a0<\/em><a href=\"https:\/\/www.whatsapp.com\/channel\/0029Va6Rb4v3WHTNnsh8WI3N\"><strong><em>WhatsApp<\/em><\/strong><\/a><em>\u00a0e\u00a0<\/em><a href=\"https:\/\/www.youtube.com\/@acordacidadenoticias\/videos\"><strong>YouTube<\/strong><\/a><em>\u00a0e grupo de\u00a0<\/em><a href=\"https:\/\/t.me\/+sSz0khrgARA0ZmRh\"><strong><em>Telegram<\/em><\/strong><\/a><em>.<\/em><\/p>\n<\/div>\n","protected":false},"excerpt":{"rendered":"<div>\n<div>\n<figure><img decoding=\"async\" src=\"https:\/\/uploads.acordacidade.com.br\/2026\/04\/Vereador-se-manifesta-apos-defender-eutanasia-em-animais-de-rua-Foto-Reproducao-Blog-Marcos-Frahm.jpg\" alt=\"Vereador se manifesta ap\u00f3s defender eutan\u00e1sia em animais de rua\"><figcaption>Foto: Reprodu\u00e7\u00e3o\/ Blog Marcos Frahm<\/figcaption><\/figure>\n<\/div>\n<p>Em um v\u00eddeo publicado para explicar sua fala, Heug\u00eanio Meira mostra animais feridos e a \u00e1rea onde o lixo coletado na cidade \u00e9 descartado.<\/p><\/div>\n","protected":false},"author":1,"featured_media":128409,"comment_status":"closed","ping_status":"closed","sticky":false,"template":"","format":"gallery","meta":{"footnotes":""},"categories":[8,9,6,57,56,10],"tags":[],"class_list":["post-128408","post","type-post","status-publish","format-gallery","has-post-thumbnail","hentry","category-bahia","category-brasil","category-feira-de-santana","category-mundo","category-policia","category-politica","post_format-post-format-gallery"],"featured_image_urls":{"full":["https:\/\/noticiasbahia360.com.br\/wp-content\/uploads\/2026\/04\/Vereador-se-manifesta-apos-defender-eutanasia-em-animais-de-rua-Foto-Reproducao-Blog-Marcos-Frahm.jpg",1200,729,false],"thumbnail":["https:\/\/noticiasbahia360.com.br\/wp-content\/uploads\/2026\/04\/Vereador-se-manifesta-apos-defender-eutanasia-em-animais-de-rua-Foto-Reproducao-Blog-Marcos-Frahm-150x150.jpg",150,150,true],"medium":["https:\/\/noticiasbahia360.com.br\/wp-content\/uploads\/2026\/04\/Vereador-se-manifesta-apos-defender-eutanasia-em-animais-de-rua-Foto-Reproducao-Blog-Marcos-Frahm-300x182.jpg",300,182,true],"medium_large":["https:\/\/noticiasbahia360.com.br\/wp-content\/uploads\/2026\/04\/Vereador-se-manifesta-apos-defender-eutanasia-em-animais-de-rua-Foto-Reproducao-Blog-Marcos-Frahm-768x467.jpg",640,389,true],"large":["https:\/\/noticiasbahia360.com.br\/wp-content\/uploads\/2026\/04\/Vereador-se-manifesta-apos-defender-eutanasia-em-animais-de-rua-Foto-Reproducao-Blog-Marcos-Frahm-1024x622.jpg",640,389,true],"1536x1536":["https:\/\/noticiasbahia360.com.br\/wp-content\/uploads\/2026\/04\/Vereador-se-manifesta-apos-defender-eutanasia-em-animais-de-rua-Foto-Reproducao-Blog-Marcos-Frahm.jpg",1200,729,false],"2048x2048":["https:\/\/noticiasbahia360.com.br\/wp-content\/uploads\/2026\/04\/Vereador-se-manifesta-apos-defender-eutanasia-em-animais-de-rua-Foto-Reproducao-Blog-Marcos-Frahm.jpg",1200,729,false],"chromenews-featured":["https:\/\/noticiasbahia360.com.br\/wp-content\/uploads\/2026\/04\/Vereador-se-manifesta-apos-defender-eutanasia-em-animais-de-rua-Foto-Reproducao-Blog-Marcos-Frahm-1024x622.jpg",1024,622,true],"chromenews-large":["https:\/\/noticiasbahia360.com.br\/wp-content\/uploads\/2026\/04\/Vereador-se-manifesta-apos-defender-eutanasia-em-animais-de-rua-Foto-Reproducao-Blog-Marcos-Frahm-825x575.jpg",825,575,true],"chromenews-medium":["https:\/\/noticiasbahia360.com.br\/wp-content\/uploads\/2026\/04\/Vereador-se-manifesta-apos-defender-eutanasia-em-animais-de-rua-Foto-Reproducao-Blog-Marcos-Frahm-590x410.jpg",590,410,true]},"author_info":{"display_name":"noticiasbahia360.com.br","author_link":"https:\/\/noticiasbahia360.com.br\/?author=1"},"category_info":"<a href=\"https:\/\/noticiasbahia360.com.br\/?cat=8\" rel=\"category\">Bahia<\/a> <a href=\"https:\/\/noticiasbahia360.com.br\/?cat=9\" rel=\"category\">Brasil<\/a> <a href=\"https:\/\/noticiasbahia360.com.br\/?cat=6\" rel=\"category\">Feira de Santana<\/a> <a href=\"https:\/\/noticiasbahia360.com.br\/?cat=57\" rel=\"category\">Mundo<\/a> <a href=\"https:\/\/noticiasbahia360.com.br\/?cat=56\" rel=\"category\">Pol\u00edcia<\/a> <a href=\"https:\/\/noticiasbahia360.com.br\/?cat=10\" rel=\"category\">Pol\u00edtica<\/a>","tag_info":"Pol\u00edtica","comment_count":"0","_links":{"self":[{"href":"https:\/\/noticiasbahia360.com.br\/index.php?rest_route=\/wp\/v2\/posts\/128408","targetHints":{"allow":["GET"]}}],"collection":[{"href":"https:\/\/noticiasbahia360.com.br\/index.php?rest_route=\/wp\/v2\/posts"}],"about":[{"href":"https:\/\/noticiasbahia360.com.br\/index.php?rest_route=\/wp\/v2\/types\/post"}],"author":[{"embeddable":true,"href":"https:\/\/noticiasbahia360.com.br\/index.php?rest_route=\/wp\/v2\/users\/1"}],"replies":[{"embeddable":true,"href":"https:\/\/noticiasbahia360.com.br\/index.php?rest_route=%2Fwp%2Fv2%2Fcomments&post=128408"}],"version-history":[{"count":0,"href":"https:\/\/noticiasbahia360.com.br\/index.php?rest_route=\/wp\/v2\/posts\/128408\/revisions"}],"wp:featuredmedia":[{"embeddable":true,"href":"https:\/\/noticiasbahia360.com.br\/index.php?rest_route=\/wp\/v2\/media\/128409"}],"wp:attachment":[{"href":"https:\/\/noticiasbahia360.com.br\/index.php?rest_route=%2Fwp%2Fv2%2Fmedia&parent=128408"}],"wp:term":[{"taxonomy":"category","embeddable":true,"href":"https:\/\/noticiasbahia360.com.br\/index.php?rest_route=%2Fwp%2Fv2%2Fcategories&post=128408"},{"taxonomy":"post_tag","embeddable":true,"href":"https:\/\/noticiasbahia360.com.br\/index.php?rest_route=%2Fwp%2Fv2%2Ftags&post=128408"}],"curies":[{"name":"wp","href":"https:\/\/api.w.org\/{rel}","templated":true}]}} 