{"id":128410,"date":"2026-04-26T15:16:01","date_gmt":"2026-04-26T18:16:01","guid":{"rendered":"https:\/\/noticiasbahia360.com.br\/?p=128410"},"modified":"2026-04-26T15:16:01","modified_gmt":"2026-04-26T18:16:01","slug":"rotina-de-skincare-qual-a-frequencia-certa-de-uso-dos-principais-produtos","status":"publish","type":"post","link":"https:\/\/noticiasbahia360.com.br\/?p=128410","title":{"rendered":"Rotina de skincare: qual a frequ\u00eancia certa de uso dos principais produtos?"},"content":{"rendered":"<div>\n<div>\n<figure><img decoding=\"async\" src=\"http:\/\/noticiasbahia360.com.br\/wp-content\/uploads\/2026\/04\/Mulher-fazendo-skincare-Foto-MelkiNimages-iStock.jpg\" alt=\"Mulher fazendo skincare\"><figcaption>Foto; MelkiNimages\/ iStock<\/figcaption><\/figure>\n<\/div>\n<p>O cuidado com a pele tem se tornado parte da rotina de cada vez mais pessoas. De acordo com dados da Associa\u00e7\u00e3o Brasileira da Ind\u00fastria de Higiene Pessoal, Perfumaria e Cosm\u00e9ticos (Abihpec) o Brasil \u00e9 o 4\u00ba pa\u00eds que mais consome produtos de beleza no mundo.<\/p>\n<p>Entre esses produtos, destacam-se os usados para a skincare, o que indica que a preocupa\u00e7\u00e3o com a pele inclui sa\u00fade e beleza. Uma pesquisa realizada pela Opinion Box \u00a0 \u00a0 \u00a0 constatou que 57% dos entrevistados mantinham uma rotina de cuidados com a pele.<\/p>\n<p>Essa mesma pesquisa mostrou que os principais motivos para a rotina eram: prote\u00e7\u00e3o solar, hidrata\u00e7\u00e3o e limpeza facial.\u00a0<\/p>\n<p>Por\u00e9m, \u00e9 preciso ter cuidado na hora de iniciar uma rotina de skincare. Ter conhecimento sobre seu tipo de pele, quais os melhores produtos para ela, a ordem e tamb\u00e9m a frequ\u00eancia de uso de cada produto vai fazer toda a diferen\u00e7a para o resultado final.<\/p>\n<h2 class=\"wp-block-heading\" id=\"h-conheca-sua-pele\">Conhe\u00e7a sua pele<\/h2>\n<p>O primeiro passo para cuidar bem da pele e ter resultados positivos \u00e9 ter conhecimento sobre qual \u00e9 o seu tipo de pele. \u00c9 ela que vai indicar quais s\u00e3o os melhores produtos e qual a frequ\u00eancia ideal para serem usados.<\/p>\n<h2 class=\"wp-block-heading\" id=\"h-seguir-a-risca-a-rotina-ou-aplicar-so-o-produto-que-eu-quero-que-faca-efeito\">Seguir \u00e0 risca a rotina ou aplicar s\u00f3 o produto que eu quero que fa\u00e7a efeito?<\/h2>\n<p>Para que o resultado final da skincare seja o esperado, \u00e9 importante seguir \u00e0 risca as indica\u00e7\u00f5es de uso e de frequ\u00eancia. Por exemplo, mesmo que o objetivo seja ter uma pele mais hidratada, sem as etapas anteriores a pele n\u00e3o absorver\u00e1 o creme da melhor maneira e o resultado n\u00e3o vir\u00e1.<\/p>\n<p>Em alguns casos, o uso incorreto das etapas da skincare pode at\u00e9 causar irrita\u00e7\u00f5es e acnes.<\/p>\n<h2 class=\"wp-block-heading\" id=\"h-entendendo-a-ordem-e-a-frequencia-de-cada-produto\">Entendendo a ordem e a frequ\u00eancia de cada produto<\/h2>\n<p>Por isso, aqui v\u00e3o algumas dicas de qual a ordem e frequ\u00eancia certa que cada produto necessita:<\/p>\n<h3 class=\"wp-block-heading\" id=\"h-limpeza\">Limpeza<\/h3>\n<p id=\"h-a-limpeza-e-a-primeira-etapa-para-uma-boa-skincare-com-ela-o-rosto-fica-livre-de-sujeiras-poluicao-e-impurezas-deixando-os-poros-livres-para-uma-melhor-absorcao-dos-proximos-produtos\">A limpeza \u00e9 a primeira etapa para uma boa skincare. Com ela, o rosto fica livre de sujeiras, polui\u00e7\u00e3o e impurezas, deixando os poros livres para uma melhor absor\u00e7\u00e3o dos pr\u00f3ximos produtos.<\/p>\n<p>A frequ\u00eancia ideal recomendada por dermatologistas \u00e9 de 2 vezes ao dia todos os dias, uma pela manh\u00e3 e outra pela noite.\u00a0<\/p>\n<p>Os melhores produtos incluem sabonete, espuma de limpeza ou gel. A escolha de qual usar \u00e9 sempre aquela baseada no tipo de pele ou que foi indicada pelo dermatologista.<\/p>\n<p>Para refor\u00e7ar a limpeza feita por esses produtos, \u00e9 preciso aplicar t\u00f4nicos, solu\u00e7\u00f5es micelares ou ent\u00e3o esfoliantes. Eles possuem propriedades capazes de remover as sujeiras que ficam nas partes mais profundas da pele.<\/p>\n<p>Mas, cuidado, o esfoliante s\u00f3 pode ser usado duas vezes na semana, ou ent\u00e3o somente uma se a pele for sens\u00edvel. Os outros produtos podem ser usados todos os dias.<\/p>\n<h3 class=\"wp-block-heading\" id=\"h-tratamento\">Tratamento<\/h3>\n<p>Ap\u00f3s a limpeza ser feita corretamente, o pr\u00f3ximo passo \u00e9 o tratamento. Cada tipo de pele necessita de um tratamento diferente, por isso \u00e9 importante entender quais produtos ser\u00e3o usados.<\/p>\n<p>Mas aqui \u00e9 a hora de usar uma <a href=\"https:\/\/www.sephora.com.br\/skincare\/mascaras\/faciais\/\" target=\"_blank\" rel=\"noreferrer noopener\">m\u00e1scara facial<\/a>, uma lo\u00e7\u00e3o ou um s\u00e9rum. A ordem de aplica\u00e7\u00e3o deve ser feita sempre dos produtos mais l\u00edquidos aos mais cremosos e consistentes e deve ser feita todos os dias.<\/p>\n<h3 class=\"wp-block-heading\" id=\"h-hidratacao\">Hidrata\u00e7\u00e3o<\/h3>\n<p>Depois de tratada \u00e9 muito importante manter a pele hidratada, ainda mais quando estiver frio. Essa etapa precisa ser feita todos os dias e para todos os tipos de pele, at\u00e9 as oleosas.<\/p>\n<p>Em casos de peles secas, o mais recomendado s\u00e3o os produtos mais pesados e consistentes, enquanto que para peles oleosas, o ideal \u00e9 usar um gel hidratante.<\/p>\n<h3 class=\"wp-block-heading\" id=\"h-protetor-solar\">Protetor solar<\/h3>\n<p>Ap\u00f3s o hidratante secar, vem o principal item da skincare: o protetor solar. \u00c9 preciso usar o protetor solar todos os dias, mesmo em dias de chuva ou para ficar em casa.\u00a0<\/p>\n<p>Ele protege a pele contra os raios do sol e evita manchas, rugas e at\u00e9 problemas mais s\u00e9rios como o melasma.<\/p>\n<p>Al\u00e9m de ser necess\u00e1rio todos os dias, os dermatologistas indicam reaplic\u00e1-lo a cada 3 horas ao longo do dia; e caso a exposi\u00e7\u00e3o ao sol for maior ou a pessoa sue muito, \u00e9 ideal aplicar novamente a cada 2 horas.<\/p>\n<p>Ao seguir esses exatos passos, sua pele estar\u00e1 pronta para aguentar um dia inteiro de exposi\u00e7\u00e3o solar e sujeiras.<\/p>\n<p>No per\u00edodo da noite, \u00e9 importante repetir a etapa de limpeza, adicionando demaquilante caso voc\u00ea use maquiagem. Hidrate as \u00e1reas dos olhos, depois o resto do rosto, trate a pele com produtos especializados para cada tipo de pele e hidrate os l\u00e1bios; nessa exata ordem e todos os dias. Assim, sua rotina de cuidados com a pele estar\u00e1 completa.<\/p>\n<p><em>Siga o Acorda Cidade no\u00a0<\/em><a href=\"https:\/\/news.google.com\/search?q=acorda%20cidade&amp;hl=pt-BR&amp;gl=BR&amp;ceid=BR%3Apt-419\"><strong><em>Google Not\u00edcias<\/em><\/strong><\/a><em>\u00a0e receba os principais destaques do dia. Participe tamb\u00e9m dos nossos canais no\u00a0<\/em><a href=\"https:\/\/www.whatsapp.com\/channel\/0029Va6Rb4v3WHTNnsh8WI3N\"><strong><em>WhatsApp<\/em><\/strong><\/a><em>\u00a0e\u00a0<\/em><a href=\"https:\/\/www.youtube.com\/@acordacidadenoticias\/videos\"><strong>YouTube<\/strong><\/a><em>\u00a0e grupo de\u00a0<\/em><a href=\"https:\/\/t.me\/+sSz0khrgARA0ZmRh\"><strong><em>Telegram<\/em><\/strong><\/a><em>.<\/em><\/p>\n<\/div>\n","protected":false},"excerpt":{"rendered":"<div>\n<div>\n<figure><img decoding=\"async\" src=\"https:\/\/uploads.acordacidade.com.br\/2026\/04\/Mulher-fazendo-skincare-Foto-MelkiNimages-iStock.jpg\" alt=\"Mulher fazendo skincare\"><figcaption>Foto; MelkiNimages\/ iStock<\/figcaption><\/figure>\n<\/div>\n<p>Para que o resultado final da skincare seja o esperado, \u00e9 importante seguir \u00e0 risca as indica\u00e7\u00f5es de uso e de frequ\u00eancia.<\/p><\/div>\n","protected":false},"author":1,"featured_media":128411,"comment_status":"closed","ping_status":"closed","sticky":false,"template":"","format":"gallery","meta":{"footnotes":""},"categories":[8,9,6,57,56,10],"tags":[],"class_list":["post-128410","post","type-post","status-publish","format-gallery","has-post-thumbnail","hentry","category-bahia","category-brasil","category-feira-de-santana","category-mundo","category-policia","category-politica","post_format-post-format-gallery"],"featured_image_urls":{"full":["https:\/\/noticiasbahia360.com.br\/wp-content\/uploads\/2026\/04\/Mulher-fazendo-skincare-Foto-MelkiNimages-iStock.jpg",1200,800,false],"thumbnail":["https:\/\/noticiasbahia360.com.br\/wp-content\/uploads\/2026\/04\/Mulher-fazendo-skincare-Foto-MelkiNimages-iStock-150x150.jpg",150,150,true],"medium":["https:\/\/noticiasbahia360.com.br\/wp-content\/uploads\/2026\/04\/Mulher-fazendo-skincare-Foto-MelkiNimages-iStock-300x200.jpg",300,200,true],"medium_large":["https:\/\/noticiasbahia360.com.br\/wp-content\/uploads\/2026\/04\/Mulher-fazendo-skincare-Foto-MelkiNimages-iStock-768x512.jpg",640,427,true],"large":["https:\/\/noticiasbahia360.com.br\/wp-content\/uploads\/2026\/04\/Mulher-fazendo-skincare-Foto-MelkiNimages-iStock-1024x683.jpg",640,427,true],"1536x1536":["https:\/\/noticiasbahia360.com.br\/wp-content\/uploads\/2026\/04\/Mulher-fazendo-skincare-Foto-MelkiNimages-iStock.jpg",1200,800,false],"2048x2048":["https:\/\/noticiasbahia360.com.br\/wp-content\/uploads\/2026\/04\/Mulher-fazendo-skincare-Foto-MelkiNimages-iStock.jpg",1200,800,false],"chromenews-featured":["https:\/\/noticiasbahia360.com.br\/wp-content\/uploads\/2026\/04\/Mulher-fazendo-skincare-Foto-MelkiNimages-iStock-1024x683.jpg",1024,683,true],"chromenews-large":["https:\/\/noticiasbahia360.com.br\/wp-content\/uploads\/2026\/04\/Mulher-fazendo-skincare-Foto-MelkiNimages-iStock-825x575.jpg",825,575,true],"chromenews-medium":["https:\/\/noticiasbahia360.com.br\/wp-content\/uploads\/2026\/04\/Mulher-fazendo-skincare-Foto-MelkiNimages-iStock-590x410.jpg",590,410,true]},"author_info":{"display_name":"noticiasbahia360.com.br","author_link":"https:\/\/noticiasbahia360.com.br\/?author=1"},"category_info":"<a href=\"https:\/\/noticiasbahia360.com.br\/?cat=8\" rel=\"category\">Bahia<\/a> <a href=\"https:\/\/noticiasbahia360.com.br\/?cat=9\" rel=\"category\">Brasil<\/a> <a href=\"https:\/\/noticiasbahia360.com.br\/?cat=6\" rel=\"category\">Feira de Santana<\/a> <a href=\"https:\/\/noticiasbahia360.com.br\/?cat=57\" rel=\"category\">Mundo<\/a> <a href=\"https:\/\/noticiasbahia360.com.br\/?cat=56\" rel=\"category\">Pol\u00edcia<\/a> <a href=\"https:\/\/noticiasbahia360.com.br\/?cat=10\" rel=\"category\">Pol\u00edtica<\/a>","tag_info":"Pol\u00edtica","comment_count":"0","_links":{"self":[{"href":"https:\/\/noticiasbahia360.com.br\/index.php?rest_route=\/wp\/v2\/posts\/128410","targetHints":{"allow":["GET"]}}],"collection":[{"href":"https:\/\/noticiasbahia360.com.br\/index.php?rest_route=\/wp\/v2\/posts"}],"about":[{"href":"https:\/\/noticiasbahia360.com.br\/index.php?rest_route=\/wp\/v2\/types\/post"}],"author":[{"embeddable":true,"href":"https:\/\/noticiasbahia360.com.br\/index.php?rest_route=\/wp\/v2\/users\/1"}],"replies":[{"embeddable":true,"href":"https:\/\/noticiasbahia360.com.br\/index.php?rest_route=%2Fwp%2Fv2%2Fcomments&post=128410"}],"version-history":[{"count":0,"href":"https:\/\/noticiasbahia360.com.br\/index.php?rest_route=\/wp\/v2\/posts\/128410\/revisions"}],"wp:featuredmedia":[{"embeddable":true,"href":"https:\/\/noticiasbahia360.com.br\/index.php?rest_route=\/wp\/v2\/media\/128411"}],"wp:attachment":[{"href":"https:\/\/noticiasbahia360.com.br\/index.php?rest_route=%2Fwp%2Fv2%2Fmedia&parent=128410"}],"wp:term":[{"taxonomy":"category","embeddable":true,"href":"https:\/\/noticiasbahia360.com.br\/index.php?rest_route=%2Fwp%2Fv2%2Fcategories&post=128410"},{"taxonomy":"post_tag","embeddable":true,"href":"https:\/\/noticiasbahia360.com.br\/index.php?rest_route=%2Fwp%2Fv2%2Ftags&post=128410"}],"curies":[{"name":"wp","href":"https:\/\/api.w.org\/{rel}","templated":true}]}}