{"id":128412,"date":"2026-04-26T15:26:15","date_gmt":"2026-04-26T18:26:15","guid":{"rendered":"https:\/\/noticiasbahia360.com.br\/?p=128412"},"modified":"2026-04-26T15:26:15","modified_gmt":"2026-04-26T18:26:15","slug":"tre-realiza-5-484-atendimentos-no-primeiro-plantao-eleitoral-na-bahia","status":"publish","type":"post","link":"https:\/\/noticiasbahia360.com.br\/?p=128412","title":{"rendered":"TRE realiza 5.484 atendimentos no primeiro plant\u00e3o eleitoral na Bahia"},"content":{"rendered":"<div>\n<div>\n<figure><img decoding=\"async\" src=\"http:\/\/noticiasbahia360.com.br\/wp-content\/uploads\/2026\/04\/TRE-realiza-5484-atendimentos-no-primeiro-plantao-eleitoral-na-Bahia-Foto-Reproducao-TRE-BA.jpg\" alt=\"TRE realiza 5.484 atendimentos no primeiro plant\u00e3o eleitoral na Bahia\"><figcaption>Foto: Reprodu\u00e7\u00e3o\/ TRE-BA<\/figcaption><\/figure>\n<\/div>\n<p>Com o fechamento do Cadastro Eleitoral no dia 6 de maio, o Tribunal Regional Eleitoral da Bahia (TRE-BA) esteve de plant\u00e3o neste s\u00e1bado (25) para o atendimento ao p\u00fablico, das 8h \u00e0s 12h. Cidad\u00e3os(\u00e3s) com pend\u00eancias com a Justi\u00e7a Eleitoral (como, por exemplo, a coleta biom\u00e9trica das digitais, foto e assinatura para a finaliza\u00e7\u00e3o do cadastro) se dirigiram \u00e0 Central de Atendimento ao P\u00fablico, na capital, e, no interior do estado, aos cart\u00f3rios eleitorais de seu domic\u00edlio.<\/p>\n<p>O servi\u00e7o transcorreu com fluxo constante de atendimentos, sem intercorr\u00eancias. Ap\u00f3s levantamento efetuado pela\u00a0Secretaria de Tecnologia da Informa\u00e7\u00e3o do Regional, foram contabilizados 741 atendimentos em Salvador, 216 em Vit\u00f3ria da Conquista, 170 em Feira de Santana, maiores col\u00e9gios eleitorais da Bahia. O total de opera\u00e7\u00f5es realizadas no interior do estado foi de 4.743 atendimentos ao p\u00fablico.\u00a0<\/p>\n<p>Os pr\u00f3ximos plant\u00f5es do TRE-BA para atendimento extraordin\u00e1rio \u00e0 popula\u00e7\u00e3o acontecer\u00e3o nos dias 1\u00ba de maio (sexta-feira, feriado) e 02\/05 (s\u00e1bado), das 8h \u00e0s 12h. Durante a semana o atendimento ao p\u00fablico transcorre de segunda a sexta-feira, no hor\u00e1rio normal do expediente, na sede do TRE na capital, unidades dos SACs e cart\u00f3rios eleitorais no interior do estado.<\/p>\n<p><strong>Leia tamb\u00e9m: <\/strong><\/p>\n<p><a href=\"https:\/\/www.acordacidade.com.br\/bahia\/tre-realiza-mais-de-5-mil-atendimentos-eleitorais-durante-as-primeiras-2h-de-plantao-na-bahia\/\">TRE realiza mais de 5 mil atendimentos eleitorais durante as primeiras 2h de plant\u00e3o na Bahia<\/a><\/p>\n<p><a href=\"https:\/\/www.acordacidade.com.br\/feira-de-santana\/populacao-reclama-de-atendimento-no-mutirao-do-forum-da-justica-eleitoral-de-feira-de-santana\/\">Popula\u00e7\u00e3o reclama de atendimento no mutir\u00e3o do F\u00f3rum da Justi\u00e7a Eleitoral de Feira de Santana<\/a><\/p>\n<p><em>Siga o Acorda Cidade no\u00a0<\/em><a href=\"https:\/\/news.google.com\/search?q=acorda%20cidade&amp;hl=pt-BR&amp;gl=BR&amp;ceid=BR%3Apt-419\"><strong><em>Google Not\u00edcias<\/em><\/strong><\/a><em>\u00a0e receba os principais destaques do dia. Participe tamb\u00e9m dos nossos canais no\u00a0<\/em><a href=\"https:\/\/www.whatsapp.com\/channel\/0029Va6Rb4v3WHTNnsh8WI3N\"><strong><em>WhatsApp<\/em><\/strong><\/a><em>\u00a0e\u00a0<\/em><a href=\"https:\/\/www.youtube.com\/@acordacidadenoticias\/videos\"><strong>YouTube<\/strong><\/a><em>\u00a0e grupo de\u00a0<\/em><a href=\"https:\/\/t.me\/+sSz0khrgARA0ZmRh\"><strong><em>Telegram<\/em><\/strong><\/a><em>.<\/em><\/p>\n<\/div>\n","protected":false},"excerpt":{"rendered":"<div>\n<div>\n<figure><img decoding=\"async\" src=\"https:\/\/uploads.acordacidade.com.br\/2026\/04\/TRE-realiza-5.484-atendimentos-no-primeiro-plantao-eleitoral-na-Bahia-Foto-Reproducao-TRE-BA.jpg\" alt=\"TRE realiza 5.484 atendimentos no primeiro plant\u00e3o eleitoral na Bahia\"><figcaption>Foto: Reprodu\u00e7\u00e3o\/ TRE-BA<\/figcaption><\/figure>\n<\/div>\n<p>O TRE orienta eleitores(as) que consultem a situa\u00e7\u00e3o eleitoral antes de comparecerem aos postos de atendimento.<\/p><\/div>\n","protected":false},"author":1,"featured_media":128413,"comment_status":"closed","ping_status":"closed","sticky":false,"template":"","format":"gallery","meta":{"footnotes":""},"categories":[8,9,6,57,56,10],"tags":[],"class_list":["post-128412","post","type-post","status-publish","format-gallery","has-post-thumbnail","hentry","category-bahia","category-brasil","category-feira-de-santana","category-mundo","category-policia","category-politica","post_format-post-format-gallery"],"featured_image_urls":{"full":["https:\/\/noticiasbahia360.com.br\/wp-content\/uploads\/2026\/04\/TRE-realiza-5484-atendimentos-no-primeiro-plantao-eleitoral-na-Bahia-Foto-Reproducao-TRE-BA.jpg",1200,578,false],"thumbnail":["https:\/\/noticiasbahia360.com.br\/wp-content\/uploads\/2026\/04\/TRE-realiza-5484-atendimentos-no-primeiro-plantao-eleitoral-na-Bahia-Foto-Reproducao-TRE-BA-150x150.jpg",150,150,true],"medium":["https:\/\/noticiasbahia360.com.br\/wp-content\/uploads\/2026\/04\/TRE-realiza-5484-atendimentos-no-primeiro-plantao-eleitoral-na-Bahia-Foto-Reproducao-TRE-BA-300x145.jpg",300,145,true],"medium_large":["https:\/\/noticiasbahia360.com.br\/wp-content\/uploads\/2026\/04\/TRE-realiza-5484-atendimentos-no-primeiro-plantao-eleitoral-na-Bahia-Foto-Reproducao-TRE-BA-768x370.jpg",640,308,true],"large":["https:\/\/noticiasbahia360.com.br\/wp-content\/uploads\/2026\/04\/TRE-realiza-5484-atendimentos-no-primeiro-plantao-eleitoral-na-Bahia-Foto-Reproducao-TRE-BA-1024x493.jpg",640,308,true],"1536x1536":["https:\/\/noticiasbahia360.com.br\/wp-content\/uploads\/2026\/04\/TRE-realiza-5484-atendimentos-no-primeiro-plantao-eleitoral-na-Bahia-Foto-Reproducao-TRE-BA.jpg",1200,578,false],"2048x2048":["https:\/\/noticiasbahia360.com.br\/wp-content\/uploads\/2026\/04\/TRE-realiza-5484-atendimentos-no-primeiro-plantao-eleitoral-na-Bahia-Foto-Reproducao-TRE-BA.jpg",1200,578,false],"chromenews-featured":["https:\/\/noticiasbahia360.com.br\/wp-content\/uploads\/2026\/04\/TRE-realiza-5484-atendimentos-no-primeiro-plantao-eleitoral-na-Bahia-Foto-Reproducao-TRE-BA-1024x493.jpg",1024,493,true],"chromenews-large":["https:\/\/noticiasbahia360.com.br\/wp-content\/uploads\/2026\/04\/TRE-realiza-5484-atendimentos-no-primeiro-plantao-eleitoral-na-Bahia-Foto-Reproducao-TRE-BA-825x575.jpg",825,575,true],"chromenews-medium":["https:\/\/noticiasbahia360.com.br\/wp-content\/uploads\/2026\/04\/TRE-realiza-5484-atendimentos-no-primeiro-plantao-eleitoral-na-Bahia-Foto-Reproducao-TRE-BA-590x410.jpg",590,410,true]},"author_info":{"display_name":"noticiasbahia360.com.br","author_link":"https:\/\/noticiasbahia360.com.br\/?author=1"},"category_info":"<a href=\"https:\/\/noticiasbahia360.com.br\/?cat=8\" rel=\"category\">Bahia<\/a> <a href=\"https:\/\/noticiasbahia360.com.br\/?cat=9\" rel=\"category\">Brasil<\/a> <a href=\"https:\/\/noticiasbahia360.com.br\/?cat=6\" rel=\"category\">Feira de Santana<\/a> <a href=\"https:\/\/noticiasbahia360.com.br\/?cat=57\" rel=\"category\">Mundo<\/a> <a href=\"https:\/\/noticiasbahia360.com.br\/?cat=56\" rel=\"category\">Pol\u00edcia<\/a> <a href=\"https:\/\/noticiasbahia360.com.br\/?cat=10\" rel=\"category\">Pol\u00edtica<\/a>","tag_info":"Pol\u00edtica","comment_count":"0","_links":{"self":[{"href":"https:\/\/noticiasbahia360.com.br\/index.php?rest_route=\/wp\/v2\/posts\/128412","targetHints":{"allow":["GET"]}}],"collection":[{"href":"https:\/\/noticiasbahia360.com.br\/index.php?rest_route=\/wp\/v2\/posts"}],"about":[{"href":"https:\/\/noticiasbahia360.com.br\/index.php?rest_route=\/wp\/v2\/types\/post"}],"author":[{"embeddable":true,"href":"https:\/\/noticiasbahia360.com.br\/index.php?rest_route=\/wp\/v2\/users\/1"}],"replies":[{"embeddable":true,"href":"https:\/\/noticiasbahia360.com.br\/index.php?rest_route=%2Fwp%2Fv2%2Fcomments&post=128412"}],"version-history":[{"count":0,"href":"https:\/\/noticiasbahia360.com.br\/index.php?rest_route=\/wp\/v2\/posts\/128412\/revisions"}],"wp:featuredmedia":[{"embeddable":true,"href":"https:\/\/noticiasbahia360.com.br\/index.php?rest_route=\/wp\/v2\/media\/128413"}],"wp:attachment":[{"href":"https:\/\/noticiasbahia360.com.br\/index.php?rest_route=%2Fwp%2Fv2%2Fmedia&parent=128412"}],"wp:term":[{"taxonomy":"category","embeddable":true,"href":"https:\/\/noticiasbahia360.com.br\/index.php?rest_route=%2Fwp%2Fv2%2Fcategories&post=128412"},{"taxonomy":"post_tag","embeddable":true,"href":"https:\/\/noticiasbahia360.com.br\/index.php?rest_route=%2Fwp%2Fv2%2Ftags&post=128412"}],"curies":[{"name":"wp","href":"https:\/\/api.w.org\/{rel}","templated":true}]}} 