{"id":128414,"date":"2026-04-26T15:26:16","date_gmt":"2026-04-26T18:26:16","guid":{"rendered":"https:\/\/noticiasbahia360.com.br\/?p=128414"},"modified":"2026-04-26T15:26:16","modified_gmt":"2026-04-26T18:26:16","slug":"3a-edicao-do-mar-elas-reune-mais-de-200-mulheres-em-prova-de-natacao-em-salvador","status":"publish","type":"post","link":"https:\/\/noticiasbahia360.com.br\/?p=128414","title":{"rendered":"3\u00aa edi\u00e7\u00e3o do Mar &amp; Elas re\u00fane mais de 200 mulheres em prova de nata\u00e7\u00e3o em Salvador"},"content":{"rendered":"<div>\n<div>\n<figure><img decoding=\"async\" src=\"http:\/\/noticiasbahia360.com.br\/wp-content\/uploads\/2026\/04\/Mar-Elas-Foto-Jefferson-Peixoto-Secom-PMS-2.jpg\" alt=\"Mar &amp; Elas\"><figcaption>Foto: Jefferson Peixoto\/ Secom PMS<\/figcaption><\/figure>\n<\/div>\n<p>Mais de 200 mulheres participaram, na manh\u00e3 deste domingo (26), da terceira edi\u00e7\u00e3o do Mar &amp; Elas, evento de nata\u00e7\u00e3o em \u00e1guas abertas realizado na Praia da Pregui\u00e7a, em Salvador. A prova reuniu atletas de diferentes idades e n\u00edveis de experi\u00eancia em um percurso montado entre a conten\u00e7\u00e3o de pedras da Bahia Marina e o Museu de Arte Moderna da Bahia (MAM).<\/p>\n<p>Promovido pela Associa\u00e7\u00e3o dos Nadadores M\u00e1ster da Bahia (ANMBA), em parceria com a Ambiance Esporte, o evento contou com o patroc\u00ednio da Prefeitura de Salvador, por meio da Secretaria de Promo\u00e7\u00e3o Social, Combate \u00e0 Pobreza, Esportes e Lazer (Sempre), da Secretaria de Pol\u00edticas para Mulheres, Inf\u00e2ncia e Juventude (SPMJ) e da Empresa Salvador Turismo (Saltur). Vale lembrar que a iniciativa \u00e9 o \u00fanico evento de \u00e1guas abertas exclusivo para mulheres na Bahia.<\/p>\n<p>A programa\u00e7\u00e3o incluiu provas de 2,4 km, 800 metros e 250 metros, permitindo a participa\u00e7\u00e3o tanto de nadadoras experientes quanto de iniciantes. Nesta edi\u00e7\u00e3o, a competi\u00e7\u00e3o homenageou tr\u00eas atletas da nata\u00e7\u00e3o m\u00e1ster baiana: Alessandra Melo, Desiree Dalia e Sinara Pazos, que tiveram seus nomes atribu\u00eddos aos trof\u00e9us das provas.<\/p>\n<p>Presente no evento, a vice-prefeita de Salvador, Ana Paula Matos, destacou o car\u00e1ter esportivo e de integra\u00e7\u00e3o da iniciativa. \u201cMar &amp; Elas \u00e9 uma competi\u00e7\u00e3o, mas tamb\u00e9m \u00e9 uma oportunidade de nos reunirmos enquanto mulheres, de mostrarmos a for\u00e7a do mar de Salvador e a alegria que temos com as \u00e1guas. O atleta \u00e9 algu\u00e9m que, de fato, \u00e9 disciplinado, que investe na sua pr\u00f3pria sa\u00fade, ent\u00e3o precisamos incentivar isso, n\u00e3o s\u00f3 a nata\u00e7\u00e3o, mas todo o esporte, especialmente para as mulheres\u201d, afirmou.<\/p>\n<figure class=\"wp-block-image size-full\"><img fetchpriority=\"high\" fetchpriority=\"high\" decoding=\"async\" width=\"1200\" height=\"800\" src=\"http:\/\/noticiasbahia360.com.br\/wp-content\/uploads\/2026\/04\/Mar-Elas-Foto-Jefferson-Peixoto-Secom-PMS-3.jpg\" alt=\"Mar &amp; Elas\" class=\"wp-image-650130\" srcset=\"http:\/\/noticiasbahia360.com.br\/wp-content\/uploads\/2026\/04\/Mar-Elas-Foto-Jefferson-Peixoto-Secom-PMS-3.jpg 1200w, https:\/\/uploads.acordacidade.com.br\/2026\/04\/Mar-Elas-Foto-Jefferson-Peixoto-Secom-PMS-3-750x500.jpg 750w, https:\/\/uploads.acordacidade.com.br\/2026\/04\/Mar-Elas-Foto-Jefferson-Peixoto-Secom-PMS-3-1000x667.jpg 1000w, https:\/\/uploads.acordacidade.com.br\/2026\/04\/Mar-Elas-Foto-Jefferson-Peixoto-Secom-PMS-3-450x300.jpg 450w, https:\/\/uploads.acordacidade.com.br\/2026\/04\/Mar-Elas-Foto-Jefferson-Peixoto-Secom-PMS-3-150x100.jpg 150w\" sizes=\"(max-width: 1200px) 100vw, 1200px\"><figcaption class=\"wp-element-caption\">Foto: Jefferson Peixoto\/ Secom PMS<\/figcaption><\/figure>\n<p>A titular da SPMJ, Fernanda Lord\u00ealo, ressaltou que o evento \u201csurge dentro de uma perspectiva de compreens\u00e3o do espa\u00e7o feminino\u201d. \u201cNas provas de mar, geralmente h\u00e1 homens e mulheres, com baterias separadas. E esta \u00e9 espec\u00edfica para as mulheres. Essa prova s\u00f3 acontece aqui na Bahia, onde temos v\u00e1rias categorias, inclusive para iniciantes, para fomentar tamb\u00e9m a participa\u00e7\u00e3o feminina no mar. Muitas delas nadam apenas na piscina, ent\u00e3o trazemos essas mulheres para o mar, para descortinar essa realidade e, claro, fazer com que seja um ambiente muito mais agrad\u00e1vel, de parceria, qualidade de vida e lazer para as mulheres\u201d, disse.<\/p>\n<p>O secret\u00e1rio J\u00fanior Magalh\u00e3es, da Sempre, mencionou os impactos da pr\u00e1tica esportiva. \u201cO Mar &amp; Elas representa para muitas mulheres, que hoje aqui estiveram, sa\u00fade f\u00edsica e mental, intera\u00e7\u00e3o social, troca de experi\u00eancias e qualidade de vida, mas, acima de tudo, empoderamento feminino e inclus\u00e3o esportiva. Percebemos que a maioria ainda, por aspectos culturais, deixa de se priorizar para priorizar os seus. Mas, aqui, com o Mar &amp; Elas, j\u00e1 conseguimos visualizar uma transforma\u00e7\u00e3o neste sentido com mais de 200 mulheres, de diferentes idades, investindo no bem-estar, sa\u00fade, participando de um \u00fanico evento de \u00e1guas abertas exclusivo para mulheres na Bahia\u201d, declarou.<\/p>\n<h2 class=\"wp-block-heading\" id=\"h-nadadoras\">Nadadoras <\/h2>\n<p>Uma das homenageadas, a nadadora Alessandra Melo, que deu nome ao trof\u00e9u da prova de 2,4 km, comentou o significado da iniciativa. \u201c\u00c9 uma honra muito grande ser homenageada em um evento t\u00e3o significativo para mim e para a cidade, que \u00e9 o Mar &amp; Elas. A import\u00e2ncia desse evento para mim \u00e9 fundamental, porque ele tira as mulheres do sedentarismo. N\u00f3s, mulheres, nascemos e somos criadas para cuidar dos nossos entes queridos. Ent\u00e3o eu cuido dos meus filhos, eu cuido dos meus pais, eu cuido dos meus av\u00f3s, eu cuido de algum ente que est\u00e1 doente. Mas eu esque\u00e7o de cuidar de mim, eu esque\u00e7o que preciso estar bem fisicamente e mentalmente para cuidar das outras pessoas, dos meus entes queridos\u201d, alertou.<\/p>\n<figure class=\"wp-block-image size-full\"><img decoding=\"async\" width=\"1200\" height=\"800\" src=\"http:\/\/noticiasbahia360.com.br\/wp-content\/uploads\/2026\/04\/Mar-Elas-Foto-Jefferson-Peixoto-Secom-PMS.jpg\" alt=\"Mar &amp; Elas\" class=\"wp-image-650132\" srcset=\"http:\/\/noticiasbahia360.com.br\/wp-content\/uploads\/2026\/04\/Mar-Elas-Foto-Jefferson-Peixoto-Secom-PMS.jpg 1200w, https:\/\/uploads.acordacidade.com.br\/2026\/04\/Mar-Elas-Foto-Jefferson-Peixoto-Secom-PMS-750x500.jpg 750w, https:\/\/uploads.acordacidade.com.br\/2026\/04\/Mar-Elas-Foto-Jefferson-Peixoto-Secom-PMS-1000x667.jpg 1000w, https:\/\/uploads.acordacidade.com.br\/2026\/04\/Mar-Elas-Foto-Jefferson-Peixoto-Secom-PMS-450x300.jpg 450w, https:\/\/uploads.acordacidade.com.br\/2026\/04\/Mar-Elas-Foto-Jefferson-Peixoto-Secom-PMS-150x100.jpg 150w\" sizes=\"(max-width: 1200px) 100vw, 1200px\"><figcaption class=\"wp-element-caption\">Foto: Jefferson Peixoto\/ Secom PMS<\/figcaption><\/figure>\n<p>\u201cEnt\u00e3o, assim, a import\u00e2ncia desse evento \u00e9 fundamental. Primeiro, porque h\u00e1 mulheres aqui de v\u00e1rias idades, desde crian\u00e7as de 8 anos at\u00e9 Dona Valdete, que sou f\u00e3, minha refer\u00eancia, que tem 88 anos. O esporte traz disciplina, trabalho em equipe, ensina a lidar com a derrota e a continuar de cabe\u00e7a erguida. O esporte nos ensina muita coisa\u201d, completou Alessandra.<\/p>\n<p>Entre as participantes, a professora L\u00edgia Ferraz, de 40 anos, participou pela primeira vez da prova. \u201cEu queria ter vindo ano passado, mas, como foi o meu in\u00edcio nas \u00e1guas abertas, fiquei ainda meio receosa. Ent\u00e3o fiquei na expectativa para participar este ano. Estou aqui depois de muitos anos de sedentarismo, encontrei a nata\u00e7\u00e3o como minha terapia e minha forma de buscar sa\u00fade. E vale lembrar que estou gostando bastante da organiza\u00e7\u00e3o do evento\u201d, relatou.<\/p>\n<p>Tamb\u00e9m presente, a nadadora Valdete Silva Pereira, de 88 anos, que pratica a modalidade h\u00e1 tr\u00eas d\u00e9cadas, falou sobre a import\u00e2ncia do esporte. \u201cGostaria de fazer um pedido aos jovens: que esque\u00e7am um pouco a farra, a bebida, as baladas e tirem um minutinho para praticar um esporte. Um esporte muito bom \u00e9 a nata\u00e7\u00e3o. A \u00e1gua \u00e9 o melhor psic\u00f3logo que existe. Eu perdi o meu marido e, tr\u00eas meses depois, perdi o meu filho e, gra\u00e7as \u00e0 \u00e1gua, consegui me recuperar. O meu psic\u00f3logo \u00e9 a \u00e1gua. Eu converso com ela, conto minhas tristezas, minhas alegrias, meus sucessos, minhas aventuras. Enfim, a \u00e1gua \u00e9 tudo, e todo mundo deve ter esse prazer, essa satisfa\u00e7\u00e3o de nadar, essa alegria\u201d, afirmou.<\/p>\n<p><em>Siga o Acorda Cidade no\u00a0<\/em><a href=\"https:\/\/news.google.com\/search?q=acorda%20cidade&amp;hl=pt-BR&amp;gl=BR&amp;ceid=BR%3Apt-419\"><strong><em>Google Not\u00edcias<\/em><\/strong><\/a><em>\u00a0e receba os principais destaques do dia. Participe tamb\u00e9m dos nossos canais no\u00a0<\/em><a href=\"https:\/\/www.whatsapp.com\/channel\/0029Va6Rb4v3WHTNnsh8WI3N\"><strong><em>WhatsApp<\/em><\/strong><\/a><em>\u00a0e\u00a0<\/em><a href=\"https:\/\/www.youtube.com\/@acordacidadenoticias\/videos\"><strong>YouTube<\/strong><\/a><em>\u00a0e grupo de\u00a0<\/em><a href=\"https:\/\/t.me\/+sSz0khrgARA0ZmRh\"><strong><em>Telegram<\/em><\/strong><\/a><em>.<\/em><\/p>\n<\/div>\n","protected":false},"excerpt":{"rendered":"<div>\n<div>\n<figure><img decoding=\"async\" src=\"https:\/\/uploads.acordacidade.com.br\/2026\/04\/Mar-Elas-Foto-Jefferson-Peixoto-Secom-PMS-2.jpg\" alt=\"Mar &amp; Elas\"><figcaption>Foto: Jefferson Peixoto\/ Secom PMS<\/figcaption><\/figure>\n<\/div>\n<p>Programa\u00e7\u00e3o incluiu provas de 2,4 km, 800 metros e 250 metros, permitindo a participa\u00e7\u00e3o tanto de nadadoras experientes quanto de iniciantes.<\/p><\/div>\n","protected":false},"author":1,"featured_media":128415,"comment_status":"closed","ping_status":"closed","sticky":false,"template":"","format":"gallery","meta":{"footnotes":""},"categories":[8,9,6,57,56,10],"tags":[],"class_list":["post-128414","post","type-post","status-publish","format-gallery","has-post-thumbnail","hentry","category-bahia","category-brasil","category-feira-de-santana","category-mundo","category-policia","category-politica","post_format-post-format-gallery"],"featured_image_urls":{"full":["https:\/\/noticiasbahia360.com.br\/wp-content\/uploads\/2026\/04\/Mar-Elas-Foto-Jefferson-Peixoto-Secom-PMS-2.jpg",1200,800,false],"thumbnail":["https:\/\/noticiasbahia360.com.br\/wp-content\/uploads\/2026\/04\/Mar-Elas-Foto-Jefferson-Peixoto-Secom-PMS-2-150x150.jpg",150,150,true],"medium":["https:\/\/noticiasbahia360.com.br\/wp-content\/uploads\/2026\/04\/Mar-Elas-Foto-Jefferson-Peixoto-Secom-PMS-2-300x200.jpg",300,200,true],"medium_large":["https:\/\/noticiasbahia360.com.br\/wp-content\/uploads\/2026\/04\/Mar-Elas-Foto-Jefferson-Peixoto-Secom-PMS-2-768x512.jpg",640,427,true],"large":["https:\/\/noticiasbahia360.com.br\/wp-content\/uploads\/2026\/04\/Mar-Elas-Foto-Jefferson-Peixoto-Secom-PMS-2-1024x683.jpg",640,427,true],"1536x1536":["https:\/\/noticiasbahia360.com.br\/wp-content\/uploads\/2026\/04\/Mar-Elas-Foto-Jefferson-Peixoto-Secom-PMS-2.jpg",1200,800,false],"2048x2048":["https:\/\/noticiasbahia360.com.br\/wp-content\/uploads\/2026\/04\/Mar-Elas-Foto-Jefferson-Peixoto-Secom-PMS-2.jpg",1200,800,false],"chromenews-featured":["https:\/\/noticiasbahia360.com.br\/wp-content\/uploads\/2026\/04\/Mar-Elas-Foto-Jefferson-Peixoto-Secom-PMS-2-1024x683.jpg",1024,683,true],"chromenews-large":["https:\/\/noticiasbahia360.com.br\/wp-content\/uploads\/2026\/04\/Mar-Elas-Foto-Jefferson-Peixoto-Secom-PMS-2-825x575.jpg",825,575,true],"chromenews-medium":["https:\/\/noticiasbahia360.com.br\/wp-content\/uploads\/2026\/04\/Mar-Elas-Foto-Jefferson-Peixoto-Secom-PMS-2-590x410.jpg",590,410,true]},"author_info":{"display_name":"noticiasbahia360.com.br","author_link":"https:\/\/noticiasbahia360.com.br\/?author=1"},"category_info":"<a href=\"https:\/\/noticiasbahia360.com.br\/?cat=8\" rel=\"category\">Bahia<\/a> <a href=\"https:\/\/noticiasbahia360.com.br\/?cat=9\" rel=\"category\">Brasil<\/a> <a href=\"https:\/\/noticiasbahia360.com.br\/?cat=6\" rel=\"category\">Feira de Santana<\/a> <a href=\"https:\/\/noticiasbahia360.com.br\/?cat=57\" rel=\"category\">Mundo<\/a> <a href=\"https:\/\/noticiasbahia360.com.br\/?cat=56\" rel=\"category\">Pol\u00edcia<\/a> <a href=\"https:\/\/noticiasbahia360.com.br\/?cat=10\" rel=\"category\">Pol\u00edtica<\/a>","tag_info":"Pol\u00edtica","comment_count":"0","_links":{"self":[{"href":"https:\/\/noticiasbahia360.com.br\/index.php?rest_route=\/wp\/v2\/posts\/128414","targetHints":{"allow":["GET"]}}],"collection":[{"href":"https:\/\/noticiasbahia360.com.br\/index.php?rest_route=\/wp\/v2\/posts"}],"about":[{"href":"https:\/\/noticiasbahia360.com.br\/index.php?rest_route=\/wp\/v2\/types\/post"}],"author":[{"embeddable":true,"href":"https:\/\/noticiasbahia360.com.br\/index.php?rest_route=\/wp\/v2\/users\/1"}],"replies":[{"embeddable":true,"href":"https:\/\/noticiasbahia360.com.br\/index.php?rest_route=%2Fwp%2Fv2%2Fcomments&post=128414"}],"version-history":[{"count":0,"href":"https:\/\/noticiasbahia360.com.br\/index.php?rest_route=\/wp\/v2\/posts\/128414\/revisions"}],"wp:featuredmedia":[{"embeddable":true,"href":"https:\/\/noticiasbahia360.com.br\/index.php?rest_route=\/wp\/v2\/media\/128415"}],"wp:attachment":[{"href":"https:\/\/noticiasbahia360.com.br\/index.php?rest_route=%2Fwp%2Fv2%2Fmedia&parent=128414"}],"wp:term":[{"taxonomy":"category","embeddable":true,"href":"https:\/\/noticiasbahia360.com.br\/index.php?rest_route=%2Fwp%2Fv2%2Fcategories&post=128414"},{"taxonomy":"post_tag","embeddable":true,"href":"https:\/\/noticiasbahia360.com.br\/index.php?rest_route=%2Fwp%2Fv2%2Ftags&post=128414"}],"curies":[{"name":"wp","href":"https:\/\/api.w.org\/{rel}","templated":true}]}} 