{"id":128418,"date":"2026-04-26T16:15:56","date_gmt":"2026-04-26T19:15:56","guid":{"rendered":"https:\/\/noticiasbahia360.com.br\/?p=128418"},"modified":"2026-04-26T16:15:56","modified_gmt":"2026-04-26T19:15:56","slug":"homem-morre-afogado-apos-canoa-virar-na-barragem-cova-de-mandioca","status":"publish","type":"post","link":"https:\/\/noticiasbahia360.com.br\/?p=128418","title":{"rendered":"Homem morre afogado ap\u00f3s canoa virar na barragem Cova de Mandioca"},"content":{"rendered":"<div>\n<div>\n<figure><img decoding=\"async\" src=\"http:\/\/noticiasbahia360.com.br\/wp-content\/uploads\/2026\/04\/Homem-morre-afogado-apos-canoa-virar-na-barragem-Cova-de-Mandioca-Foto-WhatsApp-Achei-Sudoeste.jpg\" alt=\"Homem morre afogado ap\u00f3s canoa virar na barragem Cova de Mandioca\"><figcaption>Foto: WhatsApp\/ Achei Sudoeste<\/figcaption><\/figure>\n<\/div>\n<p>Um homem de 33 anos, identificado como Paulo C\u00e9sar Beleeiro, morreu afogado ap\u00f3s a canoa em que estava virar na barragem Cova de Mandioca, em Urandi. O caso aconteceu por volta das 23h de sexta-feira (24), no entanto, o corpo da v\u00edtima s\u00f3 foi localizado \u00e0s 17h de s\u00e1bado, a cerca de tr\u00eas metros de profundidade. <\/p>\n<p>Segundo informa\u00e7\u00f5es do Achei Sudoeste, parceiro do Acorda Cidade, o 17\u00ba Batalh\u00e3o de\u00a0Pol\u00edcia Militar\u00a0(BPM) informou que tr\u00eas homens, com idades entre 32 e 33 anos, estavam na embarca\u00e7\u00e3o para recolher redes de pesca, quando o barco virou e todos ca\u00edram na \u00e1gua.<\/p>\n<p>Dos tr\u00eas ocupantes, apenas um deles, de 32 anos, estava utilizando colete salva-vidas no momento do acidente. Com isso, ele conseguiu nadar at\u00e9 a margem e buscar socorro para os outros homens que ficaram \u00e0 deriva. <\/p>\n<p>Ao retornar, o sobrevivente encontrou apenas um dos colegas, que contou que o terceiro homem n\u00e3o resistiu ao cansa\u00e7o e submergiu nas \u00e1guas da barragem. Equipes de resgate realizaram buscas por horas. O Corpo de Bombeiros, juntamente com a Pol\u00edcia Militar conseguiu localizar e resgatar o corpo. <\/p>\n<p>O Departamento de Pol\u00edcia T\u00e9cnica (DPT) realizou o levantamento cadav\u00e9rico. O corpo do homem foi encaminhado para o Instituto M\u00e9dico Legal (IML) em\u00a0Guanambi\u00a0para a realiza\u00e7\u00e3o de exames necrosc\u00f3picos.<\/p>\n<p><em>Siga o Acorda Cidade no\u00a0<\/em><a href=\"https:\/\/news.google.com\/search?q=acorda%20cidade&amp;hl=pt-BR&amp;gl=BR&amp;ceid=BR%3Apt-419\"><strong><em>Google Not\u00edcias<\/em><\/strong><\/a><em>\u00a0e receba os principais destaques do dia. Participe tamb\u00e9m dos nossos canais no\u00a0<\/em><a href=\"https:\/\/www.whatsapp.com\/channel\/0029Va6Rb4v3WHTNnsh8WI3N\"><strong><em>WhatsApp<\/em><\/strong><\/a><em>\u00a0e\u00a0<\/em><a href=\"https:\/\/www.youtube.com\/@acordacidadenoticias\/videos\"><strong>YouTube<\/strong><\/a><em>\u00a0e grupo de\u00a0<\/em><a href=\"https:\/\/t.me\/+sSz0khrgARA0ZmRh\"><strong><em>Telegram<\/em><\/strong><\/a><em>.<\/em><\/p>\n<\/div>\n","protected":false},"excerpt":{"rendered":"<div>\n<div>\n<figure><img decoding=\"async\" src=\"https:\/\/uploads.acordacidade.com.br\/2026\/04\/Homem-morre-afogado-apos-canoa-virar-na-barragem-Cova-de-Mandioca-Foto-WhatsApp-Achei-Sudoeste.jpg\" alt=\"Homem morre afogado ap\u00f3s canoa virar na barragem Cova de Mandioca\"><figcaption>Foto: WhatsApp\/ Achei Sudoeste<\/figcaption><\/figure>\n<\/div>\n<p>Tr\u00eas homens, com idades entre 32 e 33 anos, estavam na embarca\u00e7\u00e3o para recolher redes de pesca, quando o barco virou e todos ca\u00edram na \u00e1gua.<\/p><\/div>\n","protected":false},"author":1,"featured_media":128419,"comment_status":"closed","ping_status":"closed","sticky":false,"template":"","format":"gallery","meta":{"footnotes":""},"categories":[8,9,6,57,56,10],"tags":[],"class_list":["post-128418","post","type-post","status-publish","format-gallery","has-post-thumbnail","hentry","category-bahia","category-brasil","category-feira-de-santana","category-mundo","category-policia","category-politica","post_format-post-format-gallery"],"featured_image_urls":{"full":["https:\/\/noticiasbahia360.com.br\/wp-content\/uploads\/2026\/04\/Homem-morre-afogado-apos-canoa-virar-na-barragem-Cova-de-Mandioca-Foto-WhatsApp-Achei-Sudoeste.jpg",1200,800,false],"thumbnail":["https:\/\/noticiasbahia360.com.br\/wp-content\/uploads\/2026\/04\/Homem-morre-afogado-apos-canoa-virar-na-barragem-Cova-de-Mandioca-Foto-WhatsApp-Achei-Sudoeste-150x150.jpg",150,150,true],"medium":["https:\/\/noticiasbahia360.com.br\/wp-content\/uploads\/2026\/04\/Homem-morre-afogado-apos-canoa-virar-na-barragem-Cova-de-Mandioca-Foto-WhatsApp-Achei-Sudoeste-300x200.jpg",300,200,true],"medium_large":["https:\/\/noticiasbahia360.com.br\/wp-content\/uploads\/2026\/04\/Homem-morre-afogado-apos-canoa-virar-na-barragem-Cova-de-Mandioca-Foto-WhatsApp-Achei-Sudoeste-768x512.jpg",640,427,true],"large":["https:\/\/noticiasbahia360.com.br\/wp-content\/uploads\/2026\/04\/Homem-morre-afogado-apos-canoa-virar-na-barragem-Cova-de-Mandioca-Foto-WhatsApp-Achei-Sudoeste-1024x683.jpg",640,427,true],"1536x1536":["https:\/\/noticiasbahia360.com.br\/wp-content\/uploads\/2026\/04\/Homem-morre-afogado-apos-canoa-virar-na-barragem-Cova-de-Mandioca-Foto-WhatsApp-Achei-Sudoeste.jpg",1200,800,false],"2048x2048":["https:\/\/noticiasbahia360.com.br\/wp-content\/uploads\/2026\/04\/Homem-morre-afogado-apos-canoa-virar-na-barragem-Cova-de-Mandioca-Foto-WhatsApp-Achei-Sudoeste.jpg",1200,800,false],"chromenews-featured":["https:\/\/noticiasbahia360.com.br\/wp-content\/uploads\/2026\/04\/Homem-morre-afogado-apos-canoa-virar-na-barragem-Cova-de-Mandioca-Foto-WhatsApp-Achei-Sudoeste-1024x683.jpg",1024,683,true],"chromenews-large":["https:\/\/noticiasbahia360.com.br\/wp-content\/uploads\/2026\/04\/Homem-morre-afogado-apos-canoa-virar-na-barragem-Cova-de-Mandioca-Foto-WhatsApp-Achei-Sudoeste-825x575.jpg",825,575,true],"chromenews-medium":["https:\/\/noticiasbahia360.com.br\/wp-content\/uploads\/2026\/04\/Homem-morre-afogado-apos-canoa-virar-na-barragem-Cova-de-Mandioca-Foto-WhatsApp-Achei-Sudoeste-590x410.jpg",590,410,true]},"author_info":{"display_name":"noticiasbahia360.com.br","author_link":"https:\/\/noticiasbahia360.com.br\/?author=1"},"category_info":"<a href=\"https:\/\/noticiasbahia360.com.br\/?cat=8\" rel=\"category\">Bahia<\/a> <a href=\"https:\/\/noticiasbahia360.com.br\/?cat=9\" rel=\"category\">Brasil<\/a> <a href=\"https:\/\/noticiasbahia360.com.br\/?cat=6\" rel=\"category\">Feira de Santana<\/a> <a href=\"https:\/\/noticiasbahia360.com.br\/?cat=57\" rel=\"category\">Mundo<\/a> <a href=\"https:\/\/noticiasbahia360.com.br\/?cat=56\" rel=\"category\">Pol\u00edcia<\/a> <a href=\"https:\/\/noticiasbahia360.com.br\/?cat=10\" rel=\"category\">Pol\u00edtica<\/a>","tag_info":"Pol\u00edtica","comment_count":"0","_links":{"self":[{"href":"https:\/\/noticiasbahia360.com.br\/index.php?rest_route=\/wp\/v2\/posts\/128418","targetHints":{"allow":["GET"]}}],"collection":[{"href":"https:\/\/noticiasbahia360.com.br\/index.php?rest_route=\/wp\/v2\/posts"}],"about":[{"href":"https:\/\/noticiasbahia360.com.br\/index.php?rest_route=\/wp\/v2\/types\/post"}],"author":[{"embeddable":true,"href":"https:\/\/noticiasbahia360.com.br\/index.php?rest_route=\/wp\/v2\/users\/1"}],"replies":[{"embeddable":true,"href":"https:\/\/noticiasbahia360.com.br\/index.php?rest_route=%2Fwp%2Fv2%2Fcomments&post=128418"}],"version-history":[{"count":0,"href":"https:\/\/noticiasbahia360.com.br\/index.php?rest_route=\/wp\/v2\/posts\/128418\/revisions"}],"wp:featuredmedia":[{"embeddable":true,"href":"https:\/\/noticiasbahia360.com.br\/index.php?rest_route=\/wp\/v2\/media\/128419"}],"wp:attachment":[{"href":"https:\/\/noticiasbahia360.com.br\/index.php?rest_route=%2Fwp%2Fv2%2Fmedia&parent=128418"}],"wp:term":[{"taxonomy":"category","embeddable":true,"href":"https:\/\/noticiasbahia360.com.br\/index.php?rest_route=%2Fwp%2Fv2%2Fcategories&post=128418"},{"taxonomy":"post_tag","embeddable":true,"href":"https:\/\/noticiasbahia360.com.br\/index.php?rest_route=%2Fwp%2Fv2%2Ftags&post=128418"}],"curies":[{"name":"wp","href":"https:\/\/api.w.org\/{rel}","templated":true}]}}