{"id":128420,"date":"2026-04-26T16:56:02","date_gmt":"2026-04-26T19:56:02","guid":{"rendered":"https:\/\/noticiasbahia360.com.br\/?p=128420"},"modified":"2026-04-26T16:56:02","modified_gmt":"2026-04-26T19:56:02","slug":"ao-voltar-para-casa-homem-encontra-imovel-em-chamas-em-pindai","status":"publish","type":"post","link":"https:\/\/noticiasbahia360.com.br\/?p=128420","title":{"rendered":"Ao voltar para casa, homem encontra im\u00f3vel em chamas em Pinda\u00ed"},"content":{"rendered":"<div>\n<div>\n<figure><img decoding=\"async\" src=\"http:\/\/noticiasbahia360.com.br\/wp-content\/uploads\/2026\/04\/Ao-voltar-para-casa-homem-encontra-imovel-em-chamas-em-Pindai-Foto-WhatsApp-Achei-Sudoeste.jpg\" alt=\"Ao voltar para casa, homem encontra im\u00f3vel em chamas em Pinda\u00ed\"><figcaption>Foto: WhatsApp\/ Achei Sudoeste<\/figcaption><\/figure>\n<\/div>\n<p>Ao chegar em sua casa na manh\u00e3 de s\u00e1bado (25), um homem encontrou o im\u00f3vel em chamas. O ataque aconteceu por volta das 8h, no munic\u00edpio de Pinda\u00ed, no centro-sul da Bahia, quando o propriet\u00e1rio estava fora da resid\u00eancia. <\/p>\n<p>Segundo informa\u00e7\u00f5es do Achei Sudoeste, parceiro do Acorda Cidade, o 17\u00ba Batalh\u00e3o de\u00a0Pol\u00edcia Militar\u00a0(BPM) afirmou que o interior da casa havia sido revirado antes das chamas come\u00e7arem, e que os policiais encontraram uma garrafa Pet com gasolina, o que confirma o uso de acelerante para propagar o inc\u00eandio e a natureza criminosa do caso.<\/p>\n<p id=\"isPasted\">Al\u00e9m do preju\u00edzo no patrim\u00f4nio, o inc\u00eandio atinge a subsist\u00eancia da v\u00edtima. Dentre os itens destru\u00eddos pelas chamas est\u00e3o uma televis\u00e3o de 32 polegadas, sof\u00e1s, guarda-roupas e ferramentas el\u00e9tricas de trabalho. Assim como destruiu um tambor que armazenava cerca de 200 kg de feij\u00e3o, o que comprometeu o estoque de alimentos do homem. <\/p>\n<p>Apesar da viol\u00eancia no caso, a v\u00edtima relatou aos policiais n\u00e3o ter suspeitos ou desaven\u00e7as que pudessem motivar o ataque. A PM isolou a \u00e1rea e orientou que o homem realizasse o registro formal da ocorr\u00eancia na Delegacia Territorial de Pinda\u00ed, que est\u00e1 investigando a autoria e motiva\u00e7\u00e3o por tr\u00e1s do atentado.<\/p>\n<p><em>Siga o Acorda Cidade no\u00a0<\/em><a href=\"https:\/\/news.google.com\/search?q=acorda%20cidade&amp;hl=pt-BR&amp;gl=BR&amp;ceid=BR%3Apt-419\"><strong><em>Google Not\u00edcias<\/em><\/strong><\/a><em>\u00a0e receba os principais destaques do dia. Participe tamb\u00e9m dos nossos canais no\u00a0<\/em><a href=\"https:\/\/www.whatsapp.com\/channel\/0029Va6Rb4v3WHTNnsh8WI3N\"><strong><em>WhatsApp<\/em><\/strong><\/a><em>\u00a0e\u00a0<\/em><a href=\"https:\/\/www.youtube.com\/@acordacidadenoticias\/videos\"><strong>YouTube<\/strong><\/a><em>\u00a0e grupo de\u00a0<\/em><a href=\"https:\/\/t.me\/+sSz0khrgARA0ZmRh\"><strong><em>Telegram<\/em><\/strong><\/a><em>.<\/em><\/p>\n<\/div>\n","protected":false},"excerpt":{"rendered":"<div>\n<div>\n<figure><img decoding=\"async\" src=\"https:\/\/uploads.acordacidade.com.br\/2026\/04\/Ao-voltar-para-casa-homem-encontra-imovel-em-chamas-em-Pindai-Foto-WhatsApp-Achei-Sudoeste.jpg\" alt=\"Ao voltar para casa, homem encontra im\u00f3vel em chamas em Pinda\u00ed\"><figcaption>Foto: WhatsApp\/ Achei Sudoeste<\/figcaption><\/figure>\n<\/div>\n<p>Apesar da viol\u00eancia no caso, a v\u00edtima relatou aos policiais n\u00e3o ter suspeitos ou desaven\u00e7as que pudessem motivar o ataque.<\/p><\/div>\n","protected":false},"author":1,"featured_media":128421,"comment_status":"closed","ping_status":"closed","sticky":false,"template":"","format":"gallery","meta":{"footnotes":""},"categories":[8,9,6,57,56,10],"tags":[],"class_list":["post-128420","post","type-post","status-publish","format-gallery","has-post-thumbnail","hentry","category-bahia","category-brasil","category-feira-de-santana","category-mundo","category-policia","category-politica","post_format-post-format-gallery"],"featured_image_urls":{"full":["https:\/\/noticiasbahia360.com.br\/wp-content\/uploads\/2026\/04\/Ao-voltar-para-casa-homem-encontra-imovel-em-chamas-em-Pindai-Foto-WhatsApp-Achei-Sudoeste.jpg",1200,800,false],"thumbnail":["https:\/\/noticiasbahia360.com.br\/wp-content\/uploads\/2026\/04\/Ao-voltar-para-casa-homem-encontra-imovel-em-chamas-em-Pindai-Foto-WhatsApp-Achei-Sudoeste-150x150.jpg",150,150,true],"medium":["https:\/\/noticiasbahia360.com.br\/wp-content\/uploads\/2026\/04\/Ao-voltar-para-casa-homem-encontra-imovel-em-chamas-em-Pindai-Foto-WhatsApp-Achei-Sudoeste-300x200.jpg",300,200,true],"medium_large":["https:\/\/noticiasbahia360.com.br\/wp-content\/uploads\/2026\/04\/Ao-voltar-para-casa-homem-encontra-imovel-em-chamas-em-Pindai-Foto-WhatsApp-Achei-Sudoeste-768x512.jpg",640,427,true],"large":["https:\/\/noticiasbahia360.com.br\/wp-content\/uploads\/2026\/04\/Ao-voltar-para-casa-homem-encontra-imovel-em-chamas-em-Pindai-Foto-WhatsApp-Achei-Sudoeste-1024x683.jpg",640,427,true],"1536x1536":["https:\/\/noticiasbahia360.com.br\/wp-content\/uploads\/2026\/04\/Ao-voltar-para-casa-homem-encontra-imovel-em-chamas-em-Pindai-Foto-WhatsApp-Achei-Sudoeste.jpg",1200,800,false],"2048x2048":["https:\/\/noticiasbahia360.com.br\/wp-content\/uploads\/2026\/04\/Ao-voltar-para-casa-homem-encontra-imovel-em-chamas-em-Pindai-Foto-WhatsApp-Achei-Sudoeste.jpg",1200,800,false],"chromenews-featured":["https:\/\/noticiasbahia360.com.br\/wp-content\/uploads\/2026\/04\/Ao-voltar-para-casa-homem-encontra-imovel-em-chamas-em-Pindai-Foto-WhatsApp-Achei-Sudoeste-1024x683.jpg",1024,683,true],"chromenews-large":["https:\/\/noticiasbahia360.com.br\/wp-content\/uploads\/2026\/04\/Ao-voltar-para-casa-homem-encontra-imovel-em-chamas-em-Pindai-Foto-WhatsApp-Achei-Sudoeste-825x575.jpg",825,575,true],"chromenews-medium":["https:\/\/noticiasbahia360.com.br\/wp-content\/uploads\/2026\/04\/Ao-voltar-para-casa-homem-encontra-imovel-em-chamas-em-Pindai-Foto-WhatsApp-Achei-Sudoeste-590x410.jpg",590,410,true]},"author_info":{"display_name":"noticiasbahia360.com.br","author_link":"https:\/\/noticiasbahia360.com.br\/?author=1"},"category_info":"<a href=\"https:\/\/noticiasbahia360.com.br\/?cat=8\" rel=\"category\">Bahia<\/a> <a href=\"https:\/\/noticiasbahia360.com.br\/?cat=9\" rel=\"category\">Brasil<\/a> <a href=\"https:\/\/noticiasbahia360.com.br\/?cat=6\" rel=\"category\">Feira de Santana<\/a> <a href=\"https:\/\/noticiasbahia360.com.br\/?cat=57\" rel=\"category\">Mundo<\/a> <a href=\"https:\/\/noticiasbahia360.com.br\/?cat=56\" rel=\"category\">Pol\u00edcia<\/a> <a href=\"https:\/\/noticiasbahia360.com.br\/?cat=10\" rel=\"category\">Pol\u00edtica<\/a>","tag_info":"Pol\u00edtica","comment_count":"0","_links":{"self":[{"href":"https:\/\/noticiasbahia360.com.br\/index.php?rest_route=\/wp\/v2\/posts\/128420","targetHints":{"allow":["GET"]}}],"collection":[{"href":"https:\/\/noticiasbahia360.com.br\/index.php?rest_route=\/wp\/v2\/posts"}],"about":[{"href":"https:\/\/noticiasbahia360.com.br\/index.php?rest_route=\/wp\/v2\/types\/post"}],"author":[{"embeddable":true,"href":"https:\/\/noticiasbahia360.com.br\/index.php?rest_route=\/wp\/v2\/users\/1"}],"replies":[{"embeddable":true,"href":"https:\/\/noticiasbahia360.com.br\/index.php?rest_route=%2Fwp%2Fv2%2Fcomments&post=128420"}],"version-history":[{"count":0,"href":"https:\/\/noticiasbahia360.com.br\/index.php?rest_route=\/wp\/v2\/posts\/128420\/revisions"}],"wp:featuredmedia":[{"embeddable":true,"href":"https:\/\/noticiasbahia360.com.br\/index.php?rest_route=\/wp\/v2\/media\/128421"}],"wp:attachment":[{"href":"https:\/\/noticiasbahia360.com.br\/index.php?rest_route=%2Fwp%2Fv2%2Fmedia&parent=128420"}],"wp:term":[{"taxonomy":"category","embeddable":true,"href":"https:\/\/noticiasbahia360.com.br\/index.php?rest_route=%2Fwp%2Fv2%2Fcategories&post=128420"},{"taxonomy":"post_tag","embeddable":true,"href":"https:\/\/noticiasbahia360.com.br\/index.php?rest_route=%2Fwp%2Fv2%2Ftags&post=128420"}],"curies":[{"name":"wp","href":"https:\/\/api.w.org\/{rel}","templated":true}]}}