{"id":128422,"date":"2026-04-26T17:11:11","date_gmt":"2026-04-26T20:11:11","guid":{"rendered":"https:\/\/noticiasbahia360.com.br\/?p=128422"},"modified":"2026-04-26T17:11:11","modified_gmt":"2026-04-26T20:11:11","slug":"lula-presta-solidariedade-e-manifesta-repudio-a-ataque-contra-trump","status":"publish","type":"post","link":"https:\/\/noticiasbahia360.com.br\/?p=128422","title":{"rendered":"Lula presta solidariedade e manifesta rep\u00fadio a ataque contra Trump"},"content":{"rendered":"<div>\n<div>\n<figure><img decoding=\"async\" src=\"http:\/\/noticiasbahia360.com.br\/wp-content\/uploads\/2026\/04\/Trump-e-Lula-Foto-Ricardo-Stuckert-PR.jpg\" alt=\"Trump e Lula\"><figcaption>Foto: Ricardo Stuckert\/ PR<\/figcaption><\/figure>\n<\/div>\n<p>Ag\u00eancia Brasil \u2014\u00a0<strong>O presidente Luiz In\u00e1cio Lula da Silva disse, neste domingo (26) \u201crepudiar veementemente\u201d o\u00a0ataque a tiros contra o presidente dos Estados Unidos, Donald Trump, ocorrido nesse s\u00e1bado (25) em um encontro com jornalistas em Washington.<\/strong><img decoding=\"async\" src=\"https:\/\/agenciabrasil.ebc.com.br\/ebc.png?id=1687257&amp;o=node\"><img decoding=\"async\" src=\"https:\/\/agenciabrasil.ebc.com.br\/ebc.gif?id=1687257&amp;o=node\"><\/p>\n<p>\u201cMinha solidariedade ao presidente Donald Trump, \u00e0 primeira-dama Melania Trump e a todos os presentes no jantar com correspondentes em Washington. O Brasil repudia veementemente o ataque de ontem \u00e0 noite\u201d, diz a nota publicada por Lula nas redes sociais.<\/p>\n<p>\u201cA viol\u00eancia pol\u00edtica \u00e9 uma afronta aos valores democr\u00e1ticos que todos devemos proteger\u201d, acrescentou o presidente brasileiro.<\/p>\n<p>Os disparos foram dados durante o jantar de Trump com correspondentes que cobrem a Casa Branca.<\/p>\n<p>Tiros foram ouvidos nas imedia\u00e7\u00f5es do local do evento e o presidente e a primeira-dama Melania Trump foram retirados rapidamente do lugar pelo Servi\u00e7o Secreto norte-americano. O suspeito de ter feito o ataque foi preso e ainda n\u00e3o teve sua identidade revelada.<\/p>\n<p>O suspeito atirou em um agente do servi\u00e7o secreto \u2013 que acabou sendo salvo por usar colete \u00e0 prova de balas. Al\u00e9m dos disparos, testemunhas disseram a ag\u00eancias internacionais que tamb\u00e9m foram ouvidas explos\u00f5es na \u00e1rea pr\u00f3xima ao hotel.<\/p>\n<p>O jantar teve as presen\u00e7as do vice-presidente J.D. Vance e do secret\u00e1rio de Estado Marco Rubio. Eles tamb\u00e9m foram retirados do hotel e est\u00e3o em seguran\u00e7a.<\/p>\n<p><strong>O presidente Trump deu uma entrevista coletiva na Casa Branca ap\u00f3s o ataque e disse que o atirador \u00e9 um \u201clobo solit\u00e1rio\u201d, termo usado para descrever supostos criminosos que atuam sozinhos.<\/strong><\/p>\n<p>Apesar da fala de Trump, o Servi\u00e7o Secreto dos EUA n\u00e3o deu mais detalhes sobre o suspeito.<\/p>\n<p><em>Siga o Acorda Cidade no\u00a0<\/em><a href=\"https:\/\/news.google.com\/search?q=acorda%20cidade&amp;hl=pt-BR&amp;gl=BR&amp;ceid=BR%3Apt-419\"><strong><em>Google Not\u00edcias<\/em><\/strong><\/a><em>\u00a0e receba os principais destaques do dia. Participe tamb\u00e9m dos nossos canais no\u00a0<\/em><a href=\"https:\/\/www.whatsapp.com\/channel\/0029Va6Rb4v3WHTNnsh8WI3N\"><strong><em>WhatsApp<\/em><\/strong><\/a><em>\u00a0e\u00a0<\/em><a href=\"https:\/\/www.youtube.com\/@acordacidadenoticias\/videos\"><strong>YouTube<\/strong><\/a><em>\u00a0e grupo de\u00a0<\/em><a href=\"https:\/\/t.me\/+sSz0khrgARA0ZmRh\"><strong><em>Telegram<\/em><\/strong><\/a><em>.<\/em><\/p>\n<\/div>\n","protected":false},"excerpt":{"rendered":"<div>\n<div>\n<figure><img decoding=\"async\" src=\"https:\/\/uploads.acordacidade.com.br\/2026\/04\/Trump-e-Lula-Foto-Ricardo-Stuckert-PR.jpg\" alt=\"Trump e Lula\"><figcaption>Foto: Ricardo Stuckert\/ PR<\/figcaption><\/figure>\n<\/div>\n<p>Tiros foram ouvidos nas imedia\u00e7\u00f5es do local do evento e o presidente e a primeira-dama Melania Trump foram retirados rapidamente do lugar<\/p><\/div>\n","protected":false},"author":1,"featured_media":128423,"comment_status":"closed","ping_status":"closed","sticky":false,"template":"","format":"gallery","meta":{"footnotes":""},"categories":[8,9,6,57,56,10],"tags":[],"class_list":["post-128422","post","type-post","status-publish","format-gallery","has-post-thumbnail","hentry","category-bahia","category-brasil","category-feira-de-santana","category-mundo","category-policia","category-politica","post_format-post-format-gallery"],"featured_image_urls":{"full":["https:\/\/noticiasbahia360.com.br\/wp-content\/uploads\/2026\/04\/Trump-e-Lula-Foto-Ricardo-Stuckert-PR.jpg",1200,675,false],"thumbnail":["https:\/\/noticiasbahia360.com.br\/wp-content\/uploads\/2026\/04\/Trump-e-Lula-Foto-Ricardo-Stuckert-PR-150x150.jpg",150,150,true],"medium":["https:\/\/noticiasbahia360.com.br\/wp-content\/uploads\/2026\/04\/Trump-e-Lula-Foto-Ricardo-Stuckert-PR-300x169.jpg",300,169,true],"medium_large":["https:\/\/noticiasbahia360.com.br\/wp-content\/uploads\/2026\/04\/Trump-e-Lula-Foto-Ricardo-Stuckert-PR-768x432.jpg",640,360,true],"large":["https:\/\/noticiasbahia360.com.br\/wp-content\/uploads\/2026\/04\/Trump-e-Lula-Foto-Ricardo-Stuckert-PR-1024x576.jpg",640,360,true],"1536x1536":["https:\/\/noticiasbahia360.com.br\/wp-content\/uploads\/2026\/04\/Trump-e-Lula-Foto-Ricardo-Stuckert-PR.jpg",1200,675,false],"2048x2048":["https:\/\/noticiasbahia360.com.br\/wp-content\/uploads\/2026\/04\/Trump-e-Lula-Foto-Ricardo-Stuckert-PR.jpg",1200,675,false],"chromenews-featured":["https:\/\/noticiasbahia360.com.br\/wp-content\/uploads\/2026\/04\/Trump-e-Lula-Foto-Ricardo-Stuckert-PR-1024x576.jpg",1024,576,true],"chromenews-large":["https:\/\/noticiasbahia360.com.br\/wp-content\/uploads\/2026\/04\/Trump-e-Lula-Foto-Ricardo-Stuckert-PR-825x575.jpg",825,575,true],"chromenews-medium":["https:\/\/noticiasbahia360.com.br\/wp-content\/uploads\/2026\/04\/Trump-e-Lula-Foto-Ricardo-Stuckert-PR-590x410.jpg",590,410,true]},"author_info":{"display_name":"noticiasbahia360.com.br","author_link":"https:\/\/noticiasbahia360.com.br\/?author=1"},"category_info":"<a href=\"https:\/\/noticiasbahia360.com.br\/?cat=8\" rel=\"category\">Bahia<\/a> <a href=\"https:\/\/noticiasbahia360.com.br\/?cat=9\" rel=\"category\">Brasil<\/a> <a href=\"https:\/\/noticiasbahia360.com.br\/?cat=6\" rel=\"category\">Feira de Santana<\/a> <a href=\"https:\/\/noticiasbahia360.com.br\/?cat=57\" rel=\"category\">Mundo<\/a> <a href=\"https:\/\/noticiasbahia360.com.br\/?cat=56\" rel=\"category\">Pol\u00edcia<\/a> <a href=\"https:\/\/noticiasbahia360.com.br\/?cat=10\" rel=\"category\">Pol\u00edtica<\/a>","tag_info":"Pol\u00edtica","comment_count":"0","_links":{"self":[{"href":"https:\/\/noticiasbahia360.com.br\/index.php?rest_route=\/wp\/v2\/posts\/128422","targetHints":{"allow":["GET"]}}],"collection":[{"href":"https:\/\/noticiasbahia360.com.br\/index.php?rest_route=\/wp\/v2\/posts"}],"about":[{"href":"https:\/\/noticiasbahia360.com.br\/index.php?rest_route=\/wp\/v2\/types\/post"}],"author":[{"embeddable":true,"href":"https:\/\/noticiasbahia360.com.br\/index.php?rest_route=\/wp\/v2\/users\/1"}],"replies":[{"embeddable":true,"href":"https:\/\/noticiasbahia360.com.br\/index.php?rest_route=%2Fwp%2Fv2%2Fcomments&post=128422"}],"version-history":[{"count":0,"href":"https:\/\/noticiasbahia360.com.br\/index.php?rest_route=\/wp\/v2\/posts\/128422\/revisions"}],"wp:featuredmedia":[{"embeddable":true,"href":"https:\/\/noticiasbahia360.com.br\/index.php?rest_route=\/wp\/v2\/media\/128423"}],"wp:attachment":[{"href":"https:\/\/noticiasbahia360.com.br\/index.php?rest_route=%2Fwp%2Fv2%2Fmedia&parent=128422"}],"wp:term":[{"taxonomy":"category","embeddable":true,"href":"https:\/\/noticiasbahia360.com.br\/index.php?rest_route=%2Fwp%2Fv2%2Fcategories&post=128422"},{"taxonomy":"post_tag","embeddable":true,"href":"https:\/\/noticiasbahia360.com.br\/index.php?rest_route=%2Fwp%2Fv2%2Ftags&post=128422"}],"curies":[{"name":"wp","href":"https:\/\/api.w.org\/{rel}","templated":true}]}}