{"id":128424,"date":"2026-04-26T17:30:54","date_gmt":"2026-04-26T20:30:54","guid":{"rendered":"https:\/\/noticiasbahia360.com.br\/?p=128424"},"modified":"2026-04-26T17:30:54","modified_gmt":"2026-04-26T20:30:54","slug":"policia-militar-detem-77-membros-de-torcida-organizada-em-salvador-apos-denuncia","status":"publish","type":"post","link":"https:\/\/noticiasbahia360.com.br\/?p=128424","title":{"rendered":"Pol\u00edcia Militar det\u00e9m 77 membros de torcida organizada em Salvador ap\u00f3s den\u00fancia"},"content":{"rendered":"<div>\n<div>\n<figure><img decoding=\"async\" src=\"http:\/\/noticiasbahia360.com.br\/wp-content\/uploads\/2026\/04\/Policia-Militar-detem-77-membros-de-torcida-organizada-em-Salvador-apos-denuncia-Foto-DCS-PM.jpg\" alt=\"Pol\u00edcia Militar det\u00e9m 77 membros de torcida organizada em Salvador ap\u00f3s den\u00fancia\"><figcaption>Foto: DCS\/ PM<\/figcaption><\/figure>\n<\/div>\n<p>Equipes da 39\u00aa CIPM, da Rondesp Atl\u00e2ntico e do Bepe apreenderam um grupo de 77 pessoas ligados a uma torcida organizada, dentre eles, 33 adolescentes, ap\u00f3s den\u00fancia de tumulto, vandalismo e perturba\u00e7\u00e3o do sossego na Pra\u00e7a Agnelo de Brito, no bairro Boca do Rio, em Salvador, na tarde de s\u00e1bado (25).<\/p>\n<p>Ap\u00f3s o acionamento, os militares se dirigiram imediatamente ao local, onde flagraram os suspeitos que, ao perceberem a aproxima\u00e7\u00e3o das guarni\u00e7\u00f5es, iniciaram uma fuga, abandonando alguns ve\u00edculos na localidade, mas 77 deles foram alcan\u00e7ados, abordados e detidos.<\/p>\n<p>Ap\u00f3s as buscas, foram apreendidos oito bombas caseiras, quatro facas, dois porretes, um taco de beisebol, uma soqueira, foguete e m\u00e1scaras.<\/p>\n<p>Os ve\u00edculos, todo material apreendido e os detidos foram encaminhados \u00e0s unidades especializadas da Pol\u00edcia Civil, onde a ocorr\u00eancia foi registrada.<\/p>\n<p><em>As informa\u00e7\u00f5es s\u00e3o da Secretaria de Comunica\u00e7\u00e3o Social do Estado da Bahia<\/em><\/p>\n<p><strong>Leia tamb\u00e9m:<\/strong><\/p>\n<p><a href=\"https:\/\/www.acordacidade.com.br\/policia\/operacao-bandeira-branca-prende-sete-investigados-por-ataque-de-torcida-organizada-em-salvador\/\">Opera\u00e7\u00e3o Bandeira Branca prende sete investigados por ataque de torcida organizada em Salvador<\/a><\/p>\n<p><em>Siga o Acorda Cidade no\u00a0<\/em><a href=\"https:\/\/news.google.com\/search?q=acorda%20cidade&amp;hl=pt-BR&amp;gl=BR&amp;ceid=BR%3Apt-419\"><strong><em>Google Not\u00edcias<\/em><\/strong><\/a><em>\u00a0e receba os principais destaques do dia. Participe tamb\u00e9m dos nossos canais no\u00a0<\/em><a href=\"https:\/\/www.whatsapp.com\/channel\/0029Va6Rb4v3WHTNnsh8WI3N\"><strong><em>WhatsApp<\/em><\/strong><\/a><em>\u00a0e\u00a0<\/em><a href=\"https:\/\/www.youtube.com\/@acordacidadenoticias\/videos\"><strong>YouTube<\/strong><\/a><em>\u00a0e grupo de\u00a0<\/em><a href=\"https:\/\/t.me\/+sSz0khrgARA0ZmRh\"><strong><em>Telegram<\/em><\/strong><\/a><em>.<\/em><\/p>\n<\/div>\n","protected":false},"excerpt":{"rendered":"<div>\n<div>\n<figure><img decoding=\"async\" src=\"https:\/\/uploads.acordacidade.com.br\/2026\/04\/Policia-Militar-detem-77-membros-de-torcida-organizada-em-Salvador-apos-denuncia-Foto-DCS-PM.jpg\" alt=\"Pol\u00edcia Militar det\u00e9m 77 membros de torcida organizada em Salvador ap\u00f3s den\u00fancia\"><figcaption>Foto: DCS\/ PM<\/figcaption><\/figure>\n<\/div>\n<p>Guarni\u00e7\u00e3o foi acionada ap\u00f3s den\u00fancia de tumulto, vandalismo e perturba\u00e7\u00e3o do sossego no bairro Boca do Rio.<\/p><\/div>\n","protected":false},"author":1,"featured_media":128425,"comment_status":"closed","ping_status":"closed","sticky":false,"template":"","format":"gallery","meta":{"footnotes":""},"categories":[8,9,6,57,56,10],"tags":[],"class_list":["post-128424","post","type-post","status-publish","format-gallery","has-post-thumbnail","hentry","category-bahia","category-brasil","category-feira-de-santana","category-mundo","category-policia","category-politica","post_format-post-format-gallery"],"featured_image_urls":{"full":["https:\/\/noticiasbahia360.com.br\/wp-content\/uploads\/2026\/04\/Policia-Militar-detem-77-membros-de-torcida-organizada-em-Salvador-apos-denuncia-Foto-DCS-PM.jpg",1200,554,false],"thumbnail":["https:\/\/noticiasbahia360.com.br\/wp-content\/uploads\/2026\/04\/Policia-Militar-detem-77-membros-de-torcida-organizada-em-Salvador-apos-denuncia-Foto-DCS-PM-150x150.jpg",150,150,true],"medium":["https:\/\/noticiasbahia360.com.br\/wp-content\/uploads\/2026\/04\/Policia-Militar-detem-77-membros-de-torcida-organizada-em-Salvador-apos-denuncia-Foto-DCS-PM-300x139.jpg",300,139,true],"medium_large":["https:\/\/noticiasbahia360.com.br\/wp-content\/uploads\/2026\/04\/Policia-Militar-detem-77-membros-de-torcida-organizada-em-Salvador-apos-denuncia-Foto-DCS-PM-768x355.jpg",640,296,true],"large":["https:\/\/noticiasbahia360.com.br\/wp-content\/uploads\/2026\/04\/Policia-Militar-detem-77-membros-de-torcida-organizada-em-Salvador-apos-denuncia-Foto-DCS-PM-1024x473.jpg",640,296,true],"1536x1536":["https:\/\/noticiasbahia360.com.br\/wp-content\/uploads\/2026\/04\/Policia-Militar-detem-77-membros-de-torcida-organizada-em-Salvador-apos-denuncia-Foto-DCS-PM.jpg",1200,554,false],"2048x2048":["https:\/\/noticiasbahia360.com.br\/wp-content\/uploads\/2026\/04\/Policia-Militar-detem-77-membros-de-torcida-organizada-em-Salvador-apos-denuncia-Foto-DCS-PM.jpg",1200,554,false],"chromenews-featured":["https:\/\/noticiasbahia360.com.br\/wp-content\/uploads\/2026\/04\/Policia-Militar-detem-77-membros-de-torcida-organizada-em-Salvador-apos-denuncia-Foto-DCS-PM-1024x473.jpg",1024,473,true],"chromenews-large":["https:\/\/noticiasbahia360.com.br\/wp-content\/uploads\/2026\/04\/Policia-Militar-detem-77-membros-de-torcida-organizada-em-Salvador-apos-denuncia-Foto-DCS-PM-825x554.jpg",825,554,true],"chromenews-medium":["https:\/\/noticiasbahia360.com.br\/wp-content\/uploads\/2026\/04\/Policia-Militar-detem-77-membros-de-torcida-organizada-em-Salvador-apos-denuncia-Foto-DCS-PM-590x410.jpg",590,410,true]},"author_info":{"display_name":"noticiasbahia360.com.br","author_link":"https:\/\/noticiasbahia360.com.br\/?author=1"},"category_info":"<a href=\"https:\/\/noticiasbahia360.com.br\/?cat=8\" rel=\"category\">Bahia<\/a> <a href=\"https:\/\/noticiasbahia360.com.br\/?cat=9\" rel=\"category\">Brasil<\/a> <a href=\"https:\/\/noticiasbahia360.com.br\/?cat=6\" rel=\"category\">Feira de Santana<\/a> <a href=\"https:\/\/noticiasbahia360.com.br\/?cat=57\" rel=\"category\">Mundo<\/a> <a href=\"https:\/\/noticiasbahia360.com.br\/?cat=56\" rel=\"category\">Pol\u00edcia<\/a> <a href=\"https:\/\/noticiasbahia360.com.br\/?cat=10\" rel=\"category\">Pol\u00edtica<\/a>","tag_info":"Pol\u00edtica","comment_count":"0","_links":{"self":[{"href":"https:\/\/noticiasbahia360.com.br\/index.php?rest_route=\/wp\/v2\/posts\/128424","targetHints":{"allow":["GET"]}}],"collection":[{"href":"https:\/\/noticiasbahia360.com.br\/index.php?rest_route=\/wp\/v2\/posts"}],"about":[{"href":"https:\/\/noticiasbahia360.com.br\/index.php?rest_route=\/wp\/v2\/types\/post"}],"author":[{"embeddable":true,"href":"https:\/\/noticiasbahia360.com.br\/index.php?rest_route=\/wp\/v2\/users\/1"}],"replies":[{"embeddable":true,"href":"https:\/\/noticiasbahia360.com.br\/index.php?rest_route=%2Fwp%2Fv2%2Fcomments&post=128424"}],"version-history":[{"count":0,"href":"https:\/\/noticiasbahia360.com.br\/index.php?rest_route=\/wp\/v2\/posts\/128424\/revisions"}],"wp:featuredmedia":[{"embeddable":true,"href":"https:\/\/noticiasbahia360.com.br\/index.php?rest_route=\/wp\/v2\/media\/128425"}],"wp:attachment":[{"href":"https:\/\/noticiasbahia360.com.br\/index.php?rest_route=%2Fwp%2Fv2%2Fmedia&parent=128424"}],"wp:term":[{"taxonomy":"category","embeddable":true,"href":"https:\/\/noticiasbahia360.com.br\/index.php?rest_route=%2Fwp%2Fv2%2Fcategories&post=128424"},{"taxonomy":"post_tag","embeddable":true,"href":"https:\/\/noticiasbahia360.com.br\/index.php?rest_route=%2Fwp%2Fv2%2Ftags&post=128424"}],"curies":[{"name":"wp","href":"https:\/\/api.w.org\/{rel}","templated":true}]}}