{"id":128426,"date":"2026-04-26T17:46:04","date_gmt":"2026-04-26T20:46:04","guid":{"rendered":"https:\/\/noticiasbahia360.com.br\/?p=128426"},"modified":"2026-04-26T17:46:04","modified_gmt":"2026-04-26T20:46:04","slug":"explosivos-sao-apreendidos-e-pm-detem-integrantes-de-torcida-organizada-em-salvador","status":"publish","type":"post","link":"https:\/\/noticiasbahia360.com.br\/?p=128426","title":{"rendered":"Explosivos s\u00e3o apreendidos e PM det\u00e9m integrantes de torcida organizada em Salvador"},"content":{"rendered":"<div>\n<div>\n<figure><img decoding=\"async\" src=\"http:\/\/noticiasbahia360.com.br\/wp-content\/uploads\/2026\/04\/Explosivos-sao-apreendidos-e-PM-detem-integrantes-de-torcida-organizada-em-Salvador-Foto-DCS-PM.jpg\" alt=\"Explosivos s\u00e3o apreendidos e PM det\u00e9m integrantes de torcida organizada em Salvador\"><figcaption>Foto: DCS\/ PM<\/figcaption><\/figure>\n<\/div>\n<p>Na tarde de s\u00e1bado (25), policiais militares da 2\u00aa CIPM apreenderam\u00a0artefatos explosivos e drogas no bairro Nazar\u00e9, em Salvador. As equipes realizavam rondas na regi\u00e3o quando visualizaram um tumulto de integrantes de determinada torcida organizada, na Av. Joana Ang\u00e9lica e procederam com a abordagem dos envolvidos.<\/p>\n<p>Com os suspeitos, foram encontrados 34 pinos an\u00e1logos \u00e0 coca\u00edna, nove por\u00e7\u00f5es de maconha, tr\u00eas socos ingleses, dois artefatos explosivos caseiros e tr\u00eas aparelhos de celular. Um dos homens, antes da apresenta\u00e7\u00e3o policial, foi encaminhado para atendimento m\u00e9dico na UPA do Vale dos Barris.<\/p>\n<p>Os envolvidos, juntamente com os materiais apreendidos, foram apresentados \u00e0 Central de Flagrantes (Cenflag), onde foram adotadas as medidas cab\u00edveis.<\/p>\n<p><em>As informa\u00e7\u00f5es s\u00e3o da Secretaria de Comunica\u00e7\u00e3o Social do Estado da Bahia<\/em><\/p>\n<p><strong>Leia tamb\u00e9m: <\/strong><\/p>\n<p><a href=\"https:\/\/www.acordacidade.com.br\/policia\/policia-militar-detem-77-membros-de-torcida-organizada-em-salvador-apos-denuncia\/\">Pol\u00edcia Militar det\u00e9m 77 membros de torcida organizada em Salvador ap\u00f3s den\u00fancia<\/a><\/p>\n<p><em>Siga o Acorda Cidade no\u00a0<\/em><a href=\"https:\/\/news.google.com\/search?q=acorda%20cidade&amp;hl=pt-BR&amp;gl=BR&amp;ceid=BR%3Apt-419\"><strong><em>Google Not\u00edcias<\/em><\/strong><\/a><em>\u00a0e receba os principais destaques do dia. Participe tamb\u00e9m dos nossos canais no\u00a0<\/em><a href=\"https:\/\/www.whatsapp.com\/channel\/0029Va6Rb4v3WHTNnsh8WI3N\"><strong><em>WhatsApp<\/em><\/strong><\/a><em>\u00a0e\u00a0<\/em><a href=\"https:\/\/www.youtube.com\/@acordacidadenoticias\/videos\"><strong>YouTube<\/strong><\/a><em>\u00a0e grupo de\u00a0<\/em><a href=\"https:\/\/t.me\/+sSz0khrgARA0ZmRh\"><strong><em>Telegram<\/em><\/strong><\/a><em>.<\/em><\/p>\n<\/div>\n","protected":false},"excerpt":{"rendered":"<div>\n<div>\n<figure><img decoding=\"async\" src=\"https:\/\/uploads.acordacidade.com.br\/2026\/04\/Explosivos-sao-apreendidos-e-PM-detem-integrantes-de-torcida-organizada-em-Salvador-Foto-DCS-PM.jpg\" alt=\"Explosivos s\u00e3o apreendidos e PM det\u00e9m integrantes de torcida organizada em Salvador\"><figcaption>Foto: DCS\/ PM<\/figcaption><\/figure>\n<\/div>\n<p>Foram encontrados 34 pinos an\u00e1logos \u00e0 coca\u00edna, nove por\u00e7\u00f5es de maconha, tr\u00eas socos ingleses e dois artefatos explosivos caseiros.<\/p><\/div>\n","protected":false},"author":1,"featured_media":128427,"comment_status":"closed","ping_status":"closed","sticky":false,"template":"","format":"gallery","meta":{"footnotes":""},"categories":[8,9,6,57,56,10],"tags":[],"class_list":["post-128426","post","type-post","status-publish","format-gallery","has-post-thumbnail","hentry","category-bahia","category-brasil","category-feira-de-santana","category-mundo","category-policia","category-politica","post_format-post-format-gallery"],"featured_image_urls":{"full":["https:\/\/noticiasbahia360.com.br\/wp-content\/uploads\/2026\/04\/Explosivos-sao-apreendidos-e-PM-detem-integrantes-de-torcida-organizada-em-Salvador-Foto-DCS-PM.jpg",1200,857,false],"thumbnail":["https:\/\/noticiasbahia360.com.br\/wp-content\/uploads\/2026\/04\/Explosivos-sao-apreendidos-e-PM-detem-integrantes-de-torcida-organizada-em-Salvador-Foto-DCS-PM-150x150.jpg",150,150,true],"medium":["https:\/\/noticiasbahia360.com.br\/wp-content\/uploads\/2026\/04\/Explosivos-sao-apreendidos-e-PM-detem-integrantes-de-torcida-organizada-em-Salvador-Foto-DCS-PM-300x214.jpg",300,214,true],"medium_large":["https:\/\/noticiasbahia360.com.br\/wp-content\/uploads\/2026\/04\/Explosivos-sao-apreendidos-e-PM-detem-integrantes-de-torcida-organizada-em-Salvador-Foto-DCS-PM-768x548.jpg",640,457,true],"large":["https:\/\/noticiasbahia360.com.br\/wp-content\/uploads\/2026\/04\/Explosivos-sao-apreendidos-e-PM-detem-integrantes-de-torcida-organizada-em-Salvador-Foto-DCS-PM-1024x731.jpg",640,457,true],"1536x1536":["https:\/\/noticiasbahia360.com.br\/wp-content\/uploads\/2026\/04\/Explosivos-sao-apreendidos-e-PM-detem-integrantes-de-torcida-organizada-em-Salvador-Foto-DCS-PM.jpg",1200,857,false],"2048x2048":["https:\/\/noticiasbahia360.com.br\/wp-content\/uploads\/2026\/04\/Explosivos-sao-apreendidos-e-PM-detem-integrantes-de-torcida-organizada-em-Salvador-Foto-DCS-PM.jpg",1200,857,false],"chromenews-featured":["https:\/\/noticiasbahia360.com.br\/wp-content\/uploads\/2026\/04\/Explosivos-sao-apreendidos-e-PM-detem-integrantes-de-torcida-organizada-em-Salvador-Foto-DCS-PM-1024x731.jpg",1024,731,true],"chromenews-large":["https:\/\/noticiasbahia360.com.br\/wp-content\/uploads\/2026\/04\/Explosivos-sao-apreendidos-e-PM-detem-integrantes-de-torcida-organizada-em-Salvador-Foto-DCS-PM-825x575.jpg",825,575,true],"chromenews-medium":["https:\/\/noticiasbahia360.com.br\/wp-content\/uploads\/2026\/04\/Explosivos-sao-apreendidos-e-PM-detem-integrantes-de-torcida-organizada-em-Salvador-Foto-DCS-PM-590x410.jpg",590,410,true]},"author_info":{"display_name":"noticiasbahia360.com.br","author_link":"https:\/\/noticiasbahia360.com.br\/?author=1"},"category_info":"<a href=\"https:\/\/noticiasbahia360.com.br\/?cat=8\" rel=\"category\">Bahia<\/a> <a href=\"https:\/\/noticiasbahia360.com.br\/?cat=9\" rel=\"category\">Brasil<\/a> <a href=\"https:\/\/noticiasbahia360.com.br\/?cat=6\" rel=\"category\">Feira de Santana<\/a> <a href=\"https:\/\/noticiasbahia360.com.br\/?cat=57\" rel=\"category\">Mundo<\/a> <a href=\"https:\/\/noticiasbahia360.com.br\/?cat=56\" rel=\"category\">Pol\u00edcia<\/a> <a href=\"https:\/\/noticiasbahia360.com.br\/?cat=10\" rel=\"category\">Pol\u00edtica<\/a>","tag_info":"Pol\u00edtica","comment_count":"0","_links":{"self":[{"href":"https:\/\/noticiasbahia360.com.br\/index.php?rest_route=\/wp\/v2\/posts\/128426","targetHints":{"allow":["GET"]}}],"collection":[{"href":"https:\/\/noticiasbahia360.com.br\/index.php?rest_route=\/wp\/v2\/posts"}],"about":[{"href":"https:\/\/noticiasbahia360.com.br\/index.php?rest_route=\/wp\/v2\/types\/post"}],"author":[{"embeddable":true,"href":"https:\/\/noticiasbahia360.com.br\/index.php?rest_route=\/wp\/v2\/users\/1"}],"replies":[{"embeddable":true,"href":"https:\/\/noticiasbahia360.com.br\/index.php?rest_route=%2Fwp%2Fv2%2Fcomments&post=128426"}],"version-history":[{"count":0,"href":"https:\/\/noticiasbahia360.com.br\/index.php?rest_route=\/wp\/v2\/posts\/128426\/revisions"}],"wp:featuredmedia":[{"embeddable":true,"href":"https:\/\/noticiasbahia360.com.br\/index.php?rest_route=\/wp\/v2\/media\/128427"}],"wp:attachment":[{"href":"https:\/\/noticiasbahia360.com.br\/index.php?rest_route=%2Fwp%2Fv2%2Fmedia&parent=128426"}],"wp:term":[{"taxonomy":"category","embeddable":true,"href":"https:\/\/noticiasbahia360.com.br\/index.php?rest_route=%2Fwp%2Fv2%2Fcategories&post=128426"},{"taxonomy":"post_tag","embeddable":true,"href":"https:\/\/noticiasbahia360.com.br\/index.php?rest_route=%2Fwp%2Fv2%2Ftags&post=128426"}],"curies":[{"name":"wp","href":"https:\/\/api.w.org\/{rel}","templated":true}]}}