{"id":128428,"date":"2026-04-26T18:21:01","date_gmt":"2026-04-26T21:21:01","guid":{"rendered":"https:\/\/noticiasbahia360.com.br\/?p=128428"},"modified":"2026-04-26T18:21:01","modified_gmt":"2026-04-26T21:21:01","slug":"lavagem-da-fraga-maia-reune-feirenses-em-clima-de-micareta-neste-domingo","status":"publish","type":"post","link":"https:\/\/noticiasbahia360.com.br\/?p=128428","title":{"rendered":"Lavagem da Fraga Maia re\u00fane feirenses em clima de Micareta neste domingo"},"content":{"rendered":"<div>\n<div>\n<figure><img decoding=\"async\" src=\"http:\/\/noticiasbahia360.com.br\/wp-content\/uploads\/2026\/04\/Lavagem-da-Fraga-Maia-reune-feirenses-em-clima-de-Micareta-neste-domingo-Foto-Ney-Silva-Acorda-Cidade.jpg\" alt=\"Lavagem da Fraga Maia re\u00fane feirenses em clima de Micareta neste domingo\"><figcaption>Foto: Ney Silva\/ Acorda Cidade <\/figcaption><\/figure>\n<\/div>\n<p>A Micareta de Feira de Santana agora acontece em novembro. No entanto, as comemora\u00e7\u00f5es pr\u00e9-micareta ainda movimentam a cidade no m\u00eas de abril, como foi o caso da primeira edi\u00e7\u00e3o da Lavagem da Fraga Maia, que aconteceu neste domingo (26).\u00a0<\/p>\n<p>Em entrevista ao Acorda Cidade, uma das organizadoras do evento, Elen Alves, disse que a lavagem \u00e9 importante pois traz movimento para o com\u00e9rcio local, principalmente os ambulantes.\u00a0<\/p>\n<blockquote class=\"wp-block-quote is-layout-flow wp-block-quote-is-layout-flow\">\n<p>Voc\u00ea v\u00ea que tem muitos ambulantes, muita gente trabalhando, vendendo. Ent\u00e3o, isso \u00e9 um movimento da economia e a gente fica muito feliz de estar realizando isso pela primeira vez. A gente teve a primeira experi\u00eancia na Esquenta da Micareta, que j\u00e1 foi realizada aqui. E agora a gente est\u00e1 fazendo pela primeira vez a Lavagem. E a gente espera que essa seja a primeira de muitas. Tem muita crian\u00e7a, fam\u00edlia na rua e essa \u00e9 a ideia\u201d.\u00a0<\/p>\n<\/blockquote>\n<figure class=\"wp-block-image size-full\"><img fetchpriority=\"high\" fetchpriority=\"high\" decoding=\"async\" width=\"1200\" height=\"900\" src=\"http:\/\/noticiasbahia360.com.br\/wp-content\/uploads\/2026\/04\/Elen-Alves-Foto-Ney-Silva-Acorda-Cidade-.jpg\" alt=\"Elen Alves\" class=\"wp-image-650159\" srcset=\"http:\/\/noticiasbahia360.com.br\/wp-content\/uploads\/2026\/04\/Elen-Alves-Foto-Ney-Silva-Acorda-Cidade-.jpg 1200w, https:\/\/uploads.acordacidade.com.br\/2026\/04\/Elen-Alves-Foto-Ney-Silva-Acorda-Cidade--750x563.jpg 750w, https:\/\/uploads.acordacidade.com.br\/2026\/04\/Elen-Alves-Foto-Ney-Silva-Acorda-Cidade--1000x750.jpg 1000w, https:\/\/uploads.acordacidade.com.br\/2026\/04\/Elen-Alves-Foto-Ney-Silva-Acorda-Cidade--450x338.jpg 450w, https:\/\/uploads.acordacidade.com.br\/2026\/04\/Elen-Alves-Foto-Ney-Silva-Acorda-Cidade--150x113.jpg 150w\" sizes=\"(max-width: 1200px) 100vw, 1200px\"><figcaption class=\"wp-element-caption\">Elen Alves | Foto: Ney Silva\/ Acorda Cidade<\/figcaption><\/figure>\n<p>O evento, que estava marcado para \u00e0s 12h, come\u00e7ou por volta das 15h. Segundo Elen, o atraso se deu pelo calor. Sobre a movimenta\u00e7\u00e3o, ela disse que a quantidade de pessoas foi satisfat\u00f3ria.\u00a0<\/p>\n<p>\u201cO importante \u00e9 ver a fam\u00edlia reunida. \u00c9 isso que a gente quer, que a fam\u00edlia e que as crian\u00e7as saiam de casa e possam se divertir tamb\u00e9m. A gente quer ver todo mundo dan\u00e7ando aqui ao longo da avenida\u201d, destacou Elen.<\/p>\n<h2 class=\"wp-block-heading\" id=\"h-vamos-ter-fe\">\u201cVamos ter f\u00e9\u201d<\/h2>\n<p>A ambulante Concei\u00e7\u00e3o Borges chegou na Avenida Fraga Maia antes das 5h, para arrumar seu carrinho. Ela, que tem costume de trabalhar nesses eventos, vende cerveja, \u00e1gua, refrigerante, doces, cigarros, entre outros. Sobre a expectativa para as vendas, Concei\u00e7\u00e3o chamou aten\u00e7\u00e3o para as outras festas que est\u00e3o acontecendo na cidade.\u00a0<\/p>\n<figure class=\"wp-block-image size-full\"><img decoding=\"async\" width=\"1200\" height=\"900\" src=\"http:\/\/noticiasbahia360.com.br\/wp-content\/uploads\/2026\/04\/Conceicao-Borges-Foto-Ney-Silva-Acorda-Cidade-.jpg\" alt=\"Concei\u00e7\u00e3o Borges\" class=\"wp-image-650158\" srcset=\"http:\/\/noticiasbahia360.com.br\/wp-content\/uploads\/2026\/04\/Conceicao-Borges-Foto-Ney-Silva-Acorda-Cidade-.jpg 1200w, https:\/\/uploads.acordacidade.com.br\/2026\/04\/Conceicao-Borges-Foto-Ney-Silva-Acorda-Cidade--750x563.jpg 750w, https:\/\/uploads.acordacidade.com.br\/2026\/04\/Conceicao-Borges-Foto-Ney-Silva-Acorda-Cidade--1000x750.jpg 1000w, https:\/\/uploads.acordacidade.com.br\/2026\/04\/Conceicao-Borges-Foto-Ney-Silva-Acorda-Cidade--450x338.jpg 450w, https:\/\/uploads.acordacidade.com.br\/2026\/04\/Conceicao-Borges-Foto-Ney-Silva-Acorda-Cidade--150x113.jpg 150w\" sizes=\"(max-width: 1200px) 100vw, 1200px\"><figcaption class=\"wp-element-caption\">Concei\u00e7\u00e3o Borges | Foto: Ney Silva\/ Acorda Cidade<\/figcaption><\/figure>\n<p>\u201cVamos ter f\u00e9. T\u00f4 confiante em Deus, apesar que t\u00e1 rolando v\u00e1rias festas na cidade. A maioria est\u00e1 preferindo outras bandas, alguns v\u00eam para c\u00e1. O movimento est\u00e1 bom sim. Tem uns p\u00e9s de \u00e1rvore, d\u00e1 para pegar uma sombrinha, uma latinha ali, uma latinha aqui e vai levando\u201d.<\/p>\n<figure class=\"wp-block-image size-full\"><img decoding=\"async\" width=\"1200\" height=\"900\" src=\"http:\/\/noticiasbahia360.com.br\/wp-content\/uploads\/2026\/04\/Lavagem-da-Fraga-Maia-reune-feirenses-em-clima-de-Micareta-neste-domingo-Foto-Ney-Silva-Acorda-Cidade-3.jpg\" alt=\"Lavagem da Fraga Maia re\u00fane feirenses em clima de Micareta neste domingo\" class=\"wp-image-650154\" srcset=\"http:\/\/noticiasbahia360.com.br\/wp-content\/uploads\/2026\/04\/Lavagem-da-Fraga-Maia-reune-feirenses-em-clima-de-Micareta-neste-domingo-Foto-Ney-Silva-Acorda-Cidade-3.jpg 1200w, https:\/\/uploads.acordacidade.com.br\/2026\/04\/Lavagem-da-Fraga-Maia-reune-feirenses-em-clima-de-Micareta-neste-domingo-Foto-Ney-Silva-Acorda-Cidade-3-750x563.jpg 750w, https:\/\/uploads.acordacidade.com.br\/2026\/04\/Lavagem-da-Fraga-Maia-reune-feirenses-em-clima-de-Micareta-neste-domingo-Foto-Ney-Silva-Acorda-Cidade-3-1000x750.jpg 1000w, https:\/\/uploads.acordacidade.com.br\/2026\/04\/Lavagem-da-Fraga-Maia-reune-feirenses-em-clima-de-Micareta-neste-domingo-Foto-Ney-Silva-Acorda-Cidade-3-450x338.jpg 450w, https:\/\/uploads.acordacidade.com.br\/2026\/04\/Lavagem-da-Fraga-Maia-reune-feirenses-em-clima-de-Micareta-neste-domingo-Foto-Ney-Silva-Acorda-Cidade-3-150x113.jpg 150w\" sizes=\"(max-width: 1200px) 100vw, 1200px\"><figcaption class=\"wp-element-caption\">Foto: Ney Silva\/ Acorda Cidade <\/figcaption><\/figure>\n<h2 class=\"wp-block-heading\" id=\"h-participacao-da-smt\">Participa\u00e7\u00e3o da SMT<\/h2>\n<p>O superintendente de Tr\u00e2nsito, Ricardo Cunha, tamb\u00e9m esteve no evento, que causou a interdi\u00e7\u00e3o parcial da Fraga Maia. De acordo com ele, est\u00e1 proibido fazer eventos que fechem a via nesta avenida. Por\u00e9m, a Lavagem \u00e9 a \u00fanica liberada pelo prefeito Jos\u00e9 Ronaldo.\u00a0<\/p>\n<blockquote class=\"wp-block-quote is-layout-flow wp-block-quote-is-layout-flow\">\n<p>Est\u00e1 proibido fazer eventos aqui na Fraga Maia, que fechem a via, por conta do transtorno que d\u00e1 o fechamento da Fraga Maia para a popula\u00e7\u00e3o e para as pessoas que precisam passar por aqui. Mas a gente consegue fazer com o m\u00ednimo de transtorno poss\u00edvel. Fazemos uns desvios menos dimensionados e com a aten\u00e7\u00e3o toda da SMT. N\u00f3s temos hoje quatro viaturas a mais do que o normal para o domingo, para que a gente possa dar tranquilidade para que as pessoas que possam estar trafegando pelo local e n\u00e3o sintam tanta interfer\u00eancia de ter uma via t\u00e3o importante para a Feira de Santana interrompida\u201d.\u00a0<\/p>\n<\/blockquote>\n<p>Quanto \u00e0 abertura da via, o superintendente afirmou que o tr\u00e1fego na Avenida Fraga Maia estar\u00e1 liberado a partir das 18h.\u00a0<\/p>\n<figure class=\"wp-block-image size-full\"><img decoding=\"async\" width=\"1200\" height=\"900\" src=\"http:\/\/noticiasbahia360.com.br\/wp-content\/uploads\/2026\/04\/Ricardo-Cunha-Foto-Ney-Silva-Acorda-Cidade-.jpg\" alt=\"Ricardo Cunha\" class=\"wp-image-650157\" srcset=\"http:\/\/noticiasbahia360.com.br\/wp-content\/uploads\/2026\/04\/Ricardo-Cunha-Foto-Ney-Silva-Acorda-Cidade-.jpg 1200w, https:\/\/uploads.acordacidade.com.br\/2026\/04\/Ricardo-Cunha-Foto-Ney-Silva-Acorda-Cidade--750x563.jpg 750w, https:\/\/uploads.acordacidade.com.br\/2026\/04\/Ricardo-Cunha-Foto-Ney-Silva-Acorda-Cidade--1000x750.jpg 1000w, https:\/\/uploads.acordacidade.com.br\/2026\/04\/Ricardo-Cunha-Foto-Ney-Silva-Acorda-Cidade--450x338.jpg 450w, https:\/\/uploads.acordacidade.com.br\/2026\/04\/Ricardo-Cunha-Foto-Ney-Silva-Acorda-Cidade--150x113.jpg 150w\" sizes=\"(max-width: 1200px) 100vw, 1200px\"><figcaption class=\"wp-element-caption\">Ricardo Cunha | Foto: Ney Silva\/ Acorda Cidade<\/figcaption><\/figure>\n<p>\u201cA partir das 17h30 a gente vai chamar a PM para que a gente fa\u00e7a uma opera\u00e7\u00e3o conjunta e sair dialogando com as pessoas que ainda t\u00eam barracas, outro tipo de atrativo, para trazer p\u00fablico para o local que encerra as atividades. E a partir da\u00ed n\u00f3s abriremos as vias \u00e0s 18 horas em ponto\u201d.<\/p>\n<p>Ricardo Cunha tamb\u00e9m destacou a presen\u00e7a da Pol\u00edcia Militar e de outras secretarias, como de Sa\u00fade, Trabalho, Comunica\u00e7\u00e3o e de Cultura, que organizou o evento.<\/p>\n<p><em>Com informa\u00e7\u00f5es do rep\u00f3rter Ney Silva, do Acorda Cidade<\/em><\/p>\n<p><em>Siga o Acorda Cidade no\u00a0<\/em><a href=\"https:\/\/news.google.com\/search?q=acorda%20cidade&amp;hl=pt-BR&amp;gl=BR&amp;ceid=BR%3Apt-419\"><strong><em>Google Not\u00edcias<\/em><\/strong><\/a><em>\u00a0e receba os principais destaques do dia. Participe tamb\u00e9m dos nossos canais no\u00a0<\/em><a href=\"https:\/\/www.whatsapp.com\/channel\/0029Va6Rb4v3WHTNnsh8WI3N\"><strong><em>WhatsApp<\/em><\/strong><\/a><em>\u00a0e\u00a0<\/em><a href=\"https:\/\/www.youtube.com\/@acordacidadenoticias\/videos\"><strong>YouTube<\/strong><\/a><em>\u00a0e grupo de\u00a0<\/em><a href=\"https:\/\/t.me\/+sSz0khrgARA0ZmRh\"><strong><em>Telegram<\/em><\/strong><\/a><em>.<\/em><\/p>\n<\/div>\n","protected":false},"excerpt":{"rendered":"<div>\n<div>\n<figure><img decoding=\"async\" src=\"https:\/\/uploads.acordacidade.com.br\/2026\/04\/Lavagem-da-Fraga-Maia-reune-feirenses-em-clima-de-Micareta-neste-domingo-Foto-Ney-Silva-Acorda-Cidade.jpg\" alt=\"Lavagem da Fraga Maia re\u00fane feirenses em clima de Micareta neste domingo\"><figcaption>Foto: Ney Silva\/ Acorda Cidade <\/figcaption><\/figure>\n<\/div>\n<p>O evento, que estava marcado para \u00e0s 12h, come\u00e7ou por volta das 15h. Segundo a organizadora, o atraso se deu pelo calor.<\/p><\/div>\n","protected":false},"author":1,"featured_media":128429,"comment_status":"closed","ping_status":"closed","sticky":false,"template":"","format":"gallery","meta":{"footnotes":""},"categories":[8,9,6,57,56,10],"tags":[],"class_list":["post-128428","post","type-post","status-publish","format-gallery","has-post-thumbnail","hentry","category-bahia","category-brasil","category-feira-de-santana","category-mundo","category-policia","category-politica","post_format-post-format-gallery"],"featured_image_urls":{"full":["https:\/\/noticiasbahia360.com.br\/wp-content\/uploads\/2026\/04\/Lavagem-da-Fraga-Maia-reune-feirenses-em-clima-de-Micareta-neste-domingo-Foto-Ney-Silva-Acorda-Cidade.jpg",1200,900,false],"thumbnail":["https:\/\/noticiasbahia360.com.br\/wp-content\/uploads\/2026\/04\/Lavagem-da-Fraga-Maia-reune-feirenses-em-clima-de-Micareta-neste-domingo-Foto-Ney-Silva-Acorda-Cidade-150x150.jpg",150,150,true],"medium":["https:\/\/noticiasbahia360.com.br\/wp-content\/uploads\/2026\/04\/Lavagem-da-Fraga-Maia-reune-feirenses-em-clima-de-Micareta-neste-domingo-Foto-Ney-Silva-Acorda-Cidade-300x225.jpg",300,225,true],"medium_large":["https:\/\/noticiasbahia360.com.br\/wp-content\/uploads\/2026\/04\/Lavagem-da-Fraga-Maia-reune-feirenses-em-clima-de-Micareta-neste-domingo-Foto-Ney-Silva-Acorda-Cidade-768x576.jpg",640,480,true],"large":["https:\/\/noticiasbahia360.com.br\/wp-content\/uploads\/2026\/04\/Lavagem-da-Fraga-Maia-reune-feirenses-em-clima-de-Micareta-neste-domingo-Foto-Ney-Silva-Acorda-Cidade-1024x768.jpg",640,480,true],"1536x1536":["https:\/\/noticiasbahia360.com.br\/wp-content\/uploads\/2026\/04\/Lavagem-da-Fraga-Maia-reune-feirenses-em-clima-de-Micareta-neste-domingo-Foto-Ney-Silva-Acorda-Cidade.jpg",1200,900,false],"2048x2048":["https:\/\/noticiasbahia360.com.br\/wp-content\/uploads\/2026\/04\/Lavagem-da-Fraga-Maia-reune-feirenses-em-clima-de-Micareta-neste-domingo-Foto-Ney-Silva-Acorda-Cidade.jpg",1200,900,false],"chromenews-featured":["https:\/\/noticiasbahia360.com.br\/wp-content\/uploads\/2026\/04\/Lavagem-da-Fraga-Maia-reune-feirenses-em-clima-de-Micareta-neste-domingo-Foto-Ney-Silva-Acorda-Cidade-1024x768.jpg",1024,768,true],"chromenews-large":["https:\/\/noticiasbahia360.com.br\/wp-content\/uploads\/2026\/04\/Lavagem-da-Fraga-Maia-reune-feirenses-em-clima-de-Micareta-neste-domingo-Foto-Ney-Silva-Acorda-Cidade-825x575.jpg",825,575,true],"chromenews-medium":["https:\/\/noticiasbahia360.com.br\/wp-content\/uploads\/2026\/04\/Lavagem-da-Fraga-Maia-reune-feirenses-em-clima-de-Micareta-neste-domingo-Foto-Ney-Silva-Acorda-Cidade-590x410.jpg",590,410,true]},"author_info":{"display_name":"noticiasbahia360.com.br","author_link":"https:\/\/noticiasbahia360.com.br\/?author=1"},"category_info":"<a href=\"https:\/\/noticiasbahia360.com.br\/?cat=8\" rel=\"category\">Bahia<\/a> <a href=\"https:\/\/noticiasbahia360.com.br\/?cat=9\" rel=\"category\">Brasil<\/a> <a href=\"https:\/\/noticiasbahia360.com.br\/?cat=6\" rel=\"category\">Feira de Santana<\/a> <a href=\"https:\/\/noticiasbahia360.com.br\/?cat=57\" rel=\"category\">Mundo<\/a> <a href=\"https:\/\/noticiasbahia360.com.br\/?cat=56\" rel=\"category\">Pol\u00edcia<\/a> <a href=\"https:\/\/noticiasbahia360.com.br\/?cat=10\" rel=\"category\">Pol\u00edtica<\/a>","tag_info":"Pol\u00edtica","comment_count":"0","_links":{"self":[{"href":"https:\/\/noticiasbahia360.com.br\/index.php?rest_route=\/wp\/v2\/posts\/128428","targetHints":{"allow":["GET"]}}],"collection":[{"href":"https:\/\/noticiasbahia360.com.br\/index.php?rest_route=\/wp\/v2\/posts"}],"about":[{"href":"https:\/\/noticiasbahia360.com.br\/index.php?rest_route=\/wp\/v2\/types\/post"}],"author":[{"embeddable":true,"href":"https:\/\/noticiasbahia360.com.br\/index.php?rest_route=\/wp\/v2\/users\/1"}],"replies":[{"embeddable":true,"href":"https:\/\/noticiasbahia360.com.br\/index.php?rest_route=%2Fwp%2Fv2%2Fcomments&post=128428"}],"version-history":[{"count":0,"href":"https:\/\/noticiasbahia360.com.br\/index.php?rest_route=\/wp\/v2\/posts\/128428\/revisions"}],"wp:featuredmedia":[{"embeddable":true,"href":"https:\/\/noticiasbahia360.com.br\/index.php?rest_route=\/wp\/v2\/media\/128429"}],"wp:attachment":[{"href":"https:\/\/noticiasbahia360.com.br\/index.php?rest_route=%2Fwp%2Fv2%2Fmedia&parent=128428"}],"wp:term":[{"taxonomy":"category","embeddable":true,"href":"https:\/\/noticiasbahia360.com.br\/index.php?rest_route=%2Fwp%2Fv2%2Fcategories&post=128428"},{"taxonomy":"post_tag","embeddable":true,"href":"https:\/\/noticiasbahia360.com.br\/index.php?rest_route=%2Fwp%2Fv2%2Ftags&post=128428"}],"curies":[{"name":"wp","href":"https:\/\/api.w.org\/{rel}","templated":true}]}} 