{"id":128434,"date":"2026-04-26T18:36:18","date_gmt":"2026-04-26T21:36:18","guid":{"rendered":"https:\/\/noticiasbahia360.com.br\/?p=128434"},"modified":"2026-04-26T18:36:18","modified_gmt":"2026-04-26T21:36:18","slug":"cantora-feirense-participa-de-caldeirao-com-mion","status":"publish","type":"post","link":"https:\/\/noticiasbahia360.com.br\/?p=128434","title":{"rendered":"Cantora feirense participa de Caldeir\u00e3o com Mion"},"content":{"rendered":"<div>\n<div>\n<figure><img decoding=\"async\" src=\"http:\/\/noticiasbahia360.com.br\/wp-content\/uploads\/2026\/04\/Priscila-Lins-Foto-Reproducao-Redes-Sociais.jpg\" alt=\"Cantora feirense Priscila Lins\"><figcaption>Priscila Lins | Foto Reprodu\u00e7\u00e3o Redes Sociais<\/figcaption><\/figure>\n<\/div>\n<p>A edi\u00e7\u00e3o deste s\u00e1bado (25) do Caldeir\u00e3o com Mion contou com a presen\u00e7a da cantora feirense Priscila Lins, de 19 anos. Ela participou do quadro Dupla do Brasil, e \u00e9 uma das artistas que avan\u00e7ou na competi\u00e7\u00e3o. <\/p>\n<p>O quadro tem como objetivo formar uma nova dupla sertaneja de sucesso. Os candidatos se apresentam de forma dentro de cabines, sem revelar o rosto aos jurados. Apenas o p\u00fablico consegue ver quem est\u00e1 cantando.<\/p>\n<p>Ap\u00f3s as etapas individuais, os candidatos que forem aprovados devem encontrar o parceiro ideal, seja primeira ou segunda voz, para seguir na disputa at\u00e9 a grande final. <\/p>\n<p>Confira classifica\u00e7\u00e3o da cantora: <\/p>\n<figure class=\"wp-block-embed is-type-rich is-provider-instagram wp-block-embed-instagram\">\n<div class=\"wp-block-embed__wrapper\"><iframe title=\"Instagram frame\" loading=\"lazy\" height=\"628\" class=\"instagram-embed-iframe\" src=\"https:\/\/www.instagram.com\/reel\/DXkasYLjiWN\/embed\/\" allowtransparency=\"true\" frameborder=\"0\" scrolling=\"no\" onload=\"(function(o){window.instagramIframe = window.instagramIframe || []; window.instagramIframe.push(o);})(this)\" style=\"border: 0px; margin: 0 auto; max-width: 658px; width: calc(100% - 2px); border-radius: 4px; box-shadow: rgba(0, 0, 0, 0.498039) 0px 0px 1px 0px, rgba(0, 0, 0, 0.14902) 0px 1px 10px 0px; display: block; padding: 0px; background: rgb(255, 255, 255);\"><\/iframe><\/div>\n<\/figure>\n<p><em>Siga o Acorda Cidade no\u00a0<\/em><a href=\"https:\/\/news.google.com\/search?q=acorda%20cidade&amp;hl=pt-BR&amp;gl=BR&amp;ceid=BR%3Apt-419\"><strong><em>Google Not\u00edcias<\/em><\/strong><\/a><em>\u00a0e receba os principais destaques do dia. Participe tamb\u00e9m dos nossos canais no\u00a0<\/em><a href=\"https:\/\/www.whatsapp.com\/channel\/0029Va6Rb4v3WHTNnsh8WI3N\"><strong><em>WhatsApp<\/em><\/strong><\/a><em>\u00a0e\u00a0<\/em><a href=\"https:\/\/www.youtube.com\/@acordacidadenoticias\/videos\"><strong>YouTube<\/strong><\/a><em>\u00a0e grupo de\u00a0<\/em><a href=\"https:\/\/t.me\/+sSz0khrgARA0ZmRh\"><strong><em>Telegram<\/em><\/strong><\/a><em>.<\/em><\/p>\n<\/div>\n","protected":false},"excerpt":{"rendered":"<div>\n<div>\n<figure><img decoding=\"async\" src=\"https:\/\/uploads.acordacidade.com.br\/2026\/04\/Priscila-Lins-Foto-Reproducao-Redes-Sociais.jpg\" alt=\"Cantora feirense Priscila Lins\"><figcaption>Priscila Lins | Foto Reprodu\u00e7\u00e3o Redes Sociais<\/figcaption><\/figure>\n<\/div>\n<p>Priscila Lins, de 19 anos, participou do quadro Dupla do Brasil, e \u00e9 uma das artistas que avan\u00e7ou na competi\u00e7\u00e3o.<\/p><\/div>\n","protected":false},"author":1,"featured_media":128435,"comment_status":"closed","ping_status":"closed","sticky":false,"template":"","format":"gallery","meta":{"footnotes":""},"categories":[8,9,6,57,56,10],"tags":[],"class_list":["post-128434","post","type-post","status-publish","format-gallery","has-post-thumbnail","hentry","category-bahia","category-brasil","category-feira-de-santana","category-mundo","category-policia","category-politica","post_format-post-format-gallery"],"featured_image_urls":{"full":["https:\/\/noticiasbahia360.com.br\/wp-content\/uploads\/2026\/04\/Priscila-Lins-Foto-Reproducao-Redes-Sociais.jpg",1200,903,false],"thumbnail":["https:\/\/noticiasbahia360.com.br\/wp-content\/uploads\/2026\/04\/Priscila-Lins-Foto-Reproducao-Redes-Sociais-150x150.jpg",150,150,true],"medium":["https:\/\/noticiasbahia360.com.br\/wp-content\/uploads\/2026\/04\/Priscila-Lins-Foto-Reproducao-Redes-Sociais-300x226.jpg",300,226,true],"medium_large":["https:\/\/noticiasbahia360.com.br\/wp-content\/uploads\/2026\/04\/Priscila-Lins-Foto-Reproducao-Redes-Sociais-768x578.jpg",640,482,true],"large":["https:\/\/noticiasbahia360.com.br\/wp-content\/uploads\/2026\/04\/Priscila-Lins-Foto-Reproducao-Redes-Sociais-1024x771.jpg",640,482,true],"1536x1536":["https:\/\/noticiasbahia360.com.br\/wp-content\/uploads\/2026\/04\/Priscila-Lins-Foto-Reproducao-Redes-Sociais.jpg",1200,903,false],"2048x2048":["https:\/\/noticiasbahia360.com.br\/wp-content\/uploads\/2026\/04\/Priscila-Lins-Foto-Reproducao-Redes-Sociais.jpg",1200,903,false],"chromenews-featured":["https:\/\/noticiasbahia360.com.br\/wp-content\/uploads\/2026\/04\/Priscila-Lins-Foto-Reproducao-Redes-Sociais-1024x771.jpg",1024,771,true],"chromenews-large":["https:\/\/noticiasbahia360.com.br\/wp-content\/uploads\/2026\/04\/Priscila-Lins-Foto-Reproducao-Redes-Sociais-825x575.jpg",825,575,true],"chromenews-medium":["https:\/\/noticiasbahia360.com.br\/wp-content\/uploads\/2026\/04\/Priscila-Lins-Foto-Reproducao-Redes-Sociais-590x410.jpg",590,410,true]},"author_info":{"display_name":"noticiasbahia360.com.br","author_link":"https:\/\/noticiasbahia360.com.br\/?author=1"},"category_info":"<a href=\"https:\/\/noticiasbahia360.com.br\/?cat=8\" rel=\"category\">Bahia<\/a> <a href=\"https:\/\/noticiasbahia360.com.br\/?cat=9\" rel=\"category\">Brasil<\/a> <a href=\"https:\/\/noticiasbahia360.com.br\/?cat=6\" rel=\"category\">Feira de Santana<\/a> <a href=\"https:\/\/noticiasbahia360.com.br\/?cat=57\" rel=\"category\">Mundo<\/a> <a href=\"https:\/\/noticiasbahia360.com.br\/?cat=56\" rel=\"category\">Pol\u00edcia<\/a> <a href=\"https:\/\/noticiasbahia360.com.br\/?cat=10\" rel=\"category\">Pol\u00edtica<\/a>","tag_info":"Pol\u00edtica","comment_count":"0","_links":{"self":[{"href":"https:\/\/noticiasbahia360.com.br\/index.php?rest_route=\/wp\/v2\/posts\/128434","targetHints":{"allow":["GET"]}}],"collection":[{"href":"https:\/\/noticiasbahia360.com.br\/index.php?rest_route=\/wp\/v2\/posts"}],"about":[{"href":"https:\/\/noticiasbahia360.com.br\/index.php?rest_route=\/wp\/v2\/types\/post"}],"author":[{"embeddable":true,"href":"https:\/\/noticiasbahia360.com.br\/index.php?rest_route=\/wp\/v2\/users\/1"}],"replies":[{"embeddable":true,"href":"https:\/\/noticiasbahia360.com.br\/index.php?rest_route=%2Fwp%2Fv2%2Fcomments&post=128434"}],"version-history":[{"count":0,"href":"https:\/\/noticiasbahia360.com.br\/index.php?rest_route=\/wp\/v2\/posts\/128434\/revisions"}],"wp:featuredmedia":[{"embeddable":true,"href":"https:\/\/noticiasbahia360.com.br\/index.php?rest_route=\/wp\/v2\/media\/128435"}],"wp:attachment":[{"href":"https:\/\/noticiasbahia360.com.br\/index.php?rest_route=%2Fwp%2Fv2%2Fmedia&parent=128434"}],"wp:term":[{"taxonomy":"category","embeddable":true,"href":"https:\/\/noticiasbahia360.com.br\/index.php?rest_route=%2Fwp%2Fv2%2Fcategories&post=128434"},{"taxonomy":"post_tag","embeddable":true,"href":"https:\/\/noticiasbahia360.com.br\/index.php?rest_route=%2Fwp%2Fv2%2Ftags&post=128434"}],"curies":[{"name":"wp","href":"https:\/\/api.w.org\/{rel}","templated":true}]}} 