{"id":128436,"date":"2026-04-26T18:46:22","date_gmt":"2026-04-26T21:46:22","guid":{"rendered":"https:\/\/noticiasbahia360.com.br\/?p=128436"},"modified":"2026-04-26T18:46:22","modified_gmt":"2026-04-26T21:46:22","slug":"cantor-anderson-neiff-e-baleado-apos-show-em-sao-paulo","status":"publish","type":"post","link":"https:\/\/noticiasbahia360.com.br\/?p=128436","title":{"rendered":"Cantor Anderson Neiff \u00e9 baleado ap\u00f3s show em S\u00e3o Paulo"},"content":{"rendered":"<div>\n<div>\n<figure><img decoding=\"async\" src=\"http:\/\/noticiasbahia360.com.br\/wp-content\/uploads\/2026\/04\/Anderson-Neiff-Foto-Reproducao-Redes-Sociais.jpg\" alt=\"Anderson Neiff\"><figcaption>Anderson Neiff | Foto: Reprodu\u00e7\u00e3o\/ Redes Sociais<\/figcaption><\/figure>\n<\/div>\n<p>O influenciador digital e cantor de brega funk Anderson Neiff, foi baleado na manh\u00e3 deste domingo (26), ap\u00f3s um ataque a tiros no T\u00fanel Max Feffer, na Zona Sul de S\u00e3o Paulo.<\/p>\n<p>De acordo com as primeiras informa\u00e7\u00f5es obtidas pelo g1 S\u00e3o Paulo, o ataque aconteceu por volta das\u00a06h30, quando a van que transportava integrantes da banda foi alvo de diversos disparos.<\/p>\n<p>O crime teria sido praticado por tr\u00eas homens em uma motocicleta, que se aproximaram da van e atiraram contra o grupo enquanto a banda seguia em dire\u00e7\u00e3o a um hotel ap\u00f3s o show.<\/p>\n<p>Neiff foi atingido e socorrido ao Hospital S\u00edrio-Liban\u00eas, na regi\u00e3o central da capital. Ainda n\u00e3o h\u00e1 novas informa\u00e7\u00f5es sobre o estado de sa\u00fade do artista. De acordo com o empres\u00e1rio do cantor, ele foi submetido a uma cirurgia.<\/p>\n<p>O caso foi registrado no 14\u00ba Distrito Policial e est\u00e1 sendo investigado pela Pol\u00edcia Civil. Os criminosos fugiram.<\/p>\n<p><em>Fonte: <a href=\"https:\/\/www.bahianoticias.com.br\/holofote\/noticia\/84126-anderson-neiff-e-baleado-apos-show-em-sao-paulo-e-passa-por-cirurgia-precisamos-de-todas-as-oracoes\" type=\"link\" id=\"https:\/\/www.bahianoticias.com.br\/holofote\/noticia\/84126-anderson-neiff-e-baleado-apos-show-em-sao-paulo-e-passa-por-cirurgia-precisamos-de-todas-as-oracoes\" target=\"_blank\" rel=\"noreferrer noopener\">Bahia Not\u00edcias<\/a>, parceiro do Acorda Cidade<\/em><\/p>\n<p><em>Siga o Acorda Cidade no\u00a0<\/em><a href=\"https:\/\/news.google.com\/search?q=acorda%20cidade&amp;hl=pt-BR&amp;gl=BR&amp;ceid=BR%3Apt-419\"><strong><em>Google Not\u00edcias<\/em><\/strong><\/a><em>\u00a0e receba os principais destaques do dia. Participe tamb\u00e9m dos nossos canais no\u00a0<\/em><a href=\"https:\/\/www.whatsapp.com\/channel\/0029Va6Rb4v3WHTNnsh8WI3N\"><strong><em>WhatsApp<\/em><\/strong><\/a><em>\u00a0e\u00a0<\/em><a href=\"https:\/\/www.youtube.com\/@acordacidadenoticias\/videos\"><strong>YouTube<\/strong><\/a><em>\u00a0e grupo de\u00a0<\/em><a href=\"https:\/\/t.me\/+sSz0khrgARA0ZmRh\"><strong><em>Telegram<\/em><\/strong><\/a><em>.<\/em><\/p>\n<\/div>\n","protected":false},"excerpt":{"rendered":"<div>\n<div>\n<figure><img decoding=\"async\" src=\"https:\/\/uploads.acordacidade.com.br\/2026\/04\/Anderson-Neiff-Foto-Reproducao-Redes-Sociais.jpg\" alt=\"Anderson Neiff\"><figcaption>Anderson Neiff | Foto: Reprodu\u00e7\u00e3o\/ Redes Sociais<\/figcaption><\/figure>\n<\/div>\n<p>Crime teria sido praticado por tr\u00eas homens em uma motocicleta, que se aproximaram da van e atiraram contra o grupo.<\/p><\/div>\n","protected":false},"author":1,"featured_media":128437,"comment_status":"closed","ping_status":"closed","sticky":false,"template":"","format":"gallery","meta":{"footnotes":""},"categories":[8,9,6,57,56,10],"tags":[],"class_list":["post-128436","post","type-post","status-publish","format-gallery","has-post-thumbnail","hentry","category-bahia","category-brasil","category-feira-de-santana","category-mundo","category-policia","category-politica","post_format-post-format-gallery"],"featured_image_urls":{"full":["https:\/\/noticiasbahia360.com.br\/wp-content\/uploads\/2026\/04\/Anderson-Neiff-Foto-Reproducao-Redes-Sociais.jpg",1200,1013,false],"thumbnail":["https:\/\/noticiasbahia360.com.br\/wp-content\/uploads\/2026\/04\/Anderson-Neiff-Foto-Reproducao-Redes-Sociais-150x150.jpg",150,150,true],"medium":["https:\/\/noticiasbahia360.com.br\/wp-content\/uploads\/2026\/04\/Anderson-Neiff-Foto-Reproducao-Redes-Sociais-300x253.jpg",300,253,true],"medium_large":["https:\/\/noticiasbahia360.com.br\/wp-content\/uploads\/2026\/04\/Anderson-Neiff-Foto-Reproducao-Redes-Sociais-768x648.jpg",640,540,true],"large":["https:\/\/noticiasbahia360.com.br\/wp-content\/uploads\/2026\/04\/Anderson-Neiff-Foto-Reproducao-Redes-Sociais-1024x864.jpg",640,540,true],"1536x1536":["https:\/\/noticiasbahia360.com.br\/wp-content\/uploads\/2026\/04\/Anderson-Neiff-Foto-Reproducao-Redes-Sociais.jpg",1200,1013,false],"2048x2048":["https:\/\/noticiasbahia360.com.br\/wp-content\/uploads\/2026\/04\/Anderson-Neiff-Foto-Reproducao-Redes-Sociais.jpg",1200,1013,false],"chromenews-featured":["https:\/\/noticiasbahia360.com.br\/wp-content\/uploads\/2026\/04\/Anderson-Neiff-Foto-Reproducao-Redes-Sociais-1024x864.jpg",1024,864,true],"chromenews-large":["https:\/\/noticiasbahia360.com.br\/wp-content\/uploads\/2026\/04\/Anderson-Neiff-Foto-Reproducao-Redes-Sociais-825x575.jpg",825,575,true],"chromenews-medium":["https:\/\/noticiasbahia360.com.br\/wp-content\/uploads\/2026\/04\/Anderson-Neiff-Foto-Reproducao-Redes-Sociais-590x410.jpg",590,410,true]},"author_info":{"display_name":"noticiasbahia360.com.br","author_link":"https:\/\/noticiasbahia360.com.br\/?author=1"},"category_info":"<a href=\"https:\/\/noticiasbahia360.com.br\/?cat=8\" rel=\"category\">Bahia<\/a> <a href=\"https:\/\/noticiasbahia360.com.br\/?cat=9\" rel=\"category\">Brasil<\/a> <a href=\"https:\/\/noticiasbahia360.com.br\/?cat=6\" rel=\"category\">Feira de Santana<\/a> <a href=\"https:\/\/noticiasbahia360.com.br\/?cat=57\" rel=\"category\">Mundo<\/a> <a href=\"https:\/\/noticiasbahia360.com.br\/?cat=56\" rel=\"category\">Pol\u00edcia<\/a> <a href=\"https:\/\/noticiasbahia360.com.br\/?cat=10\" rel=\"category\">Pol\u00edtica<\/a>","tag_info":"Pol\u00edtica","comment_count":"0","_links":{"self":[{"href":"https:\/\/noticiasbahia360.com.br\/index.php?rest_route=\/wp\/v2\/posts\/128436","targetHints":{"allow":["GET"]}}],"collection":[{"href":"https:\/\/noticiasbahia360.com.br\/index.php?rest_route=\/wp\/v2\/posts"}],"about":[{"href":"https:\/\/noticiasbahia360.com.br\/index.php?rest_route=\/wp\/v2\/types\/post"}],"author":[{"embeddable":true,"href":"https:\/\/noticiasbahia360.com.br\/index.php?rest_route=\/wp\/v2\/users\/1"}],"replies":[{"embeddable":true,"href":"https:\/\/noticiasbahia360.com.br\/index.php?rest_route=%2Fwp%2Fv2%2Fcomments&post=128436"}],"version-history":[{"count":0,"href":"https:\/\/noticiasbahia360.com.br\/index.php?rest_route=\/wp\/v2\/posts\/128436\/revisions"}],"wp:featuredmedia":[{"embeddable":true,"href":"https:\/\/noticiasbahia360.com.br\/index.php?rest_route=\/wp\/v2\/media\/128437"}],"wp:attachment":[{"href":"https:\/\/noticiasbahia360.com.br\/index.php?rest_route=%2Fwp%2Fv2%2Fmedia&parent=128436"}],"wp:term":[{"taxonomy":"category","embeddable":true,"href":"https:\/\/noticiasbahia360.com.br\/index.php?rest_route=%2Fwp%2Fv2%2Fcategories&post=128436"},{"taxonomy":"post_tag","embeddable":true,"href":"https:\/\/noticiasbahia360.com.br\/index.php?rest_route=%2Fwp%2Fv2%2Ftags&post=128436"}],"curies":[{"name":"wp","href":"https:\/\/api.w.org\/{rel}","templated":true}]}}