{"id":128440,"date":"2026-04-26T20:21:16","date_gmt":"2026-04-26T23:21:16","guid":{"rendered":"https:\/\/noticiasbahia360.com.br\/?p=128440"},"modified":"2026-04-26T20:21:16","modified_gmt":"2026-04-26T23:21:16","slug":"micareta-da-lagoa-evento-atrai-centenas-de-pessoas-na-lagoa-grande","status":"publish","type":"post","link":"https:\/\/noticiasbahia360.com.br\/?p=128440","title":{"rendered":"Micareta da Lagoa: evento atrai centenas de pessoas na Lagoa Grande"},"content":{"rendered":"<div>\n<div>\n<figure><img decoding=\"async\" src=\"http:\/\/noticiasbahia360.com.br\/wp-content\/uploads\/2026\/04\/Micareta-da-Lagoa-atrai-centenas-de-pessoas-na-Lagoa-Grande-Foto-Ney-Silva-Acorda-Cidade-1.jpg\" alt=\"Micareta da Lagoa atrai centenas de pessoas na Lagoa Grande\"><figcaption>Foto: Ney Silva\/ Acorda Cidade <\/figcaption><\/figure>\n<\/div>\n<p>Neste domingo (26), Feira de Santana recebeu a primeira edi\u00e7\u00e3o da Micareta da Lagoa, realizada no Parque Lagoa Grande. O evento contou com apresenta\u00e7\u00f5es de Jau, Duas Medidas, Afropop, Paula Sanfer, Quintal da Tia Carla e J\u00f4 Chagas, al\u00e9m de participa\u00e7\u00e3o especial de Roberto Kuelho. A Micareta da Lagoa foi organizada pela Secretaria de Turismo do Estado da Bahia (Setur), com emenda do deputado federal Z\u00e9 Neto (PT).\u00a0<\/p>\n<p>Em entrevista ao Acorda Cidade, Murilo Ramon, que faz parte da equipe de organiza\u00e7\u00e3o, falou sobre a expectativa de p\u00fablico para o evento. Segundo ele, o Parque da Lagoa Grande, que antes estava abandonado, hoje \u00e9 um local de cultura e lazer.\u00a0<\/p>\n<p>\u201cA expectativa de um p\u00fablico bonito e bacana, porque na Lagoa tem cultura. Aqui que outrora era um espa\u00e7o abandonado, hoje consegue trazer para cultura, lazer, renda, trazer toda uma estrutura para o p\u00fablico\u201d.\u00a0<\/p>\n<p>Murilo tamb\u00e9m destacou as atra\u00e7\u00f5es, principalmente as que s\u00e3o naturais de Feira de Santana, como Paula Sanffer, que foi anfitri\u00e3, Roberto Kuelho, J\u00f4 Chagas e Quintal da Tia Carla.<\/p>\n<p>\u201cN\u00f3s come\u00e7amos com o J\u00f4 Chagas, logo em seguida veio o Afropop, que \u00e9 banda daqui de Feira de Santana. Daqui a pouco tem o Quintal da Tia Carla, tem o som do Jau, fechando tem Duas Medidas, tamb\u00e9m tem a participa\u00e7\u00e3o do nosso querido Roberto Coelho e Paula Sanffer, que \u00e9 a nossa anfitri\u00e3, nossa Paulinha de Feira de Santana\u201d.<\/p>\n<h2 class=\"wp-block-heading\" id=\"h-opcoes-de-lazer\">Op\u00e7\u00f5es de lazer<\/h2>\n<p>Al\u00e9m da parte musical, Murilo chamou aten\u00e7\u00e3o para a diversidade de lazer na Micareta da Lagoa, como os parques infantis gratuitos. E tamb\u00e9m salientou o movimento na economia, especialmente para os ambulantes.\u00a0<\/p>\n<p>\u201c\u00c9 um espa\u00e7o que foi pensado para toda a fam\u00edlia. Os comerciantes que est\u00e3o aqui n\u00e3o pagaram absolutamente nada. Est\u00e3o comercializando. Tem m\u00fasica para todos os gostos, tem tudo\u201d.<\/p>\n<p><em>Com informa\u00e7\u00f5es do rep\u00f3rter Ney Silva, do Acorda Cidade<\/em><\/p>\n<p><em>Siga o Acorda Cidade no\u00a0<\/em><a href=\"https:\/\/news.google.com\/search?q=acorda%20cidade&amp;hl=pt-BR&amp;gl=BR&amp;ceid=BR%3Apt-419\"><strong><em>Google Not\u00edcias<\/em><\/strong><\/a><em>\u00a0e receba os principais destaques do dia. Participe tamb\u00e9m dos nossos canais no\u00a0<\/em><a href=\"https:\/\/www.whatsapp.com\/channel\/0029Va6Rb4v3WHTNnsh8WI3N\"><strong><em>WhatsApp<\/em><\/strong><\/a><em>\u00a0e\u00a0<\/em><a href=\"https:\/\/www.youtube.com\/@acordacidadenoticias\/videos\"><strong>YouTube<\/strong><\/a><em>\u00a0e grupo de\u00a0<\/em><a href=\"https:\/\/t.me\/+sSz0khrgARA0ZmRh\"><strong><em>Telegram<\/em><\/strong><\/a><em>.<\/em><\/p>\n<\/div>\n","protected":false},"excerpt":{"rendered":"<div>\n<div>\n<figure><img decoding=\"async\" src=\"https:\/\/uploads.acordacidade.com.br\/2026\/04\/Micareta-da-Lagoa-atrai-centenas-de-pessoas-na-Lagoa-Grande-Foto-Ney-Silva-Acorda-Cidade.jpg\" alt=\"Micareta da Lagoa atrai centenas de pessoas na Lagoa Grande\"><figcaption>Foto: Ney Silva\/ Acorda Cidade <\/figcaption><\/figure>\n<\/div>\n<p>Evento contou com apresenta\u00e7\u00f5es de Jau, Duas Medidas, Afropop, Paula Sanfer, Quintal da Tia Carla, J\u00f4 Chagas e Roberto Kuelho.<\/p><\/div>\n","protected":false},"author":1,"featured_media":128441,"comment_status":"closed","ping_status":"closed","sticky":false,"template":"","format":"gallery","meta":{"footnotes":""},"categories":[8,9,6,57,56,10],"tags":[],"class_list":["post-128440","post","type-post","status-publish","format-gallery","has-post-thumbnail","hentry","category-bahia","category-brasil","category-feira-de-santana","category-mundo","category-policia","category-politica","post_format-post-format-gallery"],"featured_image_urls":{"full":["https:\/\/noticiasbahia360.com.br\/wp-content\/uploads\/2026\/04\/Micareta-da-Lagoa-atrai-centenas-de-pessoas-na-Lagoa-Grande-Foto-Ney-Silva-Acorda-Cidade-1.jpg",1200,900,false],"thumbnail":["https:\/\/noticiasbahia360.com.br\/wp-content\/uploads\/2026\/04\/Micareta-da-Lagoa-atrai-centenas-de-pessoas-na-Lagoa-Grande-Foto-Ney-Silva-Acorda-Cidade-1-150x150.jpg",150,150,true],"medium":["https:\/\/noticiasbahia360.com.br\/wp-content\/uploads\/2026\/04\/Micareta-da-Lagoa-atrai-centenas-de-pessoas-na-Lagoa-Grande-Foto-Ney-Silva-Acorda-Cidade-1-300x225.jpg",300,225,true],"medium_large":["https:\/\/noticiasbahia360.com.br\/wp-content\/uploads\/2026\/04\/Micareta-da-Lagoa-atrai-centenas-de-pessoas-na-Lagoa-Grande-Foto-Ney-Silva-Acorda-Cidade-1-768x576.jpg",640,480,true],"large":["https:\/\/noticiasbahia360.com.br\/wp-content\/uploads\/2026\/04\/Micareta-da-Lagoa-atrai-centenas-de-pessoas-na-Lagoa-Grande-Foto-Ney-Silva-Acorda-Cidade-1-1024x768.jpg",640,480,true],"1536x1536":["https:\/\/noticiasbahia360.com.br\/wp-content\/uploads\/2026\/04\/Micareta-da-Lagoa-atrai-centenas-de-pessoas-na-Lagoa-Grande-Foto-Ney-Silva-Acorda-Cidade-1.jpg",1200,900,false],"2048x2048":["https:\/\/noticiasbahia360.com.br\/wp-content\/uploads\/2026\/04\/Micareta-da-Lagoa-atrai-centenas-de-pessoas-na-Lagoa-Grande-Foto-Ney-Silva-Acorda-Cidade-1.jpg",1200,900,false],"chromenews-featured":["https:\/\/noticiasbahia360.com.br\/wp-content\/uploads\/2026\/04\/Micareta-da-Lagoa-atrai-centenas-de-pessoas-na-Lagoa-Grande-Foto-Ney-Silva-Acorda-Cidade-1-1024x768.jpg",1024,768,true],"chromenews-large":["https:\/\/noticiasbahia360.com.br\/wp-content\/uploads\/2026\/04\/Micareta-da-Lagoa-atrai-centenas-de-pessoas-na-Lagoa-Grande-Foto-Ney-Silva-Acorda-Cidade-1-825x575.jpg",825,575,true],"chromenews-medium":["https:\/\/noticiasbahia360.com.br\/wp-content\/uploads\/2026\/04\/Micareta-da-Lagoa-atrai-centenas-de-pessoas-na-Lagoa-Grande-Foto-Ney-Silva-Acorda-Cidade-1-590x410.jpg",590,410,true]},"author_info":{"display_name":"noticiasbahia360.com.br","author_link":"https:\/\/noticiasbahia360.com.br\/?author=1"},"category_info":"<a href=\"https:\/\/noticiasbahia360.com.br\/?cat=8\" rel=\"category\">Bahia<\/a> <a href=\"https:\/\/noticiasbahia360.com.br\/?cat=9\" rel=\"category\">Brasil<\/a> <a href=\"https:\/\/noticiasbahia360.com.br\/?cat=6\" rel=\"category\">Feira de Santana<\/a> <a href=\"https:\/\/noticiasbahia360.com.br\/?cat=57\" rel=\"category\">Mundo<\/a> <a href=\"https:\/\/noticiasbahia360.com.br\/?cat=56\" rel=\"category\">Pol\u00edcia<\/a> <a href=\"https:\/\/noticiasbahia360.com.br\/?cat=10\" rel=\"category\">Pol\u00edtica<\/a>","tag_info":"Pol\u00edtica","comment_count":"0","_links":{"self":[{"href":"https:\/\/noticiasbahia360.com.br\/index.php?rest_route=\/wp\/v2\/posts\/128440","targetHints":{"allow":["GET"]}}],"collection":[{"href":"https:\/\/noticiasbahia360.com.br\/index.php?rest_route=\/wp\/v2\/posts"}],"about":[{"href":"https:\/\/noticiasbahia360.com.br\/index.php?rest_route=\/wp\/v2\/types\/post"}],"author":[{"embeddable":true,"href":"https:\/\/noticiasbahia360.com.br\/index.php?rest_route=\/wp\/v2\/users\/1"}],"replies":[{"embeddable":true,"href":"https:\/\/noticiasbahia360.com.br\/index.php?rest_route=%2Fwp%2Fv2%2Fcomments&post=128440"}],"version-history":[{"count":0,"href":"https:\/\/noticiasbahia360.com.br\/index.php?rest_route=\/wp\/v2\/posts\/128440\/revisions"}],"wp:featuredmedia":[{"embeddable":true,"href":"https:\/\/noticiasbahia360.com.br\/index.php?rest_route=\/wp\/v2\/media\/128441"}],"wp:attachment":[{"href":"https:\/\/noticiasbahia360.com.br\/index.php?rest_route=%2Fwp%2Fv2%2Fmedia&parent=128440"}],"wp:term":[{"taxonomy":"category","embeddable":true,"href":"https:\/\/noticiasbahia360.com.br\/index.php?rest_route=%2Fwp%2Fv2%2Fcategories&post=128440"},{"taxonomy":"post_tag","embeddable":true,"href":"https:\/\/noticiasbahia360.com.br\/index.php?rest_route=%2Fwp%2Fv2%2Ftags&post=128440"}],"curies":[{"name":"wp","href":"https:\/\/api.w.org\/{rel}","templated":true}]}}