{"id":128445,"date":"2026-04-26T20:46:47","date_gmt":"2026-04-26T23:46:47","guid":{"rendered":"https:\/\/noticiasbahia360.com.br\/?p=128445"},"modified":"2026-04-26T20:46:47","modified_gmt":"2026-04-26T23:46:47","slug":"do-top-10-ao-best-seller-como-adaptacoes-da-netflix-viram-sucesso-nas-livrarias","status":"publish","type":"post","link":"https:\/\/noticiasbahia360.com.br\/?p=128445","title":{"rendered":"Do Top 10 ao best-seller: como adapta\u00e7\u00f5es da Netflix viram sucesso nas livrarias"},"content":{"rendered":"<div>\n<div>\n<figure><img decoding=\"async\" src=\"http:\/\/noticiasbahia360.com.br\/wp-content\/uploads\/2026\/04\/A-minisserie-Pssica-baseada-no-romance-de-Edyr-Augusto-e-ambientada-no-Norte-do-Brasil-Foto-Divulgacao-Netflix.jpg\" alt=\"A miniss\u00e9rie Pssica, baseada no romance de Edyr Augusto e ambientada no Norte do Brasil\"><figcaption>Foto: Divulga\u00e7\u00e3o\/ Netflix<\/figcaption><\/figure>\n<\/div>\n<p>Hoje, os livros s\u00e3o consumidos de diversas formas. Se voc\u00ea passou os primeiros tr\u00eas meses de 2026 assistindo a s\u00e9ries ou filmes da Netflix, \u00e9 bem prov\u00e1vel que tenha acompanhado hist\u00f3rias que surgiram nas p\u00e1ginas de um livro.<\/p>\n<p>Nas primeiras 13 semanas deste ano, adapta\u00e7\u00f5es de livros, tanto novas quanto de t\u00edtulos j\u00e1 conhecidos, apareceram todas as semanas nas listas do Top 10 global. Do romance de \u00e9poca de\u00a0<em>Bridgerton\u00a0<\/em>a thrillers psicol\u00f3gicos como\u00a0<em>Dele &amp; Dela,<\/em>\u00a0o impacto de uma s\u00e9rie ou filme da Netflix agora vai al\u00e9m das visualiza\u00e7\u00f5es: ele se traduz diretamente em vendas e audi\u00e7\u00f5es.<\/p>\n<p>Em 2025, as produ\u00e7\u00f5es baseadas em livros acumularam mais de 9 bilh\u00f5es de visualiza\u00e7\u00f5es no mundo todo, representando quase 20% do total de horas assistidas no servi\u00e7o . S\u00f3 neste ano, adapta\u00e7\u00f5es de 14 pa\u00edses diferentes , dos policiais noruegueses aos dramas turcos e romances coreanos, refor\u00e7am esse movimento e se consolidam como sucessos globais que transcendem idiomas e formatos.<\/p>\n<p>No Brasil, esse movimento tamb\u00e9m vem ganhando for\u00e7a, s\u00e9ries como\u00a0<em>Bom Dia, Ver\u00f4nica<\/em>, um dos thrillers brasileiros de maior repercuss\u00e3o da Netflix, e\u00a0<em>De Volta aos 15,\u00a0<\/em>que conquistaram forte engajamento entre o p\u00fablico jovem, mostram como as adapta\u00e7\u00f5es podem influenciar o interesse pelos livros que inspiram. Ao mesmo tempo, t\u00edtulos como\u00a0<em>Pssica,<\/em>\u00a0baseado no romance de Edyr Augusto, e\u00a0<em>O Filho de Mil Homens<\/em>, adapta\u00e7\u00e3o da obra de Valter Hugo M\u00e3e, refor\u00e7am a diversidade dessas narrativas e sua capacidade de transitar entre formatos. E h\u00e1 mais ainda por vir:\u00a0<em>O Di\u00e1rio de um Mago,\u00a0<\/em>adapta\u00e7\u00e3o do best-seller de Paulo Coelho, um dos autores brasileiros mais lidos no mundo, j\u00e1 iniciou a grava\u00e7\u00e3o e \u00e9 mais uma produ\u00e7\u00e3o original da Netflix que promete ser um sucesso.<\/p>\n<div id=\"gallery_69eea3e2dfc9b\" class=\"seox-gallery-block template-gallery-slide my-5\" data-aspect-ratio=\"16\/9\" data-fit=\"cover\" style=\"--custom-aspect-height: auto;\">\n<div class=\"grid seox-gallery-swiper user-select-none overflow-hidden position-relative\" style=\"background: #F5F5F5\" data-swiper='{\n\t\"slidesPerView\": 1,\n\t\"spaceBetween\": 4,\n\t\"navigation\": { \"nextEl\": \"#gallery_69eea3e2dfc9b .section-control-right\", \"prevEl\": \"#gallery_69eea3e2dfc9b .section-control-left\" },\n\t\"pagination\": { \"el\": \"#gallery_69eea3e2dfc9b .swiper-pagination\", \"type\": \"fraction\" }\n\t}'><\/p>\n<div class=\"g-col-12 d-flex swiper-wrapper\">\n<div class=\"swiper-slide\">\n\t\t\t\t\t<a data-fancybox=\"gallery_69eea3e2dfc9b\" data-caption=\"Foto: Divulga\u00e7\u00e3o\/ Netflix\" class=\"d-flex w-100 h-auto no-styled position-relative seox-gallery-item gallery-image-650186\" href=\"https:\/\/uploads.acordacidade.com.br\/2026\/04\/Adaptacao-de-O-Filho-de-Mil-Homens-de-Valter-Hugo-Mae-Foto-Divulgacao-Netflix.jpg\"><\/p>\n<figure class=\"wp-caption alignnone img-fluid\"><img fetchpriority=\"high\" fetchpriority=\"high\" decoding=\"async\" width=\"1098\" height=\"720\" src=\"http:\/\/noticiasbahia360.com.br\/wp-content\/uploads\/2026\/04\/Adaptacao-de-O-Filho-de-Mil-Homens-de-Valter-Hugo-Mae-Foto-Divulgacao-Netflix-1000x656-1.jpg\" class=\"w-100 h-auto fit-cover\" alt=\"Adapta\u00e7\u00e3o de 'O Filho de Mil Homens', de Valter Hugo M\u00e3e Foto Divulga\u00e7\u00e3o Netflix\" title=\"Adapta\u00e7\u00e3o de 'O Filho de Mil Homens', de Valter Hugo M\u00e3e Foto Divulga\u00e7\u00e3o Netflix\" srcset=\"http:\/\/noticiasbahia360.com.br\/wp-content\/uploads\/2026\/04\/Adaptacao-de-O-Filho-de-Mil-Homens-de-Valter-Hugo-Mae-Foto-Divulgacao-Netflix-1000x656-1.jpg 1200w\" sizes=\"100vw\"><figcaption class=\"wp-caption-text\">Foto: Divulga\u00e7\u00e3o\/ Netflix<\/figcaption><\/figure>\n<p>\t\t\t\t\t<\/a>\n\t\t\t\t<\/div>\n<div class=\"swiper-slide\">\n\t\t\t\t\t<a data-fancybox=\"gallery_69eea3e2dfc9b\" data-caption=\"Foto: Divulga\u00e7\u00e3o\/ Netflix\" class=\"d-flex w-100 h-auto no-styled position-relative seox-gallery-item gallery-image-650185\" href=\"https:\/\/uploads.acordacidade.com.br\/2026\/04\/Adaptacao-de-O-Diario-de-um-Mago-de-Paulo-Coelho-Foto-Divulgacao-Netflix.jpg\"><\/p>\n<figure class=\"wp-caption alignnone img-fluid\"><img decoding=\"async\" width=\"1111\" height=\"720\" src=\"http:\/\/noticiasbahia360.com.br\/wp-content\/uploads\/2026\/04\/Adaptacao-de-O-Diario-de-um-Mago-de-Paulo-Coelho-Foto-Divulgacao-Netflix-1000x648-1.jpg\" class=\"w-100 h-auto fit-cover\" alt=\"Adapta\u00e7\u00e3o de 'O Di\u00e1rio de um Mago', de Paulo Coelho\" title=\"Adapta\u00e7\u00e3o de 'O Di\u00e1rio de um Mago', de Paulo Coelho\" srcset=\"http:\/\/noticiasbahia360.com.br\/wp-content\/uploads\/2026\/04\/Adaptacao-de-O-Diario-de-um-Mago-de-Paulo-Coelho-Foto-Divulgacao-Netflix-1000x648-1.jpg 1200w\" sizes=\"100vw\"><figcaption class=\"wp-caption-text\">Foto: Divulga\u00e7\u00e3o\/ Netflix<\/figcaption><\/figure>\n<p>\t\t\t\t\t<\/a>\n\t\t\t\t<\/div>\n<\/p><\/div>\n<div class=\"swiper-controls position-absolute inset d-flex justify-content-between align-items-center \">\n\t\t\t<button class=\"section-control-left z-index-1 d-flex justify-content-center align-items-center text-white shadow-2 w-24 h-24 rounded-circle m-2\" title=\"Voltar\"><br \/>\n\t\t\t\t<svg width=\"8\" height=\"14\" viewbox=\"0 0 8 14\" fill=\"none\" xmlns=\"http:\/\/www.w3.org\/2000\/svg\">\n\t\t\t\t\t<path fill-rule=\"evenodd\" clip-rule=\"evenodd\" d=\"M5.94597 1.06939C6.32185 0.693506 6.93127 0.693506 7.30715 1.06939C7.68303 1.44526 7.68303 2.05469 7.30715 2.43057L2.73774 6.99997L7.30715 11.5694C7.68303 11.9453 7.68303 12.5547 7.30715 12.9306C6.93127 13.3064 6.32185 13.3064 5.94597 12.9306L0.695972 7.68057C0.320093 7.30469 0.320093 6.69526 0.695972 6.31938L5.94597 1.06939Z\" fill=\"currentColor\"><\/path>\n\t\t\t\t<\/svg><br \/>\n\t\t\t<\/button><br \/>\n\t\t\t<button class=\"section-control-right z-index-1 d-flex justify-content-center align-items-center text-white shadow-2 w-24 h-24 rounded-circle m-2\" title=\"Avan\u00e7ar\"><br \/>\n\t\t\t\t<svg width=\"8\" height=\"14\" viewbox=\"0 0 8 14\" fill=\"none\" xmlns=\"http:\/\/www.w3.org\/2000\/svg\">\n\t\t\t\t\t<path fill-rule=\"evenodd\" clip-rule=\"evenodd\" d=\"M0.695972 1.06939C1.07185 0.693506 1.68127 0.693506 2.05715 1.06939L7.30715 6.31938C7.68303 6.69526 7.68303 7.30469 7.30715 7.68057L2.05715 12.9306C1.68127 13.3064 1.07185 13.3064 0.695972 12.9306C0.320094 12.5547 0.320093 11.9453 0.695972 11.5694L5.26538 6.99997L0.695972 2.43057C0.320093 2.05469 0.320093 1.44526 0.695972 1.06939Z\" fill=\"currentColor\"><\/path>\n\t\t\t\t<\/svg><br \/>\n\t\t\t<\/button>\n\t\t<\/div>\n<div class=\"swiper-pagination empty:d-none\"><\/div>\n<div class=\"swiper-skeleton g-col-12 grid lg:d-flex gap-3 justify-content-between\">\n<div class=\"d-flex flex-column gap-2 g-col-12 lg:w-100\">\n<div class=\"skeleton-element lg:w-100 h-auto\" style=\"aspect-ratio: 16\/9\"><\/div>\n<\/p><\/div>\n<\/p><\/div>\n<\/p><\/div>\n<\/div>\n<h2 class=\"wp-block-heading\" id=\"h-um-legado-de-sucesso-literario\"><strong>Um legado de sucesso liter\u00e1rio<\/strong><\/h2>\n<p>Na semana em que comemoramos\u00a0o\u00a0Dia Mundial do Livro, a conex\u00e3o entre essas adapta\u00e7\u00f5es e as obras que as inspiraram nunca foram t\u00e3o fortes.<\/p>\n<p><em><a href=\"https:\/\/netflix.us11.list-manage.com\/track\/click?u=841bc426da66e29779077604b&amp;id=452f1e8f26&amp;e=1188270595\" target=\"_blank\" rel=\"noreferrer noopener\">Dele &amp; Dela<\/a><\/em>: A miniss\u00e9rie entrou na lista de produ\u00e7\u00f5es mais populares e impulsionou o romance de Alice Feeney para a 15\u00aa posi\u00e7\u00e3o entre os mais vendidos da Amazon. No Spotify, as audi\u00e7\u00f5es do audiolivro cresceram 494%, evidenciando como a Netflix amplia o alcance de obras liter\u00e1rias, enquanto a literatura segue como fonte relevante para alguns dos maiores sucessos da plataforma.<\/p>\n<p><em><a href=\"https:\/\/netflix.us11.list-manage.com\/track\/click?u=841bc426da66e29779077604b&amp;id=a4bcd7d346&amp;e=1188270595\" target=\"_blank\" rel=\"noreferrer noopener\">De F\u00e9rias Com Voc\u00ea<\/a><\/em>: 1\u00ba lugar no Top 10 global, o filme levou o livro de Emily Henry de volta \u00e0 lista dos mais vendidos do The New York Times. No Spotify, o audiolivro cresceu 515% em audi\u00e7\u00f5es globais, enquanto as vendas aumentaram 97% nas duas semanas ap\u00f3s o lan\u00e7amento.<\/p>\n<p><em><a href=\"https:\/\/netflix.us11.list-manage.com\/track\/click?u=841bc426da66e29779077604b&amp;id=01438bf551&amp;e=1188270595\" target=\"_blank\" rel=\"noreferrer noopener\">Patinando no Amor<\/a><\/em>: O an\u00fancio da adapta\u00e7\u00e3o pela Netflix impulsionou o livro de Jennifer Iacopelli a fechar 13 novos acordos de tradu\u00e7\u00f5es internacionais. A edi\u00e7\u00e3o em capa comum, com selo da Netflix, vendeu 500% mais que a vers\u00e3o original. No Spotify, o audiolivro registrou crescimento de 990% nos \u00e1udios globais e aumento de 1300% nas buscas ap\u00f3s a estreia da s\u00e9rie.<\/p>\n<p>No Reino Unido,\u00a0<em><a href=\"https:\/\/netflix.us11.list-manage.com\/track\/click?u=841bc426da66e29779077604b&amp;id=3b4046a7fb&amp;e=1188270595\" target=\"_blank\" rel=\"noreferrer noopener\">O Mist\u00e9rio dos Sete Rel\u00f3gios<\/a><\/em>, de Agatha Christie, registrou um aumento de quatro vezes nas vendas, enquanto a s\u00e9rie de livros\u00a0<em><a href=\"https:\/\/netflix.us11.list-manage.com\/track\/click?u=841bc426da66e29779077604b&amp;id=1ed27f8a0d&amp;e=1188270595\" target=\"_blank\" rel=\"noreferrer noopener\">Bridgerton<\/a><\/em>, de Julia Quinn, triplicou suas vendas com a estreia da quarta temporada.<\/p>\n<p>J\u00e1\u00a0<em><a href=\"https:\/\/netflix.us11.list-manage.com\/track\/click?u=841bc426da66e29779077604b&amp;id=bd6eec3bc5&amp;e=1188270595\" target=\"_blank\" rel=\"noreferrer noopener\">Vladimir<\/a><\/em>\u00a0apresenta forte desempenho em 2026, com crescimento de 130% nas vendas em todos os formatos no primeiro trimestre, em compara\u00e7\u00e3o ao total de 2025, \u00e0 medida que novos leitores descobrem a obra que desenvolveu a s\u00e9rie.<\/p>\n<p>Outras adapta\u00e7\u00f5es lan\u00e7adas em 2026 incluem produ\u00e7\u00f5es baseadas em obras como\u00a0<em>Os Casos de Harry Hole, O Poder e a Lei, O Museu da Inoc\u00eancia, O Agente Noturno,\u00a0<a href=\"https:\/\/netflix.us11.list-manage.com\/track\/click?u=841bc426da66e29779077604b&amp;id=0d9443a22e&amp;e=1188270595\" target=\"_blank\" rel=\"noreferrer noopener\">Custe o que Custar<\/a>\u00a0<\/em>e<em>\u00a0Virgin River<\/em>.\u00a0<\/p>\n<h2 class=\"wp-block-heading\" id=\"h-o-proximo-capitulo\"><strong>O pr\u00f3ximo cap\u00edtulo<\/strong><\/h2>\n<p>O ritmo n\u00e3o desacelera. A expectativa \u00e9 de um restante de ano repleto de novidades, produzido pela aguardada estreia de\u00a0<em><a href=\"https:\/\/netflix.us11.list-manage.com\/track\/click?u=841bc426da66e29779077604b&amp;id=2a5c5984f7&amp;e=1188270595\" target=\"_blank\" rel=\"noreferrer noopener\">Criaturas Extraordinariamente Brilhantes<\/a><\/em>, de Shelby Van Pelt, em 8 de maio. O an\u00fancio do primeiro olhar quase dobrou as vendas do livro, que j\u00e1 ultrapassa 4 milh\u00f5es de c\u00f3pias vendidas. E, ampliando ainda mais esse cen\u00e1rio, a segunda temporada de\u00a0<em><a href=\"https:\/\/netflix.us11.list-manage.com\/track\/click?u=841bc426da66e29779077604b&amp;id=54b8109986&amp;e=1188270595\" target=\"_blank\" rel=\"noreferrer noopener\">Geek Girl<\/a><\/em>\u00a0chega em breve \u00e0 Netflix, com as primeiras imagens j\u00e1 divulgadas.<\/p>\n<p>Seja um thriller de Jo Nesb\u00f8 ou um cl\u00e1ssico atemporal de Jane Austen, a Netflix segue como um importante motor de descoberta liter\u00e1ria, mostrando que grandes hist\u00f3rias n\u00e3o se encerram, elas continuam encontrando novas formas de alcan\u00e7ar o p\u00fablico.\u00a0<\/p>\n<p>Quer conhecer mais adapta\u00e7\u00f5es liter\u00e1rias de v\u00e1rios pa\u00edses na Netflix? Acesse\u00a0<a href=\"https:\/\/netflix.us11.list-manage.com\/track\/click?u=841bc426da66e29779077604b&amp;id=a085ca8ff3&amp;e=1188270595\" target=\"_blank\" rel=\"noreferrer noopener\">a<\/a><a href=\"https:\/\/netflix.us11.list-manage.com\/track\/click?u=841bc426da66e29779077604b&amp;id=401642bf86&amp;e=1188270595\" target=\"_blank\" rel=\"noreferrer noopener\">qui<\/a>.<\/p>\n<p><em>Siga o Acorda Cidade no <\/em><a href=\"https:\/\/news.google.com\/search?q=acorda%20cidade&amp;hl=pt-BR&amp;gl=BR&amp;ceid=BR%3Apt-419\"><strong><em>Google Not\u00edcias<\/em><\/strong><\/a><em>\u00a0e receba os principais destaques do dia. Participe tamb\u00e9m dos nossos canais no\u00a0<\/em><a href=\"https:\/\/www.whatsapp.com\/channel\/0029Va6Rb4v3WHTNnsh8WI3N\"><strong><em>WhatsApp<\/em><\/strong><\/a><em>\u00a0e\u00a0<\/em><a href=\"https:\/\/www.youtube.com\/@acordacidadenoticias\/videos\"><strong>YouTube<\/strong><\/a><em>\u00a0e grupo de\u00a0<\/em><a href=\"https:\/\/t.me\/+sSz0khrgARA0ZmRh\"><strong><em>Telegram<\/em><\/strong><\/a><em>.<\/em><\/p>\n<\/div>\n","protected":false},"excerpt":{"rendered":"<div>\n<div>\n<figure><img decoding=\"async\" src=\"https:\/\/uploads.acordacidade.com.br\/2026\/04\/A-minisserie-Pssica-baseada-no-romance-de-Edyr-Augusto-e-ambientada-no-Norte-do-Brasil-Foto-Divulgacao-Netflix.jpg\" alt=\"A miniss\u00e9rie Pssica, baseada no romance de Edyr Augusto e ambientada no Norte do Brasil\"><figcaption>Foto: Divulga\u00e7\u00e3o\/ Netflix<\/figcaption><\/figure>\n<\/div>\n<p>No Brasil, produ\u00e7\u00f5es como Bom Dia, Ver\u00f4nica e Pssica mostram como hist\u00f3rias nacionais ganham novos p\u00fablicos ap\u00f3s o sucesso nas telas.<\/p><\/div>\n","protected":false},"author":1,"featured_media":128446,"comment_status":"closed","ping_status":"closed","sticky":false,"template":"","format":"gallery","meta":{"footnotes":""},"categories":[8,9,6,57,56,10],"tags":[],"class_list":["post-128445","post","type-post","status-publish","format-gallery","has-post-thumbnail","hentry","category-bahia","category-brasil","category-feira-de-santana","category-mundo","category-policia","category-politica","post_format-post-format-gallery"],"featured_image_urls":{"full":["https:\/\/noticiasbahia360.com.br\/wp-content\/uploads\/2026\/04\/A-minisserie-Pssica-baseada-no-romance-de-Edyr-Augusto-e-ambientada-no-Norte-do-Brasil-Foto-Divulgacao-Netflix.jpg",1200,667,false],"thumbnail":["https:\/\/noticiasbahia360.com.br\/wp-content\/uploads\/2026\/04\/A-minisserie-Pssica-baseada-no-romance-de-Edyr-Augusto-e-ambientada-no-Norte-do-Brasil-Foto-Divulgacao-Netflix-150x150.jpg",150,150,true],"medium":["https:\/\/noticiasbahia360.com.br\/wp-content\/uploads\/2026\/04\/A-minisserie-Pssica-baseada-no-romance-de-Edyr-Augusto-e-ambientada-no-Norte-do-Brasil-Foto-Divulgacao-Netflix-300x167.jpg",300,167,true],"medium_large":["https:\/\/noticiasbahia360.com.br\/wp-content\/uploads\/2026\/04\/A-minisserie-Pssica-baseada-no-romance-de-Edyr-Augusto-e-ambientada-no-Norte-do-Brasil-Foto-Divulgacao-Netflix-768x427.jpg",640,356,true],"large":["https:\/\/noticiasbahia360.com.br\/wp-content\/uploads\/2026\/04\/A-minisserie-Pssica-baseada-no-romance-de-Edyr-Augusto-e-ambientada-no-Norte-do-Brasil-Foto-Divulgacao-Netflix-1024x569.jpg",640,356,true],"1536x1536":["https:\/\/noticiasbahia360.com.br\/wp-content\/uploads\/2026\/04\/A-minisserie-Pssica-baseada-no-romance-de-Edyr-Augusto-e-ambientada-no-Norte-do-Brasil-Foto-Divulgacao-Netflix.jpg",1200,667,false],"2048x2048":["https:\/\/noticiasbahia360.com.br\/wp-content\/uploads\/2026\/04\/A-minisserie-Pssica-baseada-no-romance-de-Edyr-Augusto-e-ambientada-no-Norte-do-Brasil-Foto-Divulgacao-Netflix.jpg",1200,667,false],"chromenews-featured":["https:\/\/noticiasbahia360.com.br\/wp-content\/uploads\/2026\/04\/A-minisserie-Pssica-baseada-no-romance-de-Edyr-Augusto-e-ambientada-no-Norte-do-Brasil-Foto-Divulgacao-Netflix-1024x569.jpg",1024,569,true],"chromenews-large":["https:\/\/noticiasbahia360.com.br\/wp-content\/uploads\/2026\/04\/A-minisserie-Pssica-baseada-no-romance-de-Edyr-Augusto-e-ambientada-no-Norte-do-Brasil-Foto-Divulgacao-Netflix-825x575.jpg",825,575,true],"chromenews-medium":["https:\/\/noticiasbahia360.com.br\/wp-content\/uploads\/2026\/04\/A-minisserie-Pssica-baseada-no-romance-de-Edyr-Augusto-e-ambientada-no-Norte-do-Brasil-Foto-Divulgacao-Netflix-590x410.jpg",590,410,true]},"author_info":{"display_name":"noticiasbahia360.com.br","author_link":"https:\/\/noticiasbahia360.com.br\/?author=1"},"category_info":"<a href=\"https:\/\/noticiasbahia360.com.br\/?cat=8\" rel=\"category\">Bahia<\/a> <a href=\"https:\/\/noticiasbahia360.com.br\/?cat=9\" rel=\"category\">Brasil<\/a> <a href=\"https:\/\/noticiasbahia360.com.br\/?cat=6\" rel=\"category\">Feira de Santana<\/a> <a href=\"https:\/\/noticiasbahia360.com.br\/?cat=57\" rel=\"category\">Mundo<\/a> <a href=\"https:\/\/noticiasbahia360.com.br\/?cat=56\" rel=\"category\">Pol\u00edcia<\/a> <a href=\"https:\/\/noticiasbahia360.com.br\/?cat=10\" rel=\"category\">Pol\u00edtica<\/a>","tag_info":"Pol\u00edtica","comment_count":"0","_links":{"self":[{"href":"https:\/\/noticiasbahia360.com.br\/index.php?rest_route=\/wp\/v2\/posts\/128445","targetHints":{"allow":["GET"]}}],"collection":[{"href":"https:\/\/noticiasbahia360.com.br\/index.php?rest_route=\/wp\/v2\/posts"}],"about":[{"href":"https:\/\/noticiasbahia360.com.br\/index.php?rest_route=\/wp\/v2\/types\/post"}],"author":[{"embeddable":true,"href":"https:\/\/noticiasbahia360.com.br\/index.php?rest_route=\/wp\/v2\/users\/1"}],"replies":[{"embeddable":true,"href":"https:\/\/noticiasbahia360.com.br\/index.php?rest_route=%2Fwp%2Fv2%2Fcomments&post=128445"}],"version-history":[{"count":0,"href":"https:\/\/noticiasbahia360.com.br\/index.php?rest_route=\/wp\/v2\/posts\/128445\/revisions"}],"wp:featuredmedia":[{"embeddable":true,"href":"https:\/\/noticiasbahia360.com.br\/index.php?rest_route=\/wp\/v2\/media\/128446"}],"wp:attachment":[{"href":"https:\/\/noticiasbahia360.com.br\/index.php?rest_route=%2Fwp%2Fv2%2Fmedia&parent=128445"}],"wp:term":[{"taxonomy":"category","embeddable":true,"href":"https:\/\/noticiasbahia360.com.br\/index.php?rest_route=%2Fwp%2Fv2%2Fcategories&post=128445"},{"taxonomy":"post_tag","embeddable":true,"href":"https:\/\/noticiasbahia360.com.br\/index.php?rest_route=%2Fwp%2Fv2%2Ftags&post=128445"}],"curies":[{"name":"wp","href":"https:\/\/api.w.org\/{rel}","templated":true}]}}