{"id":128453,"date":"2026-04-26T21:20:58","date_gmt":"2026-04-27T00:20:58","guid":{"rendered":"https:\/\/noticiasbahia360.com.br\/?p=128453"},"modified":"2026-04-26T21:20:58","modified_gmt":"2026-04-27T00:20:58","slug":"cegueira-pode-ser-evitada-em-80-dos-casos-alertam-especialistas","status":"publish","type":"post","link":"https:\/\/noticiasbahia360.com.br\/?p=128453","title":{"rendered":"Cegueira pode ser evitada em 80% dos casos, alertam especialistas"},"content":{"rendered":"<div>\n<div>\n<figure><img decoding=\"async\" src=\"http:\/\/noticiasbahia360.com.br\/wp-content\/uploads\/2026\/04\/VjgOkK0x-cao-guia-ajudando-cegos-na-cidade-bonitao-cego-descanse-com-o-golden-retriever-na-cidade_cego.webp\" alt=\"cego - vis\u00e3o - cegueira\"><figcaption>Foto: Prostooleh\/Freepik<\/figcaption><\/figure>\n<\/div>\n<p>Perder a vis\u00e3o raramente acontece de forma repentina. Na maioria das vezes, a cegueira se instala aos poucos, silenciosa, quase impercept\u00edvel, at\u00e9 o momento em que enxergar j\u00e1 n\u00e3o \u00e9 mais t\u00e3o simples. \u00c9 esse o alerta central do Abril Marrom, campanha nacional dedicada \u00e0 preven\u00e7\u00e3o, combate e reabilita\u00e7\u00e3o das diversas formas de defici\u00eancia visual.<\/p>\n<p>Realizado ao longo de todo o m\u00eas de abril, o movimento refor\u00e7a um dado que chama aten\u00e7\u00e3o: cerca de 80% dos casos de defici\u00eancia visual poderiam ser evitados ou tratados com diagn\u00f3stico precoce, segundo a Organiza\u00e7\u00e3o Mundial da Sa\u00fade (OMS). Ainda assim, milh\u00f5es de pessoas convivem com limita\u00e7\u00f5es que poderiam ter sido prevenidas com cuidados b\u00e1sicos.<\/p>\n<p>No mundo, estima-se que mais de 2,2 bilh\u00f5es de pessoas tenham algum tipo de defici\u00eancia visual, sendo que pelo menos 1 bilh\u00e3o desses casos poderiam ter sido evitados ou ainda n\u00e3o foram tratados, de acordo com a pr\u00f3pria OMS. No Brasil, dados do Instituto Brasileiro de Geografia e Estat\u00edstica (IBGE) indicam que cerca de 6,5 milh\u00f5es de pessoas possuem algum grau de defici\u00eancia visual, incluindo mais de 500 mil cegos.\u00a0<\/p>\n<h2 class=\"wp-block-heading\" id=\"h-doencas-comuns\">Doen\u00e7as comuns<\/h2>\n<p>Entre as principais causas de cegueira evit\u00e1vel est\u00e3o catarata, glaucoma, retinopatia diab\u00e9tica e degenera\u00e7\u00e3o macular relacionada \u00e0 idade. \u201cMuitas dessas doen\u00e7as evoluem de forma silenciosa, sem sintomas nas fases iniciais, ou com poucos sintomas como as doen\u00e7as reum\u00e1ticas e acometimento ocular. Quando o paciente percebe a perda visual, muitas vezes a doen\u00e7a j\u00e1 est\u00e1 em est\u00e1gio avan\u00e7ado. Por isso, o acompanhamento regular com um especialista \u00e9 fundamental, mesmo na aus\u00eancia de sintomas\u201d, explica o oftalmologista C\u00e9sar Sampaio, coordenador do servi\u00e7o de oftalmologia do Hospital Mater Dei Salvador (HMDS).<\/p>\n<figure class=\"wp-block-image size-full\"><img fetchpriority=\"high\" fetchpriority=\"high\" decoding=\"async\" width=\"1200\" height=\"800\" src=\"http:\/\/noticiasbahia360.com.br\/wp-content\/uploads\/2026\/04\/Oftalmologista-Cesar-Sampaio.jpg\" alt=\"Cegueira pode ser evitada em 80% dos casos, alertam especialistas\" class=\"wp-image-643566\" srcset=\"http:\/\/noticiasbahia360.com.br\/wp-content\/uploads\/2026\/04\/Oftalmologista-Cesar-Sampaio.jpg 1200w, https:\/\/uploads.acordacidade.com.br\/2026\/04\/Oftalmologista-Cesar-Sampaio-750x500.jpg 750w, https:\/\/uploads.acordacidade.com.br\/2026\/04\/Oftalmologista-Cesar-Sampaio-1000x667.jpg 1000w, https:\/\/uploads.acordacidade.com.br\/2026\/04\/Oftalmologista-Cesar-Sampaio-450x300.jpg 450w, https:\/\/uploads.acordacidade.com.br\/2026\/04\/Oftalmologista-Cesar-Sampaio-150x100.jpg 150w\" sizes=\"(max-width: 1200px) 100vw, 1200px\"><figcaption class=\"wp-element-caption\">C\u00e9sar Sampaio, oftalmologista \u2013 Foto: Divulga\u00e7\u00e3o<\/figcaption><\/figure>\n<p>Ele destaca que a catarata, por exemplo, continua sendo a principal causa de cegueira revers\u00edvel no mundo. \u201c\u00c9 uma condi\u00e7\u00e3o com tratamento eficaz e seguro, mas ainda vemos pacientes que chegam tardiamente ao servi\u00e7o de sa\u00fade, o que impacta diretamente na qualidade de vida\u201d, afirma.<\/p>\n<h2 class=\"wp-block-heading\" id=\"h-diagnostico-precoce-e-prevencao\"><strong>Diagn\u00f3stico precoce e preven\u00e7\u00e3o <\/strong><\/h2>\n<p>Outro ponto de aten\u00e7\u00e3o \u00e9 o glaucoma, doen\u00e7a que pode levar \u00e0 cegueira irrevers\u00edvel se n\u00e3o for controlada. Conhecido como \u201cladr\u00e3o silencioso da vis\u00e3o\u201d, ele costuma n\u00e3o apresentar sinais no in\u00edcio. \u201cExames simples conseguem identificar altera\u00e7\u00f5es precoces e evitar a progress\u00e3o da doen\u00e7a. O problema \u00e9 que muitas pessoas s\u00f3 procuram atendimento quando j\u00e1 est\u00e3o com dificuldade para enxergar. A preven\u00e7\u00e3o do\u00a0 glaucoma deve iniciar aos 40 anos, em especial quem tem hist\u00f3ria da doen\u00e7a na fam\u00edlia\u201d, ressalta Sampaio.<\/p>\n<p>A retinopatia diab\u00e9tica tamb\u00e9m preocupa, especialmente diante do aumento dos casos de diabetes no mundo. Segundo o Minist\u00e9rio da Sa\u00fade do Brasil, a doen\u00e7a j\u00e1 atinge milh\u00f5es de brasileiros e pode comprometer a vis\u00e3o quando n\u00e3o h\u00e1 controle adequado.<\/p>\n<p>Para C\u00e9sar Sampaio, campanhas como o Abril Marrom cumprem um papel essencial ao ampliar a conscientiza\u00e7\u00e3o. \u201cA informa\u00e7\u00e3o \u00e9 uma ferramenta poderosa. Quando a popula\u00e7\u00e3o entende a import\u00e2ncia dos exames regulares, conseguimos reduzir significativamente os casos de cegueira evit\u00e1vel\u201d, pontua o oftalmologista. Al\u00e9m das consultas peri\u00f3dicas, medidas simples fazem a diferen\u00e7a: controlar doen\u00e7as cr\u00f4nicas; evitar a automedica\u00e7\u00e3o; manter h\u00e1bitos saud\u00e1veis e, em rela\u00e7\u00e3o aos olhos, evitar col\u00edrios \u00e0 base de corticoster\u00f3ides e usar \u00f3culos com prote\u00e7\u00e3o UV.<\/p>\n<p><em>Siga o Acorda Cidade no <\/em><a href=\"https:\/\/news.google.com\/search?q=acorda%20cidade&amp;hl=pt-BR&amp;gl=BR&amp;ceid=BR%3Apt-419\"><strong><em>Google Not\u00edcias<\/em><\/strong><\/a><em>\u00a0e receba os principais destaques do dia. Participe tamb\u00e9m dos nossos canais no\u00a0<\/em><a href=\"https:\/\/www.whatsapp.com\/channel\/0029Va6Rb4v3WHTNnsh8WI3N\"><strong><em>WhatsApp<\/em><\/strong><\/a><em>\u00a0e\u00a0<\/em><a href=\"https:\/\/www.youtube.com\/@acordacidadenoticias\/videos\"><strong>YouTube<\/strong><\/a><em>\u00a0e grupo de\u00a0<\/em><a href=\"https:\/\/t.me\/+sSz0khrgARA0ZmRh\"><strong><em>Telegram<\/em><\/strong><\/a><em>.<\/em><\/p>\n<\/div>\n","protected":false},"excerpt":{"rendered":"<div>\n<div>\n<figure><img decoding=\"async\" src=\"https:\/\/www.acordacidade.com.br\/wp-content\/uploads\/2025\/04\/VjgOkK0x-cao-guia-ajudando-cegos-na-cidade-bonitao-cego-descanse-com-o-golden-retriever-na-cidade_cego.webp\" alt=\"cego - vis\u00e3o - cegueira\"><figcaption>Foto: Prostooleh\/Freepik<\/figcaption><\/figure>\n<\/div>\n<p>Abril Marrom chama aten\u00e7\u00e3o para diagn\u00f3stico precoce e cuidado com a vis\u00e3o.<\/p><\/div>\n","protected":false},"author":1,"featured_media":128454,"comment_status":"closed","ping_status":"closed","sticky":false,"template":"","format":"gallery","meta":{"footnotes":""},"categories":[8,9,6,57,56,10],"tags":[],"class_list":["post-128453","post","type-post","status-publish","format-gallery","has-post-thumbnail","hentry","category-bahia","category-brasil","category-feira-de-santana","category-mundo","category-policia","category-politica","post_format-post-format-gallery"],"featured_image_urls":{"full":["https:\/\/noticiasbahia360.com.br\/wp-content\/uploads\/2026\/04\/VjgOkK0x-cao-guia-ajudando-cegos-na-cidade-bonitao-cego-descanse-com-o-golden-retriever-na-cidade_cego.webp",1200,671,false],"thumbnail":["https:\/\/noticiasbahia360.com.br\/wp-content\/uploads\/2026\/04\/VjgOkK0x-cao-guia-ajudando-cegos-na-cidade-bonitao-cego-descanse-com-o-golden-retriever-na-cidade_cego-150x150.webp",150,150,true],"medium":["https:\/\/noticiasbahia360.com.br\/wp-content\/uploads\/2026\/04\/VjgOkK0x-cao-guia-ajudando-cegos-na-cidade-bonitao-cego-descanse-com-o-golden-retriever-na-cidade_cego-300x168.webp",300,168,true],"medium_large":["https:\/\/noticiasbahia360.com.br\/wp-content\/uploads\/2026\/04\/VjgOkK0x-cao-guia-ajudando-cegos-na-cidade-bonitao-cego-descanse-com-o-golden-retriever-na-cidade_cego-768x429.webp",640,358,true],"large":["https:\/\/noticiasbahia360.com.br\/wp-content\/uploads\/2026\/04\/VjgOkK0x-cao-guia-ajudando-cegos-na-cidade-bonitao-cego-descanse-com-o-golden-retriever-na-cidade_cego-1024x573.webp",640,358,true],"1536x1536":["https:\/\/noticiasbahia360.com.br\/wp-content\/uploads\/2026\/04\/VjgOkK0x-cao-guia-ajudando-cegos-na-cidade-bonitao-cego-descanse-com-o-golden-retriever-na-cidade_cego.webp",1200,671,false],"2048x2048":["https:\/\/noticiasbahia360.com.br\/wp-content\/uploads\/2026\/04\/VjgOkK0x-cao-guia-ajudando-cegos-na-cidade-bonitao-cego-descanse-com-o-golden-retriever-na-cidade_cego.webp",1200,671,false],"chromenews-featured":["https:\/\/noticiasbahia360.com.br\/wp-content\/uploads\/2026\/04\/VjgOkK0x-cao-guia-ajudando-cegos-na-cidade-bonitao-cego-descanse-com-o-golden-retriever-na-cidade_cego-1024x573.webp",1024,573,true],"chromenews-large":["https:\/\/noticiasbahia360.com.br\/wp-content\/uploads\/2026\/04\/VjgOkK0x-cao-guia-ajudando-cegos-na-cidade-bonitao-cego-descanse-com-o-golden-retriever-na-cidade_cego-825x575.webp",825,575,true],"chromenews-medium":["https:\/\/noticiasbahia360.com.br\/wp-content\/uploads\/2026\/04\/VjgOkK0x-cao-guia-ajudando-cegos-na-cidade-bonitao-cego-descanse-com-o-golden-retriever-na-cidade_cego-590x410.webp",590,410,true]},"author_info":{"display_name":"noticiasbahia360.com.br","author_link":"https:\/\/noticiasbahia360.com.br\/?author=1"},"category_info":"<a href=\"https:\/\/noticiasbahia360.com.br\/?cat=8\" rel=\"category\">Bahia<\/a> <a href=\"https:\/\/noticiasbahia360.com.br\/?cat=9\" rel=\"category\">Brasil<\/a> <a href=\"https:\/\/noticiasbahia360.com.br\/?cat=6\" rel=\"category\">Feira de Santana<\/a> <a href=\"https:\/\/noticiasbahia360.com.br\/?cat=57\" rel=\"category\">Mundo<\/a> <a href=\"https:\/\/noticiasbahia360.com.br\/?cat=56\" rel=\"category\">Pol\u00edcia<\/a> <a href=\"https:\/\/noticiasbahia360.com.br\/?cat=10\" rel=\"category\">Pol\u00edtica<\/a>","tag_info":"Pol\u00edtica","comment_count":"0","_links":{"self":[{"href":"https:\/\/noticiasbahia360.com.br\/index.php?rest_route=\/wp\/v2\/posts\/128453","targetHints":{"allow":["GET"]}}],"collection":[{"href":"https:\/\/noticiasbahia360.com.br\/index.php?rest_route=\/wp\/v2\/posts"}],"about":[{"href":"https:\/\/noticiasbahia360.com.br\/index.php?rest_route=\/wp\/v2\/types\/post"}],"author":[{"embeddable":true,"href":"https:\/\/noticiasbahia360.com.br\/index.php?rest_route=\/wp\/v2\/users\/1"}],"replies":[{"embeddable":true,"href":"https:\/\/noticiasbahia360.com.br\/index.php?rest_route=%2Fwp%2Fv2%2Fcomments&post=128453"}],"version-history":[{"count":0,"href":"https:\/\/noticiasbahia360.com.br\/index.php?rest_route=\/wp\/v2\/posts\/128453\/revisions"}],"wp:featuredmedia":[{"embeddable":true,"href":"https:\/\/noticiasbahia360.com.br\/index.php?rest_route=\/wp\/v2\/media\/128454"}],"wp:attachment":[{"href":"https:\/\/noticiasbahia360.com.br\/index.php?rest_route=%2Fwp%2Fv2%2Fmedia&parent=128453"}],"wp:term":[{"taxonomy":"category","embeddable":true,"href":"https:\/\/noticiasbahia360.com.br\/index.php?rest_route=%2Fwp%2Fv2%2Fcategories&post=128453"},{"taxonomy":"post_tag","embeddable":true,"href":"https:\/\/noticiasbahia360.com.br\/index.php?rest_route=%2Fwp%2Fv2%2Ftags&post=128453"}],"curies":[{"name":"wp","href":"https:\/\/api.w.org\/{rel}","templated":true}]}} 