{"id":128456,"date":"2026-04-26T21:30:58","date_gmt":"2026-04-27T00:30:58","guid":{"rendered":"https:\/\/noticiasbahia360.com.br\/?p=128456"},"modified":"2026-04-26T21:30:58","modified_gmt":"2026-04-27T00:30:58","slug":"marinha-abre-inscricoes-para-156-vagas-no-colegio-naval","status":"publish","type":"post","link":"https:\/\/noticiasbahia360.com.br\/?p=128456","title":{"rendered":"Marinha abre inscri\u00e7\u00f5es para 156 vagas no Col\u00e9gio Naval"},"content":{"rendered":"<div>\n<div>\n<figure><img decoding=\"async\" src=\"http:\/\/noticiasbahia360.com.br\/wp-content\/uploads\/2026\/04\/Colegio-Naval-Foto-Divulgacao-Centro-de-Comunicacao-Estrategica-da-Marinha.jpg\" alt=\"Col\u00e9gio Naval\"><figcaption>Foto: Divulga\u00e7\u00e3o\/ Centro de Comunica\u00e7\u00e3o Estrat\u00e9gica da Marinha<\/figcaption><\/figure>\n<\/div>\n<p>Para os adolescentes que desejam ingressar na Marinha do Brasil e iniciar a forma\u00e7\u00e3o rumo ao oficialato, o concurso de admiss\u00e3o ao Col\u00e9gio Naval est\u00e1 com inscri\u00e7\u00f5es abertas at\u00e9 4 de maio. O certame oferece 156 vagas, sendo 142 destinadas ao sexo masculino e 14 ao feminino.<\/p>\n<p>Podem participar candidatos de ambos os sexos, brasileiros natos, com 15 anos completos e menos de 18 anos at\u00e9 30 de junho de 2027, que j\u00e1 tenham conclu\u00eddo ou estejam em fase de conclus\u00e3o do 9\u00ba ano do Ensino Fundamental. Tamb\u00e9m \u00e9 necess\u00e1rio atender aos requisitos f\u00edsicos, como altura m\u00ednima de 1,54m e m\u00e1xima de 1,95m, e \u00e0s demais condi\u00e7\u00f5es estabelecidas no edital dispon\u00edvel no\u00a0<a href=\"https:\/\/click.knewin360.com\/Click\/click\/eyJhbGciOiJIUzI1NiIsInR5cCI6IkpXVCJ9.eyJjYW1wYWlnbklkIjoiM2I5Mzg3NDktMjZmZC00YTNhLWYzYzctMDhkZTllZTQyZjZmIiwicGVyc29uSWQiOiJjNmE1OTVhYi1hYWE4LTQxNTEtOTk4Yy03OTBkYjkyOTg5ZTEiLCJlbWFpbCI6InJlZGFjYW9AYWNvcmRhY2lkYWRlLmNvbS5iciIsInVybCI6Imh0dHBzOi8vd3d3Lmluc2NyaWNhby5tYXJpbmhhLm1pbC5ici9tYXJpbmhhL2luZGV4X2NvbmN1cnNvcy5qc3A_aWRfY29uY3Vyc289NTA1IiwiaXNTZWdtZW50YXRpb24iOiJUcnVlIiwibmJmIjoxNzc3MjA2NzAxLCJleHAiOjE3Nzk3OTg3MDEsImlhdCI6MTc3NzIwNjcwMX0.OZ5aGRsn7bT9dX3g4MjylJ9UU0qRIhfsvQ5ChZt4uiQ\" target=\"_blank\" rel=\"noreferrer noopener\">link<\/a>.<\/p>\n<p>As inscri\u00e7\u00f5es devem ser realizadas exclusivamente pela internet,\u00a0<a href=\"https:\/\/click.knewin360.com\/Click\/click\/eyJhbGciOiJIUzI1NiIsInR5cCI6IkpXVCJ9.eyJjYW1wYWlnbklkIjoiM2I5Mzg3NDktMjZmZC00YTNhLWYzYzctMDhkZTllZTQyZjZmIiwicGVyc29uSWQiOiJjNmE1OTVhYi1hYWE4LTQxNTEtOTk4Yy03OTBkYjkyOTg5ZTEiLCJlbWFpbCI6InJlZGFjYW9AYWNvcmRhY2lkYWRlLmNvbS5iciIsInVybCI6Imh0dHBzOi8vd3d3Lmluc2NyaWNhby5tYXJpbmhhLm1pbC5ici9tYXJpbmhhL2luZGV4X2NvbmN1cnNvcy5qc3A_aWRfY29uY3Vyc289NTA1Jl9nbD0xKjE4aDV0OWwqX2djbF9hdSpPRGswTURRMU9EZzVMakUzTnpZME9EYzNNREl1TVRreE5EWTFOak15TGpFM056WTROamt5T1RjdU1UYzNOamcyT1RJNU5nLi4iLCJpc1NlZ21lbnRhdGlvbiI6IlRydWUiLCJuYmYiOjE3NzcyMDY3MDEsImV4cCI6MTc3OTc5ODcwMSwiaWF0IjoxNzc3MjA2NzAxfQ.Ly_GhDko34HrNM5QuW-X7v5xBjS1cWgFV-AJkoI5emU\" target=\"_blank\" rel=\"noreferrer noopener\">na p\u00e1gina do Servi\u00e7o de Sele\u00e7\u00e3o do Pessoal da Marinha (SSPM)<\/a>, mediante pagamento de taxa de R$ 110.<\/p>\n<p>O concurso \u00e9 composto por prova escrita objetiva de matem\u00e1tica e ingl\u00eas; prova escrita objetiva de estudos sociais, ci\u00eancias e portugu\u00eas; reda\u00e7\u00e3o; al\u00e9m dos eventos complementares, que incluem inspe\u00e7\u00e3o de sa\u00fade, teste de aptid\u00e3o f\u00edsica, avalia\u00e7\u00e3o psicol\u00f3gica e verifica\u00e7\u00e3o de documentos. As provas escritas objetivas ser\u00e3o aplicadas em dois dias consecutivos, 1\u00ba e 2\u00ba de agosto, e possuem car\u00e1ter eliminat\u00f3rio e classificat\u00f3rio.<\/p>\n<p>Durante o curso, realizado em regime de internato na cidade de Angra dos Reis (RJ), os alunos recebem forma\u00e7\u00e3o de n\u00edvel m\u00e9dio aliada ao preparo militar-naval, al\u00e9m de benef\u00edcios como remunera\u00e7\u00e3o mensal no valor de R$ 1.526,92, alimenta\u00e7\u00e3o, uniforme e assist\u00eancia m\u00e9dico-odontol\u00f3gica, entre outros. Ao concluir essa etapa, os estudantes seguem aptos a disputar uma vaga na Escola Naval, dando continuidade \u00e0 forma\u00e7\u00e3o como futuros Oficiais da Marinha.<\/p>\n<p><em>Siga o Acorda Cidade no <\/em><a href=\"https:\/\/news.google.com\/search?q=acorda%20cidade&amp;hl=pt-BR&amp;gl=BR&amp;ceid=BR%3Apt-419\"><strong><em>Google Not\u00edcias<\/em><\/strong><\/a><em>\u00a0e receba os principais destaques do dia. Participe tamb\u00e9m dos nossos canais no\u00a0<\/em><a href=\"https:\/\/www.whatsapp.com\/channel\/0029Va6Rb4v3WHTNnsh8WI3N\"><strong><em>WhatsApp<\/em><\/strong><\/a><em>\u00a0e\u00a0<\/em><a href=\"https:\/\/www.youtube.com\/@acordacidadenoticias\/videos\"><strong>YouTube<\/strong><\/a><em>\u00a0e grupo de\u00a0<\/em><a href=\"https:\/\/t.me\/+sSz0khrgARA0ZmRh\"><strong><em>Telegram<\/em><\/strong><\/a><em>.<\/em><\/p>\n<\/div>\n","protected":false},"excerpt":{"rendered":"<div>\n<div>\n<figure><img decoding=\"async\" src=\"https:\/\/uploads.acordacidade.com.br\/2026\/04\/Colegio-Naval-Foto-Divulgacao-Centro-de-Comunicacao-Estrategica-da-Marinha.jpg\" alt=\"Col\u00e9gio Naval\"><figcaption>Foto: Divulga\u00e7\u00e3o\/ Centro de Comunica\u00e7\u00e3o Estrat\u00e9gica da Marinha<\/figcaption><\/figure>\n<\/div>\n<p>As inscri\u00e7\u00f5es devem ser realizadas exclusivamente pela internet,\u00a0na p\u00e1gina do Servi\u00e7o de Sele\u00e7\u00e3o do Pessoal da Marinha.<\/p><\/div>\n","protected":false},"author":1,"featured_media":128457,"comment_status":"closed","ping_status":"closed","sticky":false,"template":"","format":"gallery","meta":{"footnotes":""},"categories":[8,9,6,57,56,10],"tags":[],"class_list":["post-128456","post","type-post","status-publish","format-gallery","has-post-thumbnail","hentry","category-bahia","category-brasil","category-feira-de-santana","category-mundo","category-policia","category-politica","post_format-post-format-gallery"],"featured_image_urls":{"full":["https:\/\/noticiasbahia360.com.br\/wp-content\/uploads\/2026\/04\/Colegio-Naval-Foto-Divulgacao-Centro-de-Comunicacao-Estrategica-da-Marinha.jpg",1200,718,false],"thumbnail":["https:\/\/noticiasbahia360.com.br\/wp-content\/uploads\/2026\/04\/Colegio-Naval-Foto-Divulgacao-Centro-de-Comunicacao-Estrategica-da-Marinha-150x150.jpg",150,150,true],"medium":["https:\/\/noticiasbahia360.com.br\/wp-content\/uploads\/2026\/04\/Colegio-Naval-Foto-Divulgacao-Centro-de-Comunicacao-Estrategica-da-Marinha-300x180.jpg",300,180,true],"medium_large":["https:\/\/noticiasbahia360.com.br\/wp-content\/uploads\/2026\/04\/Colegio-Naval-Foto-Divulgacao-Centro-de-Comunicacao-Estrategica-da-Marinha-768x460.jpg",640,383,true],"large":["https:\/\/noticiasbahia360.com.br\/wp-content\/uploads\/2026\/04\/Colegio-Naval-Foto-Divulgacao-Centro-de-Comunicacao-Estrategica-da-Marinha-1024x613.jpg",640,383,true],"1536x1536":["https:\/\/noticiasbahia360.com.br\/wp-content\/uploads\/2026\/04\/Colegio-Naval-Foto-Divulgacao-Centro-de-Comunicacao-Estrategica-da-Marinha.jpg",1200,718,false],"2048x2048":["https:\/\/noticiasbahia360.com.br\/wp-content\/uploads\/2026\/04\/Colegio-Naval-Foto-Divulgacao-Centro-de-Comunicacao-Estrategica-da-Marinha.jpg",1200,718,false],"chromenews-featured":["https:\/\/noticiasbahia360.com.br\/wp-content\/uploads\/2026\/04\/Colegio-Naval-Foto-Divulgacao-Centro-de-Comunicacao-Estrategica-da-Marinha-1024x613.jpg",1024,613,true],"chromenews-large":["https:\/\/noticiasbahia360.com.br\/wp-content\/uploads\/2026\/04\/Colegio-Naval-Foto-Divulgacao-Centro-de-Comunicacao-Estrategica-da-Marinha-825x575.jpg",825,575,true],"chromenews-medium":["https:\/\/noticiasbahia360.com.br\/wp-content\/uploads\/2026\/04\/Colegio-Naval-Foto-Divulgacao-Centro-de-Comunicacao-Estrategica-da-Marinha-590x410.jpg",590,410,true]},"author_info":{"display_name":"noticiasbahia360.com.br","author_link":"https:\/\/noticiasbahia360.com.br\/?author=1"},"category_info":"<a href=\"https:\/\/noticiasbahia360.com.br\/?cat=8\" rel=\"category\">Bahia<\/a> <a href=\"https:\/\/noticiasbahia360.com.br\/?cat=9\" rel=\"category\">Brasil<\/a> <a href=\"https:\/\/noticiasbahia360.com.br\/?cat=6\" rel=\"category\">Feira de Santana<\/a> <a href=\"https:\/\/noticiasbahia360.com.br\/?cat=57\" rel=\"category\">Mundo<\/a> <a href=\"https:\/\/noticiasbahia360.com.br\/?cat=56\" rel=\"category\">Pol\u00edcia<\/a> <a href=\"https:\/\/noticiasbahia360.com.br\/?cat=10\" rel=\"category\">Pol\u00edtica<\/a>","tag_info":"Pol\u00edtica","comment_count":"0","_links":{"self":[{"href":"https:\/\/noticiasbahia360.com.br\/index.php?rest_route=\/wp\/v2\/posts\/128456","targetHints":{"allow":["GET"]}}],"collection":[{"href":"https:\/\/noticiasbahia360.com.br\/index.php?rest_route=\/wp\/v2\/posts"}],"about":[{"href":"https:\/\/noticiasbahia360.com.br\/index.php?rest_route=\/wp\/v2\/types\/post"}],"author":[{"embeddable":true,"href":"https:\/\/noticiasbahia360.com.br\/index.php?rest_route=\/wp\/v2\/users\/1"}],"replies":[{"embeddable":true,"href":"https:\/\/noticiasbahia360.com.br\/index.php?rest_route=%2Fwp%2Fv2%2Fcomments&post=128456"}],"version-history":[{"count":0,"href":"https:\/\/noticiasbahia360.com.br\/index.php?rest_route=\/wp\/v2\/posts\/128456\/revisions"}],"wp:featuredmedia":[{"embeddable":true,"href":"https:\/\/noticiasbahia360.com.br\/index.php?rest_route=\/wp\/v2\/media\/128457"}],"wp:attachment":[{"href":"https:\/\/noticiasbahia360.com.br\/index.php?rest_route=%2Fwp%2Fv2%2Fmedia&parent=128456"}],"wp:term":[{"taxonomy":"category","embeddable":true,"href":"https:\/\/noticiasbahia360.com.br\/index.php?rest_route=%2Fwp%2Fv2%2Fcategories&post=128456"},{"taxonomy":"post_tag","embeddable":true,"href":"https:\/\/noticiasbahia360.com.br\/index.php?rest_route=%2Fwp%2Fv2%2Ftags&post=128456"}],"curies":[{"name":"wp","href":"https:\/\/api.w.org\/{rel}","templated":true}]}}