{"id":128458,"date":"2026-04-26T22:01:17","date_gmt":"2026-04-27T01:01:17","guid":{"rendered":"https:\/\/noticiasbahia360.com.br\/?p=128458"},"modified":"2026-04-26T22:01:17","modified_gmt":"2026-04-27T01:01:17","slug":"mulher-e-encontrada-com-faca-nas-costas-apos-tentativa-de-feminicidio-suspeito-foi-preso","status":"publish","type":"post","link":"https:\/\/noticiasbahia360.com.br\/?p=128458","title":{"rendered":"Mulher \u00e9 encontrada com faca nas costas ap\u00f3s tentativa de feminic\u00eddio; suspeito foi preso"},"content":{"rendered":"<div>\n<div>\n<figure><img decoding=\"async\" src=\"http:\/\/noticiasbahia360.com.br\/wp-content\/uploads\/2026\/04\/Delegacia-de-Barreiras-Foto-Lo-Hanna-Nunes.jpg\" alt=\"Delegacia de Barreiras\"><figcaption>Foto: Lo-Hanna Nunes<\/figcaption><\/figure>\n<\/div>\n<p>Um homem, de 36 anos, foi preso em flagrante por suspeita de tentativa de feminic\u00eddio contra a companheira em S\u00e3o Desid\u00e9rio, oeste da Bahia. O caso aconteceu no s\u00e1bado (25). Ao chegarem no local, a Pol\u00edcia Militar encontrou a v\u00edtima com uma faca cravada nas costas. <\/p>\n<p>Segundo informa\u00e7\u00f5es do g1, a PM foi acionada pelo Servi\u00e7o de Atendimento M\u00f3vel de Urg\u00eancia (Samu), para dar apoio em uma ocorr\u00eancia de tentativa de homic\u00eddio. Ap\u00f3s encontrarem a mulher ferida e com a faca nas costas, a equipe do Samu realizou os primeiros atendimentos ainda no local. Em seguida, ela foi encaminhada para uma unidade de sa\u00fade.<\/p>\n<p>Por\u00e9m, por conta da gravidade dos ferimentos, a v\u00edtima foi transferida para o Hospital do Oeste, em Barreiras. Ela segue internada em estado grave.<\/p>\n<p>Durante as dilig\u00eancias, a guarni\u00e7\u00e3o recebeu uma den\u00fancia an\u00f4nima de que um homem teria ajudado o suspeito a fugir. Ele foi localizado no bairro Alto do Cristo e confessou que havia levado o suspeito pelo crime at\u00e9 o povoado de Estiva de carro.<\/p>\n<p>Com essa informa\u00e7\u00e3o, a equipe seguiu at\u00e9 o local, onde encontraram o homem com sinais de embriaguez e escondido em uma casa abandonada.<\/p>\n<p>De acordo com a PM, o suspeito resistiu \u00e0 abordagem ao receber voz de pris\u00e3o, mas foi detido e encaminhado para a Delegacia Territorial de Barreiras. Ele foi autuado em flagrante e segue custodiado \u00e0 disposi\u00e7\u00e3o da Justi\u00e7a.<\/p>\n<p>A pol\u00edcia apreendeu um celular que estava com o suspeito e outro aparelho com o homem que o ajudou a fugir, que tamb\u00e9m foi conduzido \u00e0 delegacia.<\/p>\n<p><strong>Leia tamb\u00e9m:<\/strong><\/p>\n<p><a href=\"https:\/\/www.acordacidade.com.br\/policia\/homem-ataca-ex-companheira-e-tira-propria-vida-em-guanambi\/\">Homem ataca ex-companheira e tira pr\u00f3pria vida em Guanambi<\/a><\/p>\n<p><em>Siga o Acorda Cidade no <\/em><a href=\"https:\/\/news.google.com\/search?q=acorda%20cidade&amp;hl=pt-BR&amp;gl=BR&amp;ceid=BR%3Apt-419\"><strong><em>Google Not\u00edcias<\/em><\/strong><\/a><em>\u00a0e receba os principais destaques do dia. Participe tamb\u00e9m dos nossos canais no\u00a0<\/em><a href=\"https:\/\/www.whatsapp.com\/channel\/0029Va6Rb4v3WHTNnsh8WI3N\"><strong><em>WhatsApp<\/em><\/strong><\/a><em>\u00a0e\u00a0<\/em><a href=\"https:\/\/www.youtube.com\/@acordacidadenoticias\/videos\"><strong>YouTube<\/strong><\/a><em>\u00a0e grupo de\u00a0<\/em><a href=\"https:\/\/t.me\/+sSz0khrgARA0ZmRh\"><strong><em>Telegram<\/em><\/strong><\/a><em>.<\/em><\/p>\n<\/div>\n","protected":false},"excerpt":{"rendered":"<div>\n<div>\n<figure><img decoding=\"async\" src=\"https:\/\/uploads.acordacidade.com.br\/2026\/04\/Delegacia-de-Barreiras-Foto-Lo-Hanna-Nunes.jpg\" alt=\"Delegacia de Barreiras\"><figcaption>Foto: Lo-Hanna Nunes<\/figcaption><\/figure>\n<\/div>\n<p>Ap\u00f3s encontrarem a mulher ferida, a equipe do Samu realizou os primeiros atendimentos ainda no local. Ela segue internada em estado grave.<\/p><\/div>\n","protected":false},"author":1,"featured_media":128459,"comment_status":"closed","ping_status":"closed","sticky":false,"template":"","format":"gallery","meta":{"footnotes":""},"categories":[8,9,6,57,56,10],"tags":[],"class_list":["post-128458","post","type-post","status-publish","format-gallery","has-post-thumbnail","hentry","category-bahia","category-brasil","category-feira-de-santana","category-mundo","category-policia","category-politica","post_format-post-format-gallery"],"featured_image_urls":{"full":["https:\/\/noticiasbahia360.com.br\/wp-content\/uploads\/2026\/04\/Delegacia-de-Barreiras-Foto-Lo-Hanna-Nunes.jpg",1200,751,false],"thumbnail":["https:\/\/noticiasbahia360.com.br\/wp-content\/uploads\/2026\/04\/Delegacia-de-Barreiras-Foto-Lo-Hanna-Nunes-150x150.jpg",150,150,true],"medium":["https:\/\/noticiasbahia360.com.br\/wp-content\/uploads\/2026\/04\/Delegacia-de-Barreiras-Foto-Lo-Hanna-Nunes-300x188.jpg",300,188,true],"medium_large":["https:\/\/noticiasbahia360.com.br\/wp-content\/uploads\/2026\/04\/Delegacia-de-Barreiras-Foto-Lo-Hanna-Nunes-768x481.jpg",640,401,true],"large":["https:\/\/noticiasbahia360.com.br\/wp-content\/uploads\/2026\/04\/Delegacia-de-Barreiras-Foto-Lo-Hanna-Nunes-1024x641.jpg",640,401,true],"1536x1536":["https:\/\/noticiasbahia360.com.br\/wp-content\/uploads\/2026\/04\/Delegacia-de-Barreiras-Foto-Lo-Hanna-Nunes.jpg",1200,751,false],"2048x2048":["https:\/\/noticiasbahia360.com.br\/wp-content\/uploads\/2026\/04\/Delegacia-de-Barreiras-Foto-Lo-Hanna-Nunes.jpg",1200,751,false],"chromenews-featured":["https:\/\/noticiasbahia360.com.br\/wp-content\/uploads\/2026\/04\/Delegacia-de-Barreiras-Foto-Lo-Hanna-Nunes-1024x641.jpg",1024,641,true],"chromenews-large":["https:\/\/noticiasbahia360.com.br\/wp-content\/uploads\/2026\/04\/Delegacia-de-Barreiras-Foto-Lo-Hanna-Nunes-825x575.jpg",825,575,true],"chromenews-medium":["https:\/\/noticiasbahia360.com.br\/wp-content\/uploads\/2026\/04\/Delegacia-de-Barreiras-Foto-Lo-Hanna-Nunes-590x410.jpg",590,410,true]},"author_info":{"display_name":"noticiasbahia360.com.br","author_link":"https:\/\/noticiasbahia360.com.br\/?author=1"},"category_info":"<a href=\"https:\/\/noticiasbahia360.com.br\/?cat=8\" rel=\"category\">Bahia<\/a> <a href=\"https:\/\/noticiasbahia360.com.br\/?cat=9\" rel=\"category\">Brasil<\/a> <a href=\"https:\/\/noticiasbahia360.com.br\/?cat=6\" rel=\"category\">Feira de Santana<\/a> <a href=\"https:\/\/noticiasbahia360.com.br\/?cat=57\" rel=\"category\">Mundo<\/a> <a href=\"https:\/\/noticiasbahia360.com.br\/?cat=56\" rel=\"category\">Pol\u00edcia<\/a> <a href=\"https:\/\/noticiasbahia360.com.br\/?cat=10\" rel=\"category\">Pol\u00edtica<\/a>","tag_info":"Pol\u00edtica","comment_count":"0","_links":{"self":[{"href":"https:\/\/noticiasbahia360.com.br\/index.php?rest_route=\/wp\/v2\/posts\/128458","targetHints":{"allow":["GET"]}}],"collection":[{"href":"https:\/\/noticiasbahia360.com.br\/index.php?rest_route=\/wp\/v2\/posts"}],"about":[{"href":"https:\/\/noticiasbahia360.com.br\/index.php?rest_route=\/wp\/v2\/types\/post"}],"author":[{"embeddable":true,"href":"https:\/\/noticiasbahia360.com.br\/index.php?rest_route=\/wp\/v2\/users\/1"}],"replies":[{"embeddable":true,"href":"https:\/\/noticiasbahia360.com.br\/index.php?rest_route=%2Fwp%2Fv2%2Fcomments&post=128458"}],"version-history":[{"count":0,"href":"https:\/\/noticiasbahia360.com.br\/index.php?rest_route=\/wp\/v2\/posts\/128458\/revisions"}],"wp:featuredmedia":[{"embeddable":true,"href":"https:\/\/noticiasbahia360.com.br\/index.php?rest_route=\/wp\/v2\/media\/128459"}],"wp:attachment":[{"href":"https:\/\/noticiasbahia360.com.br\/index.php?rest_route=%2Fwp%2Fv2%2Fmedia&parent=128458"}],"wp:term":[{"taxonomy":"category","embeddable":true,"href":"https:\/\/noticiasbahia360.com.br\/index.php?rest_route=%2Fwp%2Fv2%2Fcategories&post=128458"},{"taxonomy":"post_tag","embeddable":true,"href":"https:\/\/noticiasbahia360.com.br\/index.php?rest_route=%2Fwp%2Fv2%2Ftags&post=128458"}],"curies":[{"name":"wp","href":"https:\/\/api.w.org\/{rel}","templated":true}]}} 