{"id":128460,"date":"2026-04-26T22:56:43","date_gmt":"2026-04-27T01:56:43","guid":{"rendered":"https:\/\/noticiasbahia360.com.br\/?p=128460"},"modified":"2026-04-26T22:56:43","modified_gmt":"2026-04-27T01:56:43","slug":"feira-de-santana-movimenta-r-34-bilhoes-por-mes-em-transacoes-pix-aponta-nexos","status":"publish","type":"post","link":"https:\/\/noticiasbahia360.com.br\/?p=128460","title":{"rendered":"Feira de Santana movimenta R$ 3,4 bilh\u00f5es por m\u00eas em transa\u00e7\u00f5es Pix, aponta NexOS"},"content":{"rendered":"<div>\n<div>\n<figure><img decoding=\"async\" src=\"http:\/\/noticiasbahia360.com.br\/wp-content\/uploads\/2026\/04\/Feira-de-Santana-Foto-ACM.jpg\" alt=\"Feira de Santana pix\"><figcaption>Foto: ACM<\/figcaption><\/figure>\n<\/div>\n<p>Feira de Santana, a segunda maior cidade da Bahia, tem se destacado pela for\u00e7a de sua economia digital. Segundo o NexOS, o munic\u00edpio movimenta mensalmente impressionantes R$ 3,4 bilh\u00f5es em transa\u00e7\u00f5es via Pix, distribu\u00eddos em mais de 20 milh\u00f5es de opera\u00e7\u00f5es mensais. Esses n\u00fameros refor\u00e7am o papel estrat\u00e9gico da cidade como um importante polo econ\u00f4mico na Bahia e em todo o <a href=\"https:\/\/www.acordacidade.com.br\/tag\/nordeste\/\" type=\"post_tag\" id=\"34999\">Nordeste<\/a>.<\/p>\n<p>A ado\u00e7\u00e3o do Pix reflete o dinamismo econ\u00f4mico local e demonstra como a digitaliza\u00e7\u00e3o tem impactado positivamente o cotidiano dos feirenses. Parte disso se deve ao alto poder de consumo, que \u00e9 classificada pelo NexOS como uma regi\u00e3o de \u201cRiqueza Est\u00e1vel\u201d. Com um cr\u00e9dito per capita de R$ 12.623, <a href=\"https:\/\/www.acordacidade.com.br\/feira-de-santana\/\" type=\"category\" id=\"30574\">Feira de Santana<\/a> apresenta condi\u00e7\u00f5es econ\u00f4micas favor\u00e1veis que fomentam o mercado formal, o com\u00e9rcio, os servi\u00e7os e at\u00e9 o setor informal.<\/p>\n<h2 class=\"wp-block-heading\" id=\"h-um-comercio-pulsante-e-digitalizado\">Um com\u00e9rcio pulsante e digitalizado<\/h2>\n<p>A movimenta\u00e7\u00e3o expressiva por Pix \u00e9 sustentada por um com\u00e9rcio forte e diversificado, que atrai consumidores da zona rural e de cidades vizinhas. Muita gente vem da zona rural e de cidades vizinhas s\u00f3 para \u201cfazer a feira do m\u00eas\u201d. Lojas de confec\u00e7\u00e3o, cal\u00e7ados, eletrodom\u00e9sticos e atacadistas movimentam grandes volumes de recursos. Al\u00e9m disso, servi\u00e7os como faculdades e hospitais geram alta circula\u00e7\u00e3o econ\u00f4mica, consolidando Feira de Santana como um dos principais centros financeiros do interior da Bahia.<\/p>\n<p>Outro fator que contribui para a for\u00e7a do Pix na regi\u00e3o \u00e9 a informalidade, um setor que inclui vendedores de cosm\u00e9ticos, motoboys, barbeiros, vendedores ambulantes, que utilizam o Pix como meio de pagamento r\u00e1pido e pr\u00e1tico nas transa\u00e7\u00f5es di\u00e1rias.<\/p>\n<h2 class=\"wp-block-heading\" id=\"h-uma-cidade-estrategicamente-conectada\">Uma cidade estrategicamente conectada<\/h2>\n<p>O volume de recursos movimentados mensalmente destaca Feira de Santana como um hub regional de consumo e presta\u00e7\u00e3o de servi\u00e7os. A cidade atrai n\u00e3o apenas moradores locais, mas tamb\u00e9m um fluxo constante de pessoas de cidades vizinhas e \u00e1reas rurais, que utilizam a infraestrutura local para realizar transa\u00e7\u00f5es financeiras e abastecer suas fam\u00edlias.<\/p>\n<p><strong>Al\u00e9m disso, o NexOS batiza Feira de Santana como Encruzilhada do Sert\u00e3o Vivo. <\/strong>Cidade-feira, ponto de encontro de estradas, caminh\u00f5es e gente do sert\u00e3o inteiro, com a economia pulsando em tr\u00eas frentes: com\u00e9rcio, servi\u00e7os e informalidade.<\/p>\n<h2 class=\"wp-block-heading\" id=\"h-a-midia-que-funciona-em-feira\">A m\u00eddia que funciona em Feira<\/h2>\n<p>O NexOS aponta ainda que Feira de Santana possui um dos ecossistemas de m\u00eddia local mais fortes do Nordeste, e a for\u00e7a desse territ\u00f3rio \u00e9 liderada pelo Acorda Cidade, que h\u00e1 30 anos ocupa as manh\u00e3s da R\u00e1dio Sociedade News 102.1 FM, a emissora mais antiga do interior da Bahia, com 77 anos de hist\u00f3ria. Al\u00e9m do r\u00e1dio, o portal Acorda Cidade registra 50 milh\u00f5es de acessos anuais, consolidando-se como a principal refer\u00eancia di\u00e1ria de informa\u00e7\u00e3o, servi\u00e7o e media\u00e7\u00e3o p\u00fablica.<\/p>\n<p>Outros ve\u00edculos tamb\u00e9m comp\u00f5em esse panorama. A cidade possui oito r\u00e1dios e uma TV. O resultado \u00e9 um fen\u00f4meno local: Feira tem 8,6 pageviews per capita, com grande parte da audi\u00eancia digital concentrada em ve\u00edculos da pr\u00f3pria cidade.<\/p>\n<p><em>Siga o Acorda Cidade no\u00a0<\/em><a href=\"https:\/\/news.google.com\/search?q=acorda%20cidade&amp;hl=pt-BR&amp;gl=BR&amp;ceid=BR%3Apt-419\"><strong><em>Google Not\u00edcias<\/em><\/strong><\/a><em>\u00a0e receba os principais destaques do dia. Participe tamb\u00e9m dos nossos canais no\u00a0<\/em><a href=\"https:\/\/www.whatsapp.com\/channel\/0029Va6Rb4v3WHTNnsh8WI3N\"><strong><em>WhatsApp<\/em><\/strong><\/a><em>\u00a0e\u00a0<\/em><a href=\"https:\/\/www.youtube.com\/@acordacidadenoticias\/videos\"><strong>YouTube<\/strong><\/a><em>\u00a0e grupo de\u00a0<\/em><a href=\"https:\/\/t.me\/+sSz0khrgARA0ZmRh\"><strong><em>Telegram<\/em><\/strong><\/a><em>.<\/em><\/p>\n<\/div>\n","protected":false},"excerpt":{"rendered":"<div>\n<div>\n<figure><img decoding=\"async\" src=\"https:\/\/www.acordacidade.com.br\/wp-content\/uploads\/2026\/01\/Feira-de-Santana-Foto-ACM.jpg\" alt=\"Feira de Santana pix\"><figcaption>Foto: ACM<\/figcaption><\/figure>\n<\/div>\n<p>A ado\u00e7\u00e3o do Pix reflete o dinamismo econ\u00f4mico local e demonstra como a digitaliza\u00e7\u00e3o tem impactado positivamente o cotidiano dos feirenses.<\/p><\/div>\n","protected":false},"author":1,"featured_media":128461,"comment_status":"closed","ping_status":"closed","sticky":false,"template":"","format":"gallery","meta":{"footnotes":""},"categories":[8,9,6,57,56,10],"tags":[],"class_list":["post-128460","post","type-post","status-publish","format-gallery","has-post-thumbnail","hentry","category-bahia","category-brasil","category-feira-de-santana","category-mundo","category-policia","category-politica","post_format-post-format-gallery"],"featured_image_urls":{"full":["https:\/\/noticiasbahia360.com.br\/wp-content\/uploads\/2026\/04\/Feira-de-Santana-Foto-ACM.jpg",1200,800,false],"thumbnail":["https:\/\/noticiasbahia360.com.br\/wp-content\/uploads\/2026\/04\/Feira-de-Santana-Foto-ACM-150x150.jpg",150,150,true],"medium":["https:\/\/noticiasbahia360.com.br\/wp-content\/uploads\/2026\/04\/Feira-de-Santana-Foto-ACM-300x200.jpg",300,200,true],"medium_large":["https:\/\/noticiasbahia360.com.br\/wp-content\/uploads\/2026\/04\/Feira-de-Santana-Foto-ACM-768x512.jpg",640,427,true],"large":["https:\/\/noticiasbahia360.com.br\/wp-content\/uploads\/2026\/04\/Feira-de-Santana-Foto-ACM-1024x683.jpg",640,427,true],"1536x1536":["https:\/\/noticiasbahia360.com.br\/wp-content\/uploads\/2026\/04\/Feira-de-Santana-Foto-ACM.jpg",1200,800,false],"2048x2048":["https:\/\/noticiasbahia360.com.br\/wp-content\/uploads\/2026\/04\/Feira-de-Santana-Foto-ACM.jpg",1200,800,false],"chromenews-featured":["https:\/\/noticiasbahia360.com.br\/wp-content\/uploads\/2026\/04\/Feira-de-Santana-Foto-ACM-1024x683.jpg",1024,683,true],"chromenews-large":["https:\/\/noticiasbahia360.com.br\/wp-content\/uploads\/2026\/04\/Feira-de-Santana-Foto-ACM-825x575.jpg",825,575,true],"chromenews-medium":["https:\/\/noticiasbahia360.com.br\/wp-content\/uploads\/2026\/04\/Feira-de-Santana-Foto-ACM-590x410.jpg",590,410,true]},"author_info":{"display_name":"noticiasbahia360.com.br","author_link":"https:\/\/noticiasbahia360.com.br\/?author=1"},"category_info":"<a href=\"https:\/\/noticiasbahia360.com.br\/?cat=8\" rel=\"category\">Bahia<\/a> <a href=\"https:\/\/noticiasbahia360.com.br\/?cat=9\" rel=\"category\">Brasil<\/a> <a href=\"https:\/\/noticiasbahia360.com.br\/?cat=6\" rel=\"category\">Feira de Santana<\/a> <a href=\"https:\/\/noticiasbahia360.com.br\/?cat=57\" rel=\"category\">Mundo<\/a> <a href=\"https:\/\/noticiasbahia360.com.br\/?cat=56\" rel=\"category\">Pol\u00edcia<\/a> <a href=\"https:\/\/noticiasbahia360.com.br\/?cat=10\" rel=\"category\">Pol\u00edtica<\/a>","tag_info":"Pol\u00edtica","comment_count":"0","_links":{"self":[{"href":"https:\/\/noticiasbahia360.com.br\/index.php?rest_route=\/wp\/v2\/posts\/128460","targetHints":{"allow":["GET"]}}],"collection":[{"href":"https:\/\/noticiasbahia360.com.br\/index.php?rest_route=\/wp\/v2\/posts"}],"about":[{"href":"https:\/\/noticiasbahia360.com.br\/index.php?rest_route=\/wp\/v2\/types\/post"}],"author":[{"embeddable":true,"href":"https:\/\/noticiasbahia360.com.br\/index.php?rest_route=\/wp\/v2\/users\/1"}],"replies":[{"embeddable":true,"href":"https:\/\/noticiasbahia360.com.br\/index.php?rest_route=%2Fwp%2Fv2%2Fcomments&post=128460"}],"version-history":[{"count":0,"href":"https:\/\/noticiasbahia360.com.br\/index.php?rest_route=\/wp\/v2\/posts\/128460\/revisions"}],"wp:featuredmedia":[{"embeddable":true,"href":"https:\/\/noticiasbahia360.com.br\/index.php?rest_route=\/wp\/v2\/media\/128461"}],"wp:attachment":[{"href":"https:\/\/noticiasbahia360.com.br\/index.php?rest_route=%2Fwp%2Fv2%2Fmedia&parent=128460"}],"wp:term":[{"taxonomy":"category","embeddable":true,"href":"https:\/\/noticiasbahia360.com.br\/index.php?rest_route=%2Fwp%2Fv2%2Fcategories&post=128460"},{"taxonomy":"post_tag","embeddable":true,"href":"https:\/\/noticiasbahia360.com.br\/index.php?rest_route=%2Fwp%2Fv2%2Ftags&post=128460"}],"curies":[{"name":"wp","href":"https:\/\/api.w.org\/{rel}","templated":true}]}} 