{"id":128462,"date":"2026-04-27T06:32:16","date_gmt":"2026-04-27T09:32:16","guid":{"rendered":"https:\/\/noticiasbahia360.com.br\/?p=128462"},"modified":"2026-04-27T06:32:16","modified_gmt":"2026-04-27T09:32:16","slug":"vitoria-leva-virada-do-athletico-pr-nos-minutos-finais-e-mantem-jejum-fora-de-casa","status":"publish","type":"post","link":"https:\/\/noticiasbahia360.com.br\/?p=128462","title":{"rendered":"Vit\u00f3ria leva virada do Athletico-PR nos minutos finais e mant\u00e9m jejum fora de casa"},"content":{"rendered":"<div>\n<div>\n<figure><img decoding=\"async\" src=\"http:\/\/noticiasbahia360.com.br\/wp-content\/uploads\/2026\/04\/jogadores-vitoria-foto-Victor-Ferreira-EC-Vitoria.png\" alt=\"Vit\u00f3ria\"><figcaption>Foto: Victor Ferreira\/EC Vit\u00f3ria<\/figcaption><\/figure>\n<\/div>\n<p>Athletico Paranaense e Vit\u00f3ria se enfrentaram na noite do domingo (26), na Arena da Baixada, em Curitiba, pela d\u00e9cima terceira rodada do Campeonato Brasileiro. Em um duelo de rubro-negros, os donos da casa sa\u00edram com a vantagem por 3 a 1. <\/p>\n<p>Ren\u00ea abriu o placar para o Le\u00e3o, mas ainda no primeiro tempo, Viveros, que \u00e9 aniversariante do dia, empatou de p\u00eanalti. No final da segunda etapa, o atacante do Furac\u00e3o virou o jogo para o CAP, que ainda ampliou com Luiz Gustavo nos acr\u00e9scimos.<\/p>\n<p>Com o resultado negativo, o Rubro-Negro Baiano seguir\u00e1 na saga em busca da primeira vit\u00f3ria fora de casa pelo Campeonato Brasileiro. Ao mesmo tempo, o Le\u00e3o perdeu uma sequ\u00eancia de tr\u00eas\u00a0partidas sem derrotas no Brasileir\u00e3o, sendo dois\u00a0empates e uma vit\u00f3ria no retrospecto recente.<\/p>\n<p>Sendo assim, o Le\u00e3o cai para a\u00a013\u00aa posi\u00e7\u00e3o da S\u00e9rie A, com os mesmos 15\u00a0pontos. Por outro lado, o Athletico passa a ser o quinto colocado, somando 22\u00a0pontos. O Furac\u00e3o \u00e9 uma das equipes que jogaram todas as treze\u00a0partidas at\u00e9 a realiza\u00e7\u00e3o da 13\u00aa rodada do Brasileir\u00e3o, o que n\u00e3o \u00e9 o caso do Vit\u00f3ria, que ainda tem um jogo a menos, por n\u00e3o ter pego o Botafogo na rodada 4.<\/p>\n<p>Agora o time comandado por Jair Ventura direciona suas aten\u00e7\u00f5es para a quinta e \u00faltima rodada da Copa do Nordeste. Na pr\u00f3xima quarta-feira (29), o Vit\u00f3ria enfrenta o Confian\u00e7a, no Est\u00e1dio Lourival Baptista, em Aracaju, \u00e0s 21h30.<\/p>\n<p><em>Fonte: <a href=\"https:\/\/www.bahianoticias.com.br\/esportes\/vitoria\/30971-em-jogo-movimentado-o-vitoria-sofre-virada-para-athletico-pr-nos-acrescimos-e-segue-sem-vencer-fora-de-casa-na-serie-a\">Bahia Not\u00edcias<\/a>, parceiro do Acorda Cidade <\/em><\/p>\n<p><em>Siga o Acorda Cidade no\u00a0<\/em><a href=\"https:\/\/news.google.com\/search?q=acorda%20cidade&amp;hl=pt-BR&amp;gl=BR&amp;ceid=BR%3Apt-419\"><strong><em>Google Not\u00edcias<\/em><\/strong><\/a><em>\u00a0e receba os principais destaques do dia. Participe tamb\u00e9m dos nossos canais no\u00a0<\/em><a href=\"https:\/\/www.whatsapp.com\/channel\/0029Va6Rb4v3WHTNnsh8WI3N\"><strong><em>WhatsApp<\/em><\/strong><\/a><em>\u00a0e\u00a0<\/em><a href=\"https:\/\/www.youtube.com\/@acordacidadenoticias\/videos\"><strong>YouTube<\/strong><\/a><em>\u00a0e grupo de\u00a0<\/em><a href=\"https:\/\/t.me\/+sSz0khrgARA0ZmRh\"><strong><em>Telegram<\/em><\/strong><\/a><em>.<\/em><\/p>\n<\/div>\n","protected":false},"excerpt":{"rendered":"<div>\n<div>\n<figure><img decoding=\"async\" src=\"https:\/\/uploads.acordacidade.com.br\/2026\/04\/jogadores-vitoria-foto-Victor-Ferreira-EC-Vitoria.png\" alt=\"Vit\u00f3ria\"><figcaption>Foto: Victor Ferreira\/EC Vit\u00f3ria<\/figcaption><\/figure>\n<\/div>\n<p>Ren\u00ea abriu o placar para o Le\u00e3o, mas ainda no primeiro tempo, Viveros, que \u00e9 aniversariante do dia, empatou de p\u00eanalti.<\/p><\/div>\n","protected":false},"author":1,"featured_media":128463,"comment_status":"closed","ping_status":"closed","sticky":false,"template":"","format":"gallery","meta":{"footnotes":""},"categories":[8,9,6,57,56,10],"tags":[],"class_list":["post-128462","post","type-post","status-publish","format-gallery","has-post-thumbnail","hentry","category-bahia","category-brasil","category-feira-de-santana","category-mundo","category-policia","category-politica","post_format-post-format-gallery"],"featured_image_urls":{"full":["https:\/\/noticiasbahia360.com.br\/wp-content\/uploads\/2026\/04\/jogadores-vitoria-foto-Victor-Ferreira-EC-Vitoria.png",1200,630,false],"thumbnail":["https:\/\/noticiasbahia360.com.br\/wp-content\/uploads\/2026\/04\/jogadores-vitoria-foto-Victor-Ferreira-EC-Vitoria-150x150.png",150,150,true],"medium":["https:\/\/noticiasbahia360.com.br\/wp-content\/uploads\/2026\/04\/jogadores-vitoria-foto-Victor-Ferreira-EC-Vitoria-300x158.png",300,158,true],"medium_large":["https:\/\/noticiasbahia360.com.br\/wp-content\/uploads\/2026\/04\/jogadores-vitoria-foto-Victor-Ferreira-EC-Vitoria-768x403.png",640,336,true],"large":["https:\/\/noticiasbahia360.com.br\/wp-content\/uploads\/2026\/04\/jogadores-vitoria-foto-Victor-Ferreira-EC-Vitoria-1024x538.png",640,336,true],"1536x1536":["https:\/\/noticiasbahia360.com.br\/wp-content\/uploads\/2026\/04\/jogadores-vitoria-foto-Victor-Ferreira-EC-Vitoria.png",1200,630,false],"2048x2048":["https:\/\/noticiasbahia360.com.br\/wp-content\/uploads\/2026\/04\/jogadores-vitoria-foto-Victor-Ferreira-EC-Vitoria.png",1200,630,false],"chromenews-featured":["https:\/\/noticiasbahia360.com.br\/wp-content\/uploads\/2026\/04\/jogadores-vitoria-foto-Victor-Ferreira-EC-Vitoria-1024x538.png",1024,538,true],"chromenews-large":["https:\/\/noticiasbahia360.com.br\/wp-content\/uploads\/2026\/04\/jogadores-vitoria-foto-Victor-Ferreira-EC-Vitoria-825x575.png",825,575,true],"chromenews-medium":["https:\/\/noticiasbahia360.com.br\/wp-content\/uploads\/2026\/04\/jogadores-vitoria-foto-Victor-Ferreira-EC-Vitoria-590x410.png",590,410,true]},"author_info":{"display_name":"noticiasbahia360.com.br","author_link":"https:\/\/noticiasbahia360.com.br\/?author=1"},"category_info":"<a href=\"https:\/\/noticiasbahia360.com.br\/?cat=8\" rel=\"category\">Bahia<\/a> <a href=\"https:\/\/noticiasbahia360.com.br\/?cat=9\" rel=\"category\">Brasil<\/a> <a href=\"https:\/\/noticiasbahia360.com.br\/?cat=6\" rel=\"category\">Feira de Santana<\/a> <a href=\"https:\/\/noticiasbahia360.com.br\/?cat=57\" rel=\"category\">Mundo<\/a> <a href=\"https:\/\/noticiasbahia360.com.br\/?cat=56\" rel=\"category\">Pol\u00edcia<\/a> <a href=\"https:\/\/noticiasbahia360.com.br\/?cat=10\" rel=\"category\">Pol\u00edtica<\/a>","tag_info":"Pol\u00edtica","comment_count":"0","_links":{"self":[{"href":"https:\/\/noticiasbahia360.com.br\/index.php?rest_route=\/wp\/v2\/posts\/128462","targetHints":{"allow":["GET"]}}],"collection":[{"href":"https:\/\/noticiasbahia360.com.br\/index.php?rest_route=\/wp\/v2\/posts"}],"about":[{"href":"https:\/\/noticiasbahia360.com.br\/index.php?rest_route=\/wp\/v2\/types\/post"}],"author":[{"embeddable":true,"href":"https:\/\/noticiasbahia360.com.br\/index.php?rest_route=\/wp\/v2\/users\/1"}],"replies":[{"embeddable":true,"href":"https:\/\/noticiasbahia360.com.br\/index.php?rest_route=%2Fwp%2Fv2%2Fcomments&post=128462"}],"version-history":[{"count":0,"href":"https:\/\/noticiasbahia360.com.br\/index.php?rest_route=\/wp\/v2\/posts\/128462\/revisions"}],"wp:featuredmedia":[{"embeddable":true,"href":"https:\/\/noticiasbahia360.com.br\/index.php?rest_route=\/wp\/v2\/media\/128463"}],"wp:attachment":[{"href":"https:\/\/noticiasbahia360.com.br\/index.php?rest_route=%2Fwp%2Fv2%2Fmedia&parent=128462"}],"wp:term":[{"taxonomy":"category","embeddable":true,"href":"https:\/\/noticiasbahia360.com.br\/index.php?rest_route=%2Fwp%2Fv2%2Fcategories&post=128462"},{"taxonomy":"post_tag","embeddable":true,"href":"https:\/\/noticiasbahia360.com.br\/index.php?rest_route=%2Fwp%2Fv2%2Ftags&post=128462"}],"curies":[{"name":"wp","href":"https:\/\/api.w.org\/{rel}","templated":true}]}}