{"id":128464,"date":"2026-04-27T06:41:22","date_gmt":"2026-04-27T09:41:22","guid":{"rendered":"https:\/\/noticiasbahia360.com.br\/?p=128464"},"modified":"2026-04-27T06:41:22","modified_gmt":"2026-04-27T09:41:22","slug":"trabalhador-morre-em-montagem-de-palco-para-apresentacao-de-shakira-no-rio-de-janeiro","status":"publish","type":"post","link":"https:\/\/noticiasbahia360.com.br\/?p=128464","title":{"rendered":"Trabalhador morre em montagem de palco para apresenta\u00e7\u00e3o de Shakira no Rio de Janeiro"},"content":{"rendered":"<div>\n<div>\n<figure><img decoding=\"async\" src=\"http:\/\/noticiasbahia360.com.br\/wp-content\/uploads\/2026\/04\/montagem-do-placo-show-apresentacao-de-Shakira-no-Rio-de-Janeiro-foto-divulgacao-.png\" alt=\"Shakira\"><figcaption>Fotos: Reprodu\u00e7\u00e3o \/ X<\/figcaption><\/figure>\n<\/div>\n<p>Um trabalhador morreu na tarde deste domingo (26) durante a montagem do palco do show da cantora Shakira, na Praia de Copacabana, na Zona Sul do Rio de Janeiro. A\u00a0apresenta\u00e7\u00e3o gratuita est\u00e1 marcada para o pr\u00f3ximo s\u00e1bado (2)\u00a0e faz parte do evento \u201cTodo Mundo no Rio\u201d, que leva shows internacionais ao local.<\/p>\n<p>A v\u00edtima foi identificada como Gabriel de Jesus Firmino, de 28 anos, serralheiro e funcion\u00e1rio da empresa MG Coutinho Servi\u00e7os Cenogr\u00e1ficos. Ele ficou imprensado entre dois elevadores pr\u00f3ximos \u00e0 estrutura do palco. Gabriel foi socorrido por integrantes da brigada de inc\u00eandio e levado para o Hospital Municipal Miguel Couto, na G\u00e1vea, mas n\u00e3o resistiu aos ferimentos.<\/p>\n<p>Segundo informa\u00e7\u00f5es registradas na delegacia, o trabalhador era respons\u00e1vel pela montagem de quatro elevadores no momento do acidente. O caso foi registrado na 12\u00aa DP (Copacabana) como \u201cles\u00e3o corporal culposa em decorr\u00eancia de acidente de trabalho\u201d.<\/p>\n<p>O Corpo de Bombeiros Militar do Estado do Rio de Janeiro informou que foi acionado para a ocorr\u00eancia nas areias de Copacabana. Em nota, a corpora\u00e7\u00e3o afirmou que o \u201ctrabalhador sofreu esmagamento de membros inferiores em um sistema de eleva\u00e7\u00e3o\u201d e que, antes da chegada das equipes, \u201ca v\u00edtima j\u00e1 havia sido retirada do equipamento por outros funcion\u00e1rios presentes\u201d.<\/p>\n<p>Ainda segundo os bombeiros, militares do 3\u00ba Grupamento Mar\u00edtimo (GMAR-Copacabana) iniciaram o atendimento pr\u00e9-hospitalar e encaminharam o trabalhador para a unidade de sa\u00fade, \u201conde, apesar dos esfor\u00e7os das equipes de socorro, o \u00f3bito foi constatado\u201d.<\/p>\n<p>A empresa Bonustrack, organizadora do evento, tamb\u00e9m se manifestou e lamentou o ocorrido. \u201cA organiza\u00e7\u00e3o do evento confirma que um acidente na tarde deste domingo (26\/04) lamentavelmente vitimou um profissional que atuava na montagem das estruturas para o show. [\u2026] Neste momento, estamos prestando todo apoio, acolhimento e solidariedade \u00e0 empresa respons\u00e1vel, sua equipe e aos familiares da v\u00edtima\u201d, informou em nota.<\/p>\n<p><em>Fonte: <a href=\"https:\/\/www.bahianoticias.com.br\/noticia\/316183-trabalhador-morre-durante-montagem-de-palco-para-show-de-shakira-no-rio-de-janeiro\">Bahia Not\u00edcias<\/a>, parceiro do Acorda Cidade <\/em><\/p>\n<p><em>Siga o Acorda Cidade no\u00a0<\/em><a href=\"https:\/\/news.google.com\/search?q=acorda%20cidade&amp;hl=pt-BR&amp;gl=BR&amp;ceid=BR%3Apt-419\"><strong><em>Google Not\u00edcias<\/em><\/strong><\/a><em>\u00a0e receba os principais destaques do dia. Participe tamb\u00e9m dos nossos canais no\u00a0<\/em><a href=\"https:\/\/www.whatsapp.com\/channel\/0029Va6Rb4v3WHTNnsh8WI3N\"><strong><em>WhatsApp<\/em><\/strong><\/a><em>\u00a0e\u00a0<\/em><a href=\"https:\/\/www.youtube.com\/@acordacidadenoticias\/videos\"><strong>YouTube<\/strong><\/a><em>\u00a0e grupo de\u00a0<\/em><a href=\"https:\/\/t.me\/+sSz0khrgARA0ZmRh\"><strong><em>Telegram<\/em><\/strong><\/a><em>.<\/em><\/p>\n<\/div>\n","protected":false},"excerpt":{"rendered":"<div>\n<div>\n<figure><img decoding=\"async\" src=\"https:\/\/uploads.acordacidade.com.br\/2026\/04\/montagem-do-placo-show-apresentacao-de-Shakira-no-Rio-de-Janeiro-foto-divulgacao-.png\" alt=\"Shakira\"><figcaption>Fotos: Reprodu\u00e7\u00e3o \/ X<\/figcaption><\/figure>\n<\/div>\n<p>A\u00a0apresenta\u00e7\u00e3o gratuita est\u00e1 marcada para o pr\u00f3ximo s\u00e1bado (2)\u00a0e faz parte do evento \u201cTodo Mundo no Rio\u201d, que leva shows internacionais ao local.<\/p><\/div>\n","protected":false},"author":1,"featured_media":128465,"comment_status":"closed","ping_status":"closed","sticky":false,"template":"","format":"gallery","meta":{"footnotes":""},"categories":[8,9,6,57,56,10],"tags":[],"class_list":["post-128464","post","type-post","status-publish","format-gallery","has-post-thumbnail","hentry","category-bahia","category-brasil","category-feira-de-santana","category-mundo","category-policia","category-politica","post_format-post-format-gallery"],"featured_image_urls":{"full":["https:\/\/noticiasbahia360.com.br\/wp-content\/uploads\/2026\/04\/montagem-do-placo-show-apresentacao-de-Shakira-no-Rio-de-Janeiro-foto-divulgacao-.png",1200,630,false],"thumbnail":["https:\/\/noticiasbahia360.com.br\/wp-content\/uploads\/2026\/04\/montagem-do-placo-show-apresentacao-de-Shakira-no-Rio-de-Janeiro-foto-divulgacao--150x150.png",150,150,true],"medium":["https:\/\/noticiasbahia360.com.br\/wp-content\/uploads\/2026\/04\/montagem-do-placo-show-apresentacao-de-Shakira-no-Rio-de-Janeiro-foto-divulgacao--300x158.png",300,158,true],"medium_large":["https:\/\/noticiasbahia360.com.br\/wp-content\/uploads\/2026\/04\/montagem-do-placo-show-apresentacao-de-Shakira-no-Rio-de-Janeiro-foto-divulgacao--768x403.png",640,336,true],"large":["https:\/\/noticiasbahia360.com.br\/wp-content\/uploads\/2026\/04\/montagem-do-placo-show-apresentacao-de-Shakira-no-Rio-de-Janeiro-foto-divulgacao--1024x538.png",640,336,true],"1536x1536":["https:\/\/noticiasbahia360.com.br\/wp-content\/uploads\/2026\/04\/montagem-do-placo-show-apresentacao-de-Shakira-no-Rio-de-Janeiro-foto-divulgacao-.png",1200,630,false],"2048x2048":["https:\/\/noticiasbahia360.com.br\/wp-content\/uploads\/2026\/04\/montagem-do-placo-show-apresentacao-de-Shakira-no-Rio-de-Janeiro-foto-divulgacao-.png",1200,630,false],"chromenews-featured":["https:\/\/noticiasbahia360.com.br\/wp-content\/uploads\/2026\/04\/montagem-do-placo-show-apresentacao-de-Shakira-no-Rio-de-Janeiro-foto-divulgacao--1024x538.png",1024,538,true],"chromenews-large":["https:\/\/noticiasbahia360.com.br\/wp-content\/uploads\/2026\/04\/montagem-do-placo-show-apresentacao-de-Shakira-no-Rio-de-Janeiro-foto-divulgacao--825x575.png",825,575,true],"chromenews-medium":["https:\/\/noticiasbahia360.com.br\/wp-content\/uploads\/2026\/04\/montagem-do-placo-show-apresentacao-de-Shakira-no-Rio-de-Janeiro-foto-divulgacao--590x410.png",590,410,true]},"author_info":{"display_name":"noticiasbahia360.com.br","author_link":"https:\/\/noticiasbahia360.com.br\/?author=1"},"category_info":"<a href=\"https:\/\/noticiasbahia360.com.br\/?cat=8\" rel=\"category\">Bahia<\/a> <a href=\"https:\/\/noticiasbahia360.com.br\/?cat=9\" rel=\"category\">Brasil<\/a> <a href=\"https:\/\/noticiasbahia360.com.br\/?cat=6\" rel=\"category\">Feira de Santana<\/a> <a href=\"https:\/\/noticiasbahia360.com.br\/?cat=57\" rel=\"category\">Mundo<\/a> <a href=\"https:\/\/noticiasbahia360.com.br\/?cat=56\" rel=\"category\">Pol\u00edcia<\/a> <a href=\"https:\/\/noticiasbahia360.com.br\/?cat=10\" rel=\"category\">Pol\u00edtica<\/a>","tag_info":"Pol\u00edtica","comment_count":"0","_links":{"self":[{"href":"https:\/\/noticiasbahia360.com.br\/index.php?rest_route=\/wp\/v2\/posts\/128464","targetHints":{"allow":["GET"]}}],"collection":[{"href":"https:\/\/noticiasbahia360.com.br\/index.php?rest_route=\/wp\/v2\/posts"}],"about":[{"href":"https:\/\/noticiasbahia360.com.br\/index.php?rest_route=\/wp\/v2\/types\/post"}],"author":[{"embeddable":true,"href":"https:\/\/noticiasbahia360.com.br\/index.php?rest_route=\/wp\/v2\/users\/1"}],"replies":[{"embeddable":true,"href":"https:\/\/noticiasbahia360.com.br\/index.php?rest_route=%2Fwp%2Fv2%2Fcomments&post=128464"}],"version-history":[{"count":0,"href":"https:\/\/noticiasbahia360.com.br\/index.php?rest_route=\/wp\/v2\/posts\/128464\/revisions"}],"wp:featuredmedia":[{"embeddable":true,"href":"https:\/\/noticiasbahia360.com.br\/index.php?rest_route=\/wp\/v2\/media\/128465"}],"wp:attachment":[{"href":"https:\/\/noticiasbahia360.com.br\/index.php?rest_route=%2Fwp%2Fv2%2Fmedia&parent=128464"}],"wp:term":[{"taxonomy":"category","embeddable":true,"href":"https:\/\/noticiasbahia360.com.br\/index.php?rest_route=%2Fwp%2Fv2%2Fcategories&post=128464"},{"taxonomy":"post_tag","embeddable":true,"href":"https:\/\/noticiasbahia360.com.br\/index.php?rest_route=%2Fwp%2Fv2%2Ftags&post=128464"}],"curies":[{"name":"wp","href":"https:\/\/api.w.org\/{rel}","templated":true}]}}