{"id":128468,"date":"2026-04-27T07:00:29","date_gmt":"2026-04-27T10:00:29","guid":{"rendered":"https:\/\/noticiasbahia360.com.br\/?p=128468"},"modified":"2026-04-27T07:00:29","modified_gmt":"2026-04-27T10:00:29","slug":"palmeiras-vence-bragantino-e-mantem-lideranca-no-brasileirao","status":"publish","type":"post","link":"https:\/\/noticiasbahia360.com.br\/?p=128468","title":{"rendered":"Palmeiras vence Bragantino e mant\u00e9m lideran\u00e7a no Brasileir\u00e3o"},"content":{"rendered":"<div>\n<div>\n<figure><img decoding=\"async\" src=\"http:\/\/noticiasbahia360.com.br\/wp-content\/uploads\/2026\/04\/jogadores-do-Palmeiras-foto-Cesar-Greco-Palmeiras.png\" alt=\"Palmeiras\"><figcaption>Foto: Cesar Greco\/Palmeiras<\/figcaption><\/figure>\n<\/div>\n<p>O Palmeiras mostrou efici\u00eancia para derrotar o Bragantino por 1 a 0, na noite de domingo (26) no Est\u00e1dio Municipal C\u00edcero de Souza Marques, em Bragan\u00e7a Paulista, para permanecer na lideran\u00e7a isolada do Campeonato Brasileiro.<\/p>\n<p>Gra\u00e7as aos tr\u00eas pontos somados fora de casa, o Verd\u00e3o chegou aos 32 pontos na 13\u00aa rodada da competi\u00e7\u00e3o. J\u00e1 para o Massa Bruta o rev\u00e9s representou permanecer com 17 pontos, na 9\u00aa coloca\u00e7\u00e3o da classifica\u00e7\u00e3o.<\/p>\n<p>Em um confronto muito parelho, a vit\u00f3ria da equipe comandada pelo t\u00e9cnico portugu\u00eas Abel Ferreira foi garantida gra\u00e7as a gol do argentino Flaco L\u00f3pez aos 20 minutos do primeiro tempo ap\u00f3s jogada de muita ra\u00e7a do atacante paraguaio Ram\u00f3n Sosa.<\/p>\n<p>J\u00e1 a vice-lideran\u00e7a do Brasileiro continua sendo ocupada pelo Flamengo, que, atuando em Belo Horizonte, superou o Atl\u00e9tico-MG por 4 a 0 com gols de Arrascaeta, Plata e Pedro (dois). Com o resultado o\u00a0Rubro-Negro alcan\u00e7ou os 26 pontos. Com o rev\u00e9s em casa, o Galo fica na 15\u00aa posi\u00e7\u00e3o com 14 pontos.<\/p>\n<p>Com a mesma pontua\u00e7\u00e3o, mas ocupando a terceira coloca\u00e7\u00e3o, o Fluminense superou a lanterna Chapecoense por 2 a 1 no est\u00e1dio do Maracan\u00e3 gra\u00e7as ao faro de gol do atacante John Kennedy. O Tricolor das Laranjeiras abriu o placar com Savarino em cobran\u00e7a de p\u00eanalti, mas a Chape igualou com um belo chute de longa dist\u00e2ncia de \u00canio. E quando tudo indicava que o confronto terminaria em igualdade, o camisa nove do Flu decidiu a partida.<\/p>\n<h2 class=\"wp-block-heading\" id=\"h-outros-resultados\">Outros resultados:<\/h2>\n<p>Corinthians 1 x 0 Vasco<br \/>Gr\u00eamio 1 x 0 Coritiba<br \/>Athletico-PR 3 x 1 Vit\u00f3ria<\/p>\n<p><em>Siga o Acorda Cidade no\u00a0<\/em><a href=\"https:\/\/news.google.com\/search?q=acorda%20cidade&amp;hl=pt-BR&amp;gl=BR&amp;ceid=BR%3Apt-419\"><strong><em>Google Not\u00edcias<\/em><\/strong><\/a><em>\u00a0e receba os principais destaques do dia. Participe tamb\u00e9m dos nossos canais no\u00a0<\/em><a href=\"https:\/\/www.whatsapp.com\/channel\/0029Va6Rb4v3WHTNnsh8WI3N\"><strong><em>WhatsApp<\/em><\/strong><\/a><em>\u00a0e\u00a0<\/em><a href=\"https:\/\/www.youtube.com\/@acordacidadenoticias\/videos\"><strong>YouTube<\/strong><\/a><em>\u00a0e grupo de\u00a0<\/em><a href=\"https:\/\/t.me\/+sSz0khrgARA0ZmRh\"><strong><em>Telegram<\/em><\/strong><\/a><em>.<\/em><\/p>\n<figure class=\"wp-block-image\"><img decoding=\"async\" src=\"https:\/\/agenciabrasil.ebc.com.br\/ebc.png?id=1687352&amp;o=node\" alt=\"\"><\/figure>\n<figure class=\"wp-block-image\"><img decoding=\"async\" src=\"https:\/\/agenciabrasil.ebc.com.br\/ebc.gif?id=1687352&amp;o=node\" alt=\"\"><\/figure>\n<\/div>\n","protected":false},"excerpt":{"rendered":"<div>\n<div>\n<figure><img decoding=\"async\" src=\"https:\/\/uploads.acordacidade.com.br\/2026\/04\/jogadores-do-Palmeiras-foto-Cesar-Greco-Palmeiras.png\" alt=\"Palmeiras\"><figcaption>Foto: Cesar Greco\/Palmeiras<\/figcaption><\/figure>\n<\/div>\n<p>Gra\u00e7as aos tr\u00eas pontos somados fora de casa, o Verd\u00e3o chegou aos 32 pontos na 13\u00aa rodada da competi\u00e7\u00e3o.<\/p><\/div>\n","protected":false},"author":1,"featured_media":128469,"comment_status":"closed","ping_status":"closed","sticky":false,"template":"","format":"gallery","meta":{"footnotes":""},"categories":[8,9,6,57,56,10],"tags":[],"class_list":["post-128468","post","type-post","status-publish","format-gallery","has-post-thumbnail","hentry","category-bahia","category-brasil","category-feira-de-santana","category-mundo","category-policia","category-politica","post_format-post-format-gallery"],"featured_image_urls":{"full":["https:\/\/noticiasbahia360.com.br\/wp-content\/uploads\/2026\/04\/jogadores-do-Palmeiras-foto-Cesar-Greco-Palmeiras.png",1200,718,false],"thumbnail":["https:\/\/noticiasbahia360.com.br\/wp-content\/uploads\/2026\/04\/jogadores-do-Palmeiras-foto-Cesar-Greco-Palmeiras-150x150.png",150,150,true],"medium":["https:\/\/noticiasbahia360.com.br\/wp-content\/uploads\/2026\/04\/jogadores-do-Palmeiras-foto-Cesar-Greco-Palmeiras-300x180.png",300,180,true],"medium_large":["https:\/\/noticiasbahia360.com.br\/wp-content\/uploads\/2026\/04\/jogadores-do-Palmeiras-foto-Cesar-Greco-Palmeiras-768x460.png",640,383,true],"large":["https:\/\/noticiasbahia360.com.br\/wp-content\/uploads\/2026\/04\/jogadores-do-Palmeiras-foto-Cesar-Greco-Palmeiras-1024x613.png",640,383,true],"1536x1536":["https:\/\/noticiasbahia360.com.br\/wp-content\/uploads\/2026\/04\/jogadores-do-Palmeiras-foto-Cesar-Greco-Palmeiras.png",1200,718,false],"2048x2048":["https:\/\/noticiasbahia360.com.br\/wp-content\/uploads\/2026\/04\/jogadores-do-Palmeiras-foto-Cesar-Greco-Palmeiras.png",1200,718,false],"chromenews-featured":["https:\/\/noticiasbahia360.com.br\/wp-content\/uploads\/2026\/04\/jogadores-do-Palmeiras-foto-Cesar-Greco-Palmeiras-1024x613.png",1024,613,true],"chromenews-large":["https:\/\/noticiasbahia360.com.br\/wp-content\/uploads\/2026\/04\/jogadores-do-Palmeiras-foto-Cesar-Greco-Palmeiras-825x575.png",825,575,true],"chromenews-medium":["https:\/\/noticiasbahia360.com.br\/wp-content\/uploads\/2026\/04\/jogadores-do-Palmeiras-foto-Cesar-Greco-Palmeiras-590x410.png",590,410,true]},"author_info":{"display_name":"noticiasbahia360.com.br","author_link":"https:\/\/noticiasbahia360.com.br\/?author=1"},"category_info":"<a href=\"https:\/\/noticiasbahia360.com.br\/?cat=8\" rel=\"category\">Bahia<\/a> <a href=\"https:\/\/noticiasbahia360.com.br\/?cat=9\" rel=\"category\">Brasil<\/a> <a href=\"https:\/\/noticiasbahia360.com.br\/?cat=6\" rel=\"category\">Feira de Santana<\/a> <a href=\"https:\/\/noticiasbahia360.com.br\/?cat=57\" rel=\"category\">Mundo<\/a> <a href=\"https:\/\/noticiasbahia360.com.br\/?cat=56\" rel=\"category\">Pol\u00edcia<\/a> <a href=\"https:\/\/noticiasbahia360.com.br\/?cat=10\" rel=\"category\">Pol\u00edtica<\/a>","tag_info":"Pol\u00edtica","comment_count":"0","_links":{"self":[{"href":"https:\/\/noticiasbahia360.com.br\/index.php?rest_route=\/wp\/v2\/posts\/128468","targetHints":{"allow":["GET"]}}],"collection":[{"href":"https:\/\/noticiasbahia360.com.br\/index.php?rest_route=\/wp\/v2\/posts"}],"about":[{"href":"https:\/\/noticiasbahia360.com.br\/index.php?rest_route=\/wp\/v2\/types\/post"}],"author":[{"embeddable":true,"href":"https:\/\/noticiasbahia360.com.br\/index.php?rest_route=\/wp\/v2\/users\/1"}],"replies":[{"embeddable":true,"href":"https:\/\/noticiasbahia360.com.br\/index.php?rest_route=%2Fwp%2Fv2%2Fcomments&post=128468"}],"version-history":[{"count":0,"href":"https:\/\/noticiasbahia360.com.br\/index.php?rest_route=\/wp\/v2\/posts\/128468\/revisions"}],"wp:featuredmedia":[{"embeddable":true,"href":"https:\/\/noticiasbahia360.com.br\/index.php?rest_route=\/wp\/v2\/media\/128469"}],"wp:attachment":[{"href":"https:\/\/noticiasbahia360.com.br\/index.php?rest_route=%2Fwp%2Fv2%2Fmedia&parent=128468"}],"wp:term":[{"taxonomy":"category","embeddable":true,"href":"https:\/\/noticiasbahia360.com.br\/index.php?rest_route=%2Fwp%2Fv2%2Fcategories&post=128468"},{"taxonomy":"post_tag","embeddable":true,"href":"https:\/\/noticiasbahia360.com.br\/index.php?rest_route=%2Fwp%2Fv2%2Ftags&post=128468"}],"curies":[{"name":"wp","href":"https:\/\/api.w.org\/{rel}","templated":true}]}} 